{"id":666368,"date":"2026-01-15T22:51:10","date_gmt":"2026-01-15T22:51:10","guid":{"rendered":"https:\/\/www.europesays.com\/fr\/666368\/"},"modified":"2026-01-15T22:51:10","modified_gmt":"2026-01-15T22:51:10","slug":"ce-joueur-du-rc-toulon-qui-joue-trop-est-ce-quil-est-surutilise-je-pense-que-oui-mais-on-na-pas-trop-le-choix","status":"publish","type":"post","link":"https:\/\/www.europesays.com\/fr\/666368\/","title":{"rendered":"Ce joueur du RC Toulon qui joue trop : \u00ab Est-ce qu\u2019il est surutilis\u00e9 ? Je pense que oui mais on n\u2019a pas trop le choix \u00bb"},"content":{"rendered":"<p>Le manager du Rugby Club Toulonnais, Pierre Mignoni s\u2019est pr\u00e9sent\u00e9 en conf\u00e9rence de presse, ce jeudi midi, pour \u00e9voquer le match \u00e0 venir contre les Anglais de Gloucester, samedi soir, dans le cadre de la 4\u00e8me journ\u00e9e de la Champions Cup.<\/p>\n<p>Au cours de cette conf\u00e9rence de presse, le technicien du RCT a \u00e9t\u00e9 questionn\u00e9 sur le jeune Mathis Fert\u00e9.<\/p>\n<p><strong>Pierre Mignoni explique notamment pourquoi il souhaitait absolument recruter ce joueur. Extrait:<\/strong><\/p>\n<p>\u00ab\u00a0Mathis Fert\u00e9 ? C\u2019est un recrutement que je voulais absolument car il peut jouer de partout. On ne va pas r\u00e9p\u00e9ter ses qualit\u00e9s. Mais il faut faire attention car il joue un peu trop peut-\u00eatre. Cela ne lui plait pas quand je dis \u00e7a car il est jeune, il a 21 ans, il est plein de gaz, il veut toujours tout jouer. Il est insaisissable. Mais \u00e0 la fois, les saisons sont longues. On a des contraintes par des blessures aussi m\u00eame si Gabin Villi\u00e8re va revenir. Il est utilis\u00e9 aussi gr\u00e2ce \u00e0 ses performances.\u00a0\u00bb<\/p>\n<p><strong>Dans la foul\u00e9e, Pierre Mignoni confirme que Mathis Fert\u00e9 est certainement trop utilis\u00e9 depuis le d\u00e9but de la saison, mais il pr\u00e9cise que le RCT n\u2019a pas le choix en raison des blessures. Extrait:<\/strong><\/p>\n<p>\u00ab\u00a0Est-ce qu\u2019il est surutilis\u00e9 ? Je pense que oui mais on n\u2019a pas trop le choix et il est jeune. Il s\u2019accroche. Il sait ce qu\u2019il veut, il a le regard clair.\u00a0\u00bb<\/p>\n<p><strong>Pour conclure, le manager du RCT \u00e9voque un joueur diff\u00e9rent des jeunes de son \u00e2ge. Extrait:<\/strong><\/p>\n<p>\u00ab\u00a0Il vit \u00e0 la campagne, \u00e0 c\u00f4t\u00e9 de chez nous. Il est un peu diff\u00e9rent des jeunes de 21 ans d\u2019aujourd\u2019hui qui peuvent para\u00eetre un peu plus acc\u00e8s sur la ville. Lui c\u2019est un campagnard, il est besogneux. Vous le voyez tr\u00e8s dynamique \u00e0 marquer des essais, \u00e0 faire de bons matches. Mais il est capable de ferrailler malgr\u00e9 son petit gabarit. On peut lui reprocher ce qu\u2019on veut mais il est l\u00e0. C\u2019est bien pour nous.\u00a0\u00bb<\/p>\n","protected":false},"excerpt":{"rendered":"Le manager du Rugby Club Toulonnais, Pierre Mignoni s\u2019est pr\u00e9sent\u00e9 en conf\u00e9rence de presse, ce jeudi midi, pour&hellip;\n","protected":false},"author":2,"featured_media":653791,"comment_status":"","ping_status":"","sticky":false,"template":"","format":"standard","meta":{"footnotes":""},"categories":[9619],"tags":[1111,11,1777,674,1011,27,12,882,25,2310],"class_list":{"0":"post-666368","1":"post","2":"type-post","3":"status-publish","4":"format-standard","5":"has-post-thumbnail","7":"category-toulon","8":"tag-actu","9":"tag-actualites","10":"tag-eu","11":"tag-europe","12":"tag-fr","13":"tag-france","14":"tag-news","15":"tag-provence-alpes-cote-dazur","16":"tag-republique-francaise","17":"tag-toulon"},"share_on_mastodon":{"url":"https:\/\/pubeurope.com\/@fr\/115901568341709312","error":""},"_links":{"self":[{"href":"https:\/\/www.europesays.com\/fr\/wp-json\/wp\/v2\/posts\/666368","targetHints":{"allow":["GET"]}}],"collection":[{"href":"https:\/\/www.europesays.com\/fr\/wp-json\/wp\/v2\/posts"}],"about":[{"href":"https:\/\/www.europesays.com\/fr\/wp-json\/wp\/v2\/types\/post"}],"author":[{"embeddable":true,"href":"https:\/\/www.europesays.com\/fr\/wp-json\/wp\/v2\/users\/2"}],"replies":[{"embeddable":true,"href":"https:\/\/www.europesays.com\/fr\/wp-json\/wp\/v2\/comments?post=666368"}],"version-history":[{"count":0,"href":"https:\/\/www.europesays.com\/fr\/wp-json\/wp\/v2\/posts\/666368\/revisions"}],"wp:featuredmedia":[{"embeddable":true,"href":"https:\/\/www.europesays.com\/fr\/wp-json\/wp\/v2\/media\/653791"}],"wp:attachment":[{"href":"https:\/\/www.europesays.com\/fr\/wp-json\/wp\/v2\/media?parent=666368"}],"wp:term":[{"taxonomy":"category","embeddable":true,"href":"https:\/\/www.europesays.com\/fr\/wp-json\/wp\/v2\/categories?post=666368"},{"taxonomy":"post_tag","embeddable":true,"href":"https:\/\/www.europesays.com\/fr\/wp-json\/wp\/v2\/tags?post=666368"}],"curies":[{"name":"wp","href":"https:\/\/api.w.org\/{rel}","templated":true}]}}