{"id":666383,"date":"2026-01-15T23:01:15","date_gmt":"2026-01-15T23:01:15","guid":{"rendered":"https:\/\/www.europesays.com\/fr\/666383\/"},"modified":"2026-01-15T23:01:15","modified_gmt":"2026-01-15T23:01:15","slug":"une-journee-pour-redecouvrir-le-quartier-des-halles","status":"publish","type":"post","link":"https:\/\/www.europesays.com\/fr\/666383\/","title":{"rendered":"une journ\u00e9e pour red\u00e9couvrir le quartier des Halles"},"content":{"rendered":"<p><strong>Nouveaux squares, v\u00e9g\u00e9talisation, espaces pi\u00e9tons, valorisation de la vie locale : apr\u00e8s des mois de travaux, le secteur des Halles d\u00e9voile son nouveau visage. On est all\u00e9(e)s se balader dans le quartier pour voir ce que \u00e7a donne et (re)d\u00e9couvrir plusieurs bonnes adresses. On vous raconte notre p\u00e9riple strasbourgeois.\u00a0<\/strong><\/p>\n<p>Apr\u00e8s des mois de travaux, le quartier des Halles respire \u00e0 nouveau. <strong>Avec une circulation revue, des espaces verts et des acc\u00e8s pi\u00e9tons simplifi\u00e9s, le coin promet des balades agr\u00e9ables.<\/strong> C\u2019est pourquoi on a pass\u00e9 une journ\u00e9e \u00e0 d\u00e9ambuler dans les rues, le temps d\u2019une excursion hivernale vivifiante.<\/p>\n<p>    <img width=\"800\" height=\"533\" src=\"https:\/\/www.europesays.com\/fr\/wp-content\/uploads\/2026\/01\/halles-9-800x533.jpg\" class=\"attachment-image-size-L size-image-size-L\" alt=\"halles (9)\" decoding=\"async\" loading=\"lazy\"  \/>         \u00a9 Marie Goehner-David \/ Pokaa <\/p>\n<p><strong>Derri\u00e8re ses fa\u00e7ades industrielles et ses grands faubourgs, le quartier cache de nombreux tr\u00e9sors et secrets d\u2019histoire.<\/strong> D\u00e9limit\u00e9 par le quai Kl\u00e9ber, la place de Haguenau, les rues du Faubourg-de-Pierre et du Faubourg-de-Saverne, le quartier abritait il y a longtemps une usine \u00e0 gaz, une gare et une synagogue.<\/p>\n<p><strong>Fa\u00e7onn\u00e9 par son pass\u00e9 industriel, les bombardements de la Seconde Guerre mondiale et les grandes constructions des ann\u00e9es 1960,<\/strong> le coin des Halles peut para\u00eetre froid au premier abord. Mais en l\u2019explorant, on se rend compte qu\u2019il n\u2019en est rien.<strong> On vous montre ses coins chaleureux, les nouveaux espaces et les bonnes adresses. Suivez-nous\u00a0!<\/strong><\/p>\n<p>                <img width=\"750\" height=\"500\" src=\"https:\/\/www.europesays.com\/fr\/wp-content\/uploads\/2026\/01\/halles-5-750x500.jpg\" class=\"attachment-gallery size-gallery\" alt=\"halles (5)\" data-full-url=\"https:\/\/pokaa.fr\/wp-content\/uploads\/2026\/01\/15\/halles-5.jpg\" decoding=\"async\" loading=\"lazy\"  \/>            <\/p>\n<p>                <img width=\"750\" height=\"500\" src=\"https:\/\/www.europesays.com\/fr\/wp-content\/uploads\/2026\/01\/halles-8-750x500.jpg\" class=\"attachment-gallery size-gallery\" alt=\"halles (8)\" data-full-url=\"https:\/\/pokaa.fr\/wp-content\/uploads\/2026\/01\/15\/halles-8.jpg\" decoding=\"async\" loading=\"lazy\"  \/>            <\/p>\n<p>                <img width=\"750\" height=\"500\" src=\"https:\/\/www.europesays.com\/fr\/wp-content\/uploads\/2026\/01\/halles-2-750x500.jpg\" class=\"attachment-gallery size-gallery\" alt=\"halles (2)\" data-full-url=\"https:\/\/pokaa.fr\/wp-content\/uploads\/2026\/01\/15\/halles-2.jpg\" decoding=\"async\" loading=\"lazy\"  \/>            <\/p>\n<p>                    \u00a9 Marie Goehner-David \/ Pokaa<\/p>\n<p>\u00c9tape 1 &#8211; D\u00e9marrer du bon pied<\/p>\n<p>Pour bien commencer la journ\u00e9e, on se fait plaisir en prenant des forces. Direction <strong><a href=\"https:\/\/www.instagram.com\/mokka_strasbourg\/\" target=\"_blank\" rel=\"noopener\">Mokka<\/a> (2 place Cl\u00e9ment)<\/strong>, boulangerie-p\u00e2tisserie qui propose aussi un salon de th\u00e9 \u00e0 croquer. Que ce soit pour y prendre le petit-d\u00e9jeuner, bruncher ou d\u00e9guster un d\u00e9licieux latte, la boutique propose des douceurs aussi belles que savoureuses.<\/p>\n<p>Autre option\u00a0: <strong><a href=\"https:\/\/www.instagram.com\/coffeestub\/\" target=\"_blank\" rel=\"noopener\">le Petit Stub<\/a> (1 rue du Chevreuil)<\/strong>, pour savourer des douceurs sucr\u00e9es ou sal\u00e9es dans un cadre cocon, avant de partir affronter l\u2019ext\u00e9rieur.<\/p>\n<p>                <img width=\"394\" height=\"500\" src=\"https:\/\/www.europesays.com\/fr\/wp-content\/uploads\/2026\/01\/mokka-4-394x500.png\" class=\"attachment-gallery size-gallery\" alt=\"Mokka (4)\" data-full-url=\"https:\/\/pokaa.fr\/wp-content\/uploads\/2026\/01\/15\/mokka-4.png\" decoding=\"async\" loading=\"lazy\"  \/>            <\/p>\n<p>                <img width=\"750\" height=\"500\" src=\"https:\/\/www.europesays.com\/fr\/wp-content\/uploads\/2026\/01\/mokka-6-750x500.jpg\" class=\"attachment-gallery size-gallery\" alt=\"Mokka (6)\" data-full-url=\"https:\/\/pokaa.fr\/wp-content\/uploads\/2026\/01\/15\/mokka-6.jpg\" decoding=\"async\" loading=\"lazy\"  \/>            <\/p>\n<p>                <img width=\"387\" height=\"500\" src=\"https:\/\/www.europesays.com\/fr\/wp-content\/uploads\/2026\/01\/petit-stub-2-387x500.png\" class=\"attachment-gallery size-gallery\" alt=\"Petit Stub (2)\" data-full-url=\"https:\/\/pokaa.fr\/wp-content\/uploads\/2026\/01\/15\/petit-stub-2.png\" decoding=\"async\" loading=\"lazy\"  \/>            <\/p>\n<p>                <img width=\"406\" height=\"500\" src=\"https:\/\/www.europesays.com\/fr\/wp-content\/uploads\/2026\/01\/petit-stub-1-406x500.png\" class=\"attachment-gallery size-gallery\" alt=\"Petit Stub (1)\" data-full-url=\"https:\/\/pokaa.fr\/wp-content\/uploads\/2026\/01\/15\/petit-stub-1.png\" decoding=\"async\" loading=\"lazy\"  \/>            <\/p>\n<p>                    1. 2. \u00a9 Mokka ; 3. 4. \u00a9 Le Petit Stub \/ Captures d&rsquo;\u00e9cran<\/p>\n<p>\u00c9tape 2 &#8211; C\u2019est parti pour la balade<\/p>\n<p>On sort le bonnet pour aller arpenter tranquillement les nouveaux espaces v\u00e9g\u00e9talis\u00e9s du quartier. On l\u00e8ve la t\u00eate devant l\u2019iconique <strong>Woman walking to the sky<\/strong> (Jonathan Borofsky, 1992), avant d\u2019atterrir sur <strong>le square de l\u2019Ancienne Synagogue. <\/strong><\/p>\n<p>                <a href=\"https:\/\/pokaa.fr\/2020\/06\/26\/revelation-quessaie-de-nous-dire-la-go-devant-les-halles-qui-marche-vers-le-ciel\/\" target=\"_blank\" rel=\"noopener\"><br \/>\n                    <img width=\"429\" height=\"270\" src=\"https:\/\/www.europesays.com\/fr\/wp-content\/uploads\/2026\/01\/femme-qui-marche-vers-le-ciel-art-halles-strasbourg.jpeg\" class=\"attachment-card-horizontal--same-subject size-card-horizontal--same-subject wp-post-image\" alt=\"\" decoding=\"async\" loading=\"lazy\"  \/>                <\/a><\/p>\n<p>    <img width=\"800\" height=\"533\" src=\"https:\/\/www.europesays.com\/fr\/wp-content\/uploads\/2026\/01\/place-square-des-halles-2-800x533.jpg\" class=\"attachment-image-size-L size-image-size-L\" alt=\"place square des halles (2)\" decoding=\"async\" loading=\"lazy\"  \/>         \u00ab\u00a0Woman walking to the sky \u00bb, Jonathan Borofsky, 1992. \u00a9 Marie Goehner-David \/ Pokaa <\/p>\n<p><strong>Les passant(e)s profitent du coin r\u00e9am\u00e9nag\u00e9 le temps de faire une petite pause.<\/strong> Et surtout, peuvent se familiariser avec <strong>l\u2019histoire du lieu<\/strong>, qui n\u2019a pas toujours abrit\u00e9 un centre commercial, et qui, aujourd\u2019hui, est aussi devenu <strong>un v\u00e9ritable espace de m\u00e9moire.<\/strong><\/p>\n<p>En effet<strong>, l\u2019ancienne synagogue a \u00e9t\u00e9 incendi\u00e9e par les nazis en 1940<\/strong>. C\u2019est pourquoi, au centre du square, on peut trouver<strong> une maquette du b\u00e2timent, mais aussi un mur avec les noms des victimes bas-rhinoises de la Shoah,<\/strong> pour ne pas oublier.<\/p>\n<p>                <img width=\"750\" height=\"500\" src=\"https:\/\/www.europesays.com\/fr\/wp-content\/uploads\/2026\/01\/place-square-des-halles-5-750x500.jpg\" class=\"attachment-gallery size-gallery\" alt=\"place square des halles (5) ancienne synagogue\" data-full-url=\"https:\/\/pokaa.fr\/wp-content\/uploads\/2026\/01\/15\/place-square-des-halles-5.jpg\" decoding=\"async\" loading=\"lazy\"  \/>            <\/p>\n<p>                <img width=\"750\" height=\"500\" src=\"https:\/\/www.europesays.com\/fr\/wp-content\/uploads\/2026\/01\/place-square-des-halles-6-750x500.jpg\" class=\"attachment-gallery size-gallery\" alt=\"place square des halles (6) ancienne synagogue\" data-full-url=\"https:\/\/pokaa.fr\/wp-content\/uploads\/2026\/01\/15\/place-square-des-halles-6.jpg\" decoding=\"async\" loading=\"lazy\"  \/>            <\/p>\n<p>                <img width=\"750\" height=\"500\" src=\"https:\/\/www.europesays.com\/fr\/wp-content\/uploads\/2026\/01\/place-square-des-halles-10-750x500.jpg\" class=\"attachment-gallery size-gallery\" alt=\"place square des halles (10) ancienne synagogue\" data-full-url=\"https:\/\/pokaa.fr\/wp-content\/uploads\/2026\/01\/15\/place-square-des-halles-10.jpg\" decoding=\"async\" loading=\"lazy\"  \/>            <\/p>\n<p>                <img width=\"750\" height=\"500\" src=\"https:\/\/www.europesays.com\/fr\/wp-content\/uploads\/2026\/01\/place-square-des-halles-11-750x500.jpg\" class=\"attachment-gallery size-gallery\" alt=\"place square des halles (11) ancienne synagogue\" data-full-url=\"https:\/\/pokaa.fr\/wp-content\/uploads\/2026\/01\/15\/place-square-des-halles-11.jpg\" decoding=\"async\" loading=\"lazy\"  \/>            <\/p>\n<p>                <img width=\"750\" height=\"500\" src=\"https:\/\/www.europesays.com\/fr\/wp-content\/uploads\/2026\/01\/place-square-des-halles-13-750x500.jpg\" class=\"attachment-gallery size-gallery\" alt=\"place square des halles (13) ancienne synagogue\" data-full-url=\"https:\/\/pokaa.fr\/wp-content\/uploads\/2026\/01\/15\/place-square-des-halles-13.jpg\" decoding=\"async\" loading=\"lazy\"  \/>            <\/p>\n<p>                <img width=\"750\" height=\"500\" src=\"https:\/\/www.europesays.com\/fr\/wp-content\/uploads\/2026\/01\/place-square-des-halles-14-750x500.jpg\" class=\"attachment-gallery size-gallery\" alt=\"place square des halles (14) ancienne synagogue\" data-full-url=\"https:\/\/pokaa.fr\/wp-content\/uploads\/2026\/01\/15\/place-square-des-halles-14.jpg\" decoding=\"async\" loading=\"lazy\"  \/>            <\/p>\n<p>                <img width=\"750\" height=\"500\" src=\"https:\/\/www.europesays.com\/fr\/wp-content\/uploads\/2026\/01\/place-square-des-halles-9-750x500.jpg\" class=\"attachment-gallery size-gallery\" alt=\"place square des halles (9) ancienne synagogue\" data-full-url=\"https:\/\/pokaa.fr\/wp-content\/uploads\/2026\/01\/15\/place-square-des-halles-9.jpg\" decoding=\"async\" loading=\"lazy\"  \/>            <\/p>\n<p>                    \u00a9 Marie Goehner-David \/ Pokaa<\/p>\n<p>    <img width=\"800\" height=\"534\" src=\"https:\/\/www.europesays.com\/fr\/wp-content\/uploads\/2026\/01\/place-square-des-halles-12-800x534.jpg\" class=\"attachment-image-size-L size-image-size-L\" alt=\"place square des halles (12) ancienne synagogue\" decoding=\"async\" loading=\"lazy\"  \/>         \u00a9 Marie Goehner-David \/ Pokaa <\/p>\n<p>De l\u2019autre c\u00f4t\u00e9 du centre commercial, on d\u00e9couvre <strong>le nouveau square des Halles,<\/strong> fra\u00eechement inaugur\u00e9. <strong>Aires de jeux et de pique-niques sont r\u00e9parties sur 4000 m2, <\/strong>pour offrir un v\u00e9ritable espace de d\u00e9tente en centre-ville. On attend avec impatience l\u2019arriv\u00e9e du printemps pour voir s\u2019animer ce lieu.<\/p>\n<p>                <a href=\"https:\/\/pokaa.fr\/2025\/11\/23\/tunnel-et-square-de-4000-m2-a-strasbourg-le-chantier-des-halles-est-bientot-termine\/\" target=\"_blank\" rel=\"noopener\"><br \/>\n                    <img width=\"450\" height=\"270\" src=\"https:\/\/www.europesays.com\/fr\/wp-content\/uploads\/2026\/01\/e2-450x270.jpg\" class=\"attachment-card-horizontal--same-subject size-card-horizontal--same-subject wp-post-image\" alt=\"\" decoding=\"async\" loading=\"lazy\"\/>                <\/a><\/p>\n<p>                <img width=\"750\" height=\"500\" src=\"https:\/\/www.europesays.com\/fr\/wp-content\/uploads\/2026\/01\/halles-14-aire-de-jeux-750x500.jpg\" class=\"attachment-gallery size-gallery\" alt=\"halles (14) aire de jeux\" data-full-url=\"https:\/\/pokaa.fr\/wp-content\/uploads\/2026\/01\/15\/halles-14-aire-de-jeux.jpg\" decoding=\"async\" loading=\"lazy\"  \/>            <\/p>\n<p>                <img width=\"750\" height=\"500\" src=\"https:\/\/www.europesays.com\/fr\/wp-content\/uploads\/2026\/01\/halles-12-aire-de-jeux-750x500.jpg\" class=\"attachment-gallery size-gallery\" alt=\"halles (12) aire de jeux\" data-full-url=\"https:\/\/pokaa.fr\/wp-content\/uploads\/2026\/01\/15\/halles-12-aire-de-jeux.jpg\" decoding=\"async\" loading=\"lazy\"  \/>            <\/p>\n<p>                <img width=\"750\" height=\"500\" src=\"https:\/\/www.europesays.com\/fr\/wp-content\/uploads\/2026\/01\/halles-11-aire-de-jeux-750x500.jpg\" class=\"attachment-gallery size-gallery\" alt=\"halles (11) aire de jeux\" data-full-url=\"https:\/\/pokaa.fr\/wp-content\/uploads\/2026\/01\/15\/halles-11-aire-de-jeux.jpg\" decoding=\"async\" loading=\"lazy\"  \/>            <\/p>\n<p>                <img width=\"750\" height=\"500\" src=\"https:\/\/www.europesays.com\/fr\/wp-content\/uploads\/2026\/01\/halles-7-750x500.jpg\" class=\"attachment-gallery size-gallery\" alt=\"halles (7)\" data-full-url=\"https:\/\/pokaa.fr\/wp-content\/uploads\/2026\/01\/15\/halles-7.jpg\" decoding=\"async\" loading=\"lazy\"  \/>            <\/p>\n<p>                <img width=\"892\" height=\"500\" src=\"https:\/\/www.europesays.com\/fr\/wp-content\/uploads\/2026\/01\/img-20251220-144740-892x500.jpg\" class=\"attachment-gallery size-gallery\" alt=\"Square des halles aire de jeu\" data-full-url=\"https:\/\/pokaa.fr\/wp-content\/uploads\/2026\/01\/15\/img-20251220-144740.jpg\" decoding=\"async\" loading=\"lazy\"  \/>            <\/p>\n<p>                    \u00a9 Marie Goehner-David \/ Pokaa<\/p>\n<p>\u00c9tape 3 &#8211; (Re)d\u00e9couvrir des bonnes adresses<\/p>\n<p><strong>Pour faire un peu de shopping<\/strong>, les bonnes adresses ne manquent pas dans le quartier. On conna\u00eet \u00e9videmment le centre commercial <a href=\"https:\/\/www.placedeshalles.com\/fr\/accueil\/\" target=\"_blank\" rel=\"noopener\"><strong>Place des Halles<\/strong><\/a>, inaugur\u00e9 en 1979, qui constitue le centre n\u00e9vralgique du quartier. On vous conseille d\u2019y faire un tour, surtout pendant les soldes !<\/p>\n<p><strong>Des petits tr\u00e9sors se cachent aussi dans les rues adjacentes <\/strong>et le choix est vaste. Envie de d\u00e9vorer des histoires d\u2019amour sous votre plaid ? Direction <strong>la <a href=\"https:\/\/www.instagram.com\/librairie_escapade_strasbourg\/\" target=\"_blank\" rel=\"noopener\">librairie L\u2019Escapade<\/a> (3 rue de P\u00e2ques)<\/strong>, sp\u00e9cialis\u00e9e dans la romance. Pour ajouter une touche de vie \u00e0 votre int\u00e9rieur, vous pouvez faire un tour chez <strong><a href=\"https:\/\/www.instagram.com\/studio.plantes\/\" target=\"_blank\" rel=\"noopener\">Studio Plantes<\/a> (37 rue du Faubourg-de-Pierre)<\/strong>. L\u2019occasion de d\u00e9couvrir des sp\u00e9cimens rares, pour tous les budgets.<\/p>\n<p>                <img width=\"750\" height=\"500\" src=\"https:\/\/www.europesays.com\/fr\/wp-content\/uploads\/2026\/01\/librairie-lescapade-6-750x500.jpg\" class=\"attachment-gallery size-gallery\" alt=\"Librairie l\u2019escapade (6)\" data-full-url=\"https:\/\/pokaa.fr\/wp-content\/uploads\/2026\/01\/15\/librairie-lescapade-6.jpg\" decoding=\"async\" loading=\"lazy\"  \/>            <\/p>\n<p>                <img width=\"750\" height=\"500\" src=\"https:\/\/www.europesays.com\/fr\/wp-content\/uploads\/2026\/01\/librairie-lescapade-7-750x500.jpg\" class=\"attachment-gallery size-gallery\" alt=\"Librairie l\u2019escapade (7)\" data-full-url=\"https:\/\/pokaa.fr\/wp-content\/uploads\/2026\/01\/15\/librairie-lescapade-7.jpg\" decoding=\"async\" loading=\"lazy\"  \/>            <\/p>\n<p>                <img width=\"750\" height=\"500\" src=\"https:\/\/www.europesays.com\/fr\/wp-content\/uploads\/2026\/01\/librairie-lescapade-3-750x500.jpg\" class=\"attachment-gallery size-gallery\" alt=\"Librairie l\u2019escapade (3)\" data-full-url=\"https:\/\/pokaa.fr\/wp-content\/uploads\/2026\/01\/15\/librairie-lescapade-3.jpg\" decoding=\"async\" loading=\"lazy\"  \/>            <\/p>\n<p>                <img width=\"348\" height=\"500\" src=\"https:\/\/www.europesays.com\/fr\/wp-content\/uploads\/2026\/01\/studio-plantes-2-348x500.png\" class=\"attachment-gallery size-gallery\" alt=\"Studio plantes (2)\" data-full-url=\"https:\/\/pokaa.fr\/wp-content\/uploads\/2026\/01\/15\/studio-plantes-2.png\" decoding=\"async\" loading=\"lazy\"  \/>            <\/p>\n<p>                <img width=\"382\" height=\"500\" src=\"https:\/\/www.europesays.com\/fr\/wp-content\/uploads\/2026\/01\/studio-plantes-3-382x500.png\" class=\"attachment-gallery size-gallery\" alt=\"Studio plantes (3)\" data-full-url=\"https:\/\/pokaa.fr\/wp-content\/uploads\/2026\/01\/15\/studio-plantes-3.png\" decoding=\"async\" loading=\"lazy\"  \/>            <\/p>\n<p>                <img width=\"367\" height=\"500\" src=\"https:\/\/www.europesays.com\/fr\/wp-content\/uploads\/2026\/01\/studio-plantes-1-367x500.png\" class=\"attachment-gallery size-gallery\" alt=\"Studio plantes (1)\" data-full-url=\"https:\/\/pokaa.fr\/wp-content\/uploads\/2026\/01\/15\/studio-plantes-1.png\" decoding=\"async\" loading=\"lazy\"  \/>            <\/p>\n<p>                    1. \u00e0 3. Librairie L&rsquo;Escapade. \u00a9 Marie Goehner-David \/ Pokaa ; 4. \u00e0 6. \u00a9 Studio Plantes \/ Captures d&rsquo;\u00e9cran<\/p>\n<p>Histoire de mettre la main sur des petites douceurs, on s\u2019arr\u00eate chez <strong><a href=\"https:\/\/www.instagram.com\/amandecannelle\/\" target=\"_blank\" rel=\"noopener\">Amande &amp; Cannelle<\/a> (8 rue du Travail)<\/strong>. La p\u00e2tisserie-chocolaterie propose une s\u00e9lection de gourmandises, \u00e0 la crois\u00e9e des traditions orientales et occidentales, pour notre plus grand bonheur.<\/p>\n<p>Pour mettre la main \u00e0 la p\u00e2te, direction la <strong><a href=\"https:\/\/www.instagram.com\/laboutiquedesbouleaux\/\" target=\"_blank\" rel=\"noopener\">Boutique des Bouleaux<\/a> (15 rue du Faubourg-de-Pierre)<\/strong>, pour tester le concept caf\u00e9-c\u00e9ramique\u2026 Et repartir avec une pi\u00e8ce que vous aurez peinte avec amour !<\/p>\n<p>                <a href=\"https:\/\/pokaa.fr\/2024\/11\/20\/la-boutique-des-bouleaux-on-a-teste-le-premier-cafe-ceramique-de-strasbourg-atelier\/\" target=\"_blank\" rel=\"noopener\"><br \/>\n                    <img width=\"450\" height=\"270\" src=\"https:\/\/www.europesays.com\/fr\/wp-content\/uploads\/2025\/09\/cafe-ceramique-3-450x270.png\" class=\"attachment-card-horizontal--same-subject size-card-horizontal--same-subject wp-post-image\" alt=\"\" decoding=\"async\" loading=\"lazy\"\/>                <\/a><\/p>\n<p>Pour celles et ceux qui pr\u00e9f\u00e8rent poser le pinceau, la <strong><a href=\"https:\/\/www.instagram.com\/galerieeast\/\" target=\"_blank\" rel=\"noopener\">galerie EAST<\/a> (12 rue du Faubourg-de-Pierre)<\/strong> propose de nombreuses expositions autour de l\u2019art contemporain et de l\u2019art d\u00e9coratif. Il y a aussi le disquaire <strong><a href=\"https:\/\/www.facebook.com\/lockedgrooves\/?locale=fr_FR\" target=\"_blank\" rel=\"noopener\">Locked Grooves<\/a> (10 place des Halles)<\/strong>, pour trouver son bonheur musical.<\/p>\n<p>                <img width=\"498\" height=\"500\" src=\"https:\/\/www.europesays.com\/fr\/wp-content\/uploads\/2026\/01\/patisserie-amande-et-cannelle-2-498x500.png\" class=\"attachment-gallery size-gallery\" alt=\"P\u00e2tisserie Amande et Cannelle (2)\" data-full-url=\"https:\/\/pokaa.fr\/wp-content\/uploads\/2026\/01\/15\/patisserie-amande-et-cannelle-2.png\" decoding=\"async\" loading=\"lazy\"  \/>            <\/p>\n<p>                <img width=\"363\" height=\"500\" src=\"https:\/\/www.europesays.com\/fr\/wp-content\/uploads\/2026\/01\/patisserie-amande-et-cannelle-1-363x500.png\" class=\"attachment-gallery size-gallery\" alt=\"P\u00e2tisserie Amande et Cannelle (1)\" data-full-url=\"https:\/\/pokaa.fr\/wp-content\/uploads\/2026\/01\/15\/patisserie-amande-et-cannelle-1.png\" decoding=\"async\" loading=\"lazy\"  \/>            <\/p>\n<p>                <img width=\"759\" height=\"500\" src=\"https:\/\/www.europesays.com\/fr\/wp-content\/uploads\/2026\/01\/patisserie-amande-et-cannelle-4-759x500.png\" class=\"attachment-gallery size-gallery\" alt=\"P\u00e2tisserie Amande et Cannelle (4)\" data-full-url=\"https:\/\/pokaa.fr\/wp-content\/uploads\/2026\/01\/15\/patisserie-amande-et-cannelle-4.png\" decoding=\"async\" loading=\"lazy\"  \/>            <\/p>\n<p>                <img width=\"667\" height=\"500\" src=\"https:\/\/www.europesays.com\/fr\/wp-content\/uploads\/2026\/01\/img-9468-2-667x500.jpeg\" class=\"attachment-gallery size-gallery\" alt=\"La Boutique des Bouleaux caf\u00e9 C\u00e9ramique\" data-full-url=\"https:\/\/pokaa.fr\/wp-content\/uploads\/2024\/11\/20\/img-9468-2.jpeg\" decoding=\"async\" loading=\"lazy\"  \/>            <\/p>\n<p>                <img width=\"375\" height=\"500\" src=\"https:\/\/www.europesays.com\/fr\/wp-content\/uploads\/2025\/09\/img-9690-375x500.jpeg\" class=\"attachment-gallery size-gallery\" alt=\"La Boutique des Bouleaux caf\u00e9 C\u00e9ramique\" data-full-url=\"https:\/\/pokaa.fr\/wp-content\/uploads\/2024\/11\/20\/img-9690.jpeg\" decoding=\"async\" loading=\"lazy\"  \/>            <\/p>\n<p>                <img width=\"375\" height=\"500\" src=\"https:\/\/www.europesays.com\/fr\/wp-content\/uploads\/2026\/01\/img-9440-375x500.jpeg\" class=\"attachment-gallery size-gallery\" alt=\"La Boutique des Bouleaux caf\u00e9 C\u00e9ramique\" data-full-url=\"https:\/\/pokaa.fr\/wp-content\/uploads\/2024\/11\/20\/img-9440.jpeg\" decoding=\"async\" loading=\"lazy\"  \/>            <\/p>\n<p>                <img width=\"698\" height=\"500\" src=\"https:\/\/www.europesays.com\/fr\/wp-content\/uploads\/2026\/01\/galerie-jean-claude-meynard-1-698x500.png\" class=\"attachment-gallery size-gallery\" alt=\"Galerie Jean-Claude Meynard (1)\" data-full-url=\"https:\/\/pokaa.fr\/wp-content\/uploads\/2026\/01\/15\/galerie-jean-claude-meynard-1.png\" decoding=\"async\" loading=\"lazy\"  \/>            <\/p>\n<p>                <img width=\"758\" height=\"500\" src=\"https:\/\/www.europesays.com\/fr\/wp-content\/uploads\/2026\/01\/galerie-jean-claude-meynard-2-758x500.png\" class=\"attachment-gallery size-gallery\" alt=\"Galerie East Jean-Claude Meynard (2)\" data-full-url=\"https:\/\/pokaa.fr\/wp-content\/uploads\/2026\/01\/15\/galerie-jean-claude-meynard-2.png\" decoding=\"async\" loading=\"lazy\"  \/>            <\/p>\n<p>                    1. \u00e0 3. \u00a9 Amande et Cannelle \/ Captures d&rsquo;\u00e9cran ; 4. \u00e0 6. Boutique des Bouleaux. \u00a9 Bastien Pietronave \/ Pokaa ; 7. 8. \u00a9 Galerie EAST, expo de Jean-Claude Meynard \/ Captures d&rsquo;\u00e9cran<\/p>\n<p>\u00c9tape 4 &#8211; Pause go\u00fbter bien m\u00e9rit\u00e9e<\/p>\n<p>C\u2019est l\u2019heure de la pause\u00a0: connaissez-vous <strong><a href=\"https:\/\/www.instagram.com\/aven.bike\/\" target=\"_blank\" rel=\"noopener\">\u00c5ven Bike &amp; Fika<\/a>\u00a0(34 rue du Faubourg-de-Pierre)<\/strong> ? C\u2019est un caf\u00e9 agr\u00e9ment\u00e9 d\u2019un atelier de r\u00e9paration de v\u00e9los. De quoi profiter de douceurs r\u00e9confortantes dans un cadre serein, pendant que son fid\u00e8le destrier profite d\u2019une petite r\u00e9vision r\u00e9alis\u00e9e par des passionn\u00e9(e)s du guidon.<\/p>\n<p>                <a href=\"https:\/\/pokaa.fr\/2024\/03\/17\/aven-bike-a-strasbourg-ce-nouveau-lieu-mele-reparation-de-velos-et-cafe-de-specialite\/\" target=\"_blank\" rel=\"noopener\"><br \/>\n                    <img width=\"450\" height=\"270\" src=\"https:\/\/www.europesays.com\/fr\/wp-content\/uploads\/2025\/12\/avennn-450x270.png\" class=\"attachment-card-horizontal--same-subject size-card-horizontal--same-subject wp-post-image\" alt=\"\" decoding=\"async\" loading=\"lazy\"\/>                <\/a><\/p>\n<p>                <img width=\"375\" height=\"500\" src=\"https:\/\/www.europesays.com\/fr\/wp-content\/uploads\/2026\/01\/image00015-375x500.jpeg\" class=\"attachment-gallery size-gallery\" alt=\"aven bike caf\u00e9 r\u00e9paration de v\u00e9lo\" data-full-url=\"https:\/\/pokaa.fr\/wp-content\/uploads\/2024\/03\/14\/image00015.jpeg\" decoding=\"async\" loading=\"lazy\"  \/>            <\/p>\n<p>                <img width=\"375\" height=\"500\" src=\"https:\/\/www.europesays.com\/fr\/wp-content\/uploads\/2025\/12\/aven-bikes-fikaaven-bikes-fikaimg-1164-3-375x500.jpeg\" class=\"attachment-gallery size-gallery\" alt=\"aven bike caf\u00e9 r\u00e9paration de v\u00e9lo\" data-full-url=\"https:\/\/pokaa.fr\/wp-content\/uploads\/2025\/12\/18\/aven-bikes-fikaaven-bikes-fikaimg-1164-3.jpeg\" decoding=\"async\" loading=\"lazy\"  \/>            <\/p>\n<p>                <img width=\"375\" height=\"500\" src=\"https:\/\/www.europesays.com\/fr\/wp-content\/uploads\/2026\/01\/1768518049_549_image00026-375x500.jpeg\" class=\"attachment-gallery size-gallery\" alt=\"aven bike caf\u00e9 r\u00e9paration de v\u00e9lo\" data-full-url=\"https:\/\/pokaa.fr\/wp-content\/uploads\/2024\/03\/14\/image00026.jpeg\" decoding=\"async\" loading=\"lazy\"  \/>            <\/p>\n<p>                <img width=\"375\" height=\"500\" src=\"https:\/\/www.europesays.com\/fr\/wp-content\/uploads\/2026\/01\/image00012-375x500.jpeg\" class=\"attachment-gallery size-gallery\" alt=\"aven bike caf\u00e9 r\u00e9paration de v\u00e9lo\" data-full-url=\"https:\/\/pokaa.fr\/wp-content\/uploads\/2024\/03\/14\/image00012.jpeg\" decoding=\"async\" loading=\"lazy\"  \/>            <\/p>\n<p>                <img width=\"667\" height=\"500\" src=\"https:\/\/www.europesays.com\/fr\/wp-content\/uploads\/2026\/01\/aven-bikes-fikaaven-bikes-fikaimg-1166-3-667x500.jpeg\" class=\"attachment-gallery size-gallery\" alt=\"aven bike caf\u00e9 r\u00e9paration de v\u00e9lo\" data-full-url=\"https:\/\/pokaa.fr\/wp-content\/uploads\/2025\/12\/18\/aven-bikes-fikaaven-bikes-fikaimg-1166-3.jpeg\" decoding=\"async\" loading=\"lazy\"  \/>            <\/p>\n<p>                    \u00a9 Bastien Pietronave \/ Pokaa<\/p>\n<p>\u00c9tape 5 &#8211; Et l\u2019ap\u00e9ro alors ? <\/p>\n<p>La journ\u00e9e avance, et une petite soif se fait sentir. Pour aller d\u00e9guster un petit verre ou un bonne bibine, on pense \u00e0 <strong><a href=\"https:\/\/www.instagram.com\/solidaritebistrot1970\/\" target=\"_blank\" rel=\"noopener\">La Solidarit\u00e9<\/a> (5 rue du Travail)<\/strong>, qui propose une s\u00e9lection de vins naturels, bonus plats de saison faits avec amour. Ou au <strong><a href=\"https:\/\/www.instagram.com\/trocafe_strasbourg\/\" target=\"_blank\" rel=\"noopener\">Troc\u2019af\u00e9<\/a> (8 rue du Faubourg-de-Saverne)<\/strong>, lieu festif qui propose lui aussi des bons petits plats et de nombreuses expos ou concerts.<\/p>\n<p>                <img width=\"396\" height=\"500\" src=\"https:\/\/www.europesays.com\/fr\/wp-content\/uploads\/2026\/01\/la-solidarite-2-396x500.png\" class=\"attachment-gallery size-gallery\" alt=\"La Solidarit\u00e9 (2)\" data-full-url=\"https:\/\/pokaa.fr\/wp-content\/uploads\/2026\/01\/15\/la-solidarite-2.png\" decoding=\"async\" loading=\"lazy\"  \/>            <\/p>\n<p>                <img width=\"413\" height=\"500\" src=\"https:\/\/www.europesays.com\/fr\/wp-content\/uploads\/2026\/01\/la-solidarite-1-413x500.png\" class=\"attachment-gallery size-gallery\" alt=\"La Solidarit\u00e9 (1)\" data-full-url=\"https:\/\/pokaa.fr\/wp-content\/uploads\/2026\/01\/15\/la-solidarite-1.png\" decoding=\"async\" loading=\"lazy\"  \/>            <\/p>\n<p>                <img width=\"362\" height=\"500\" src=\"https:\/\/www.europesays.com\/fr\/wp-content\/uploads\/2026\/01\/trocafe-2-362x500.png\" class=\"attachment-gallery size-gallery\" alt=\"troc\u2019af\u00e9 (2)\" data-full-url=\"https:\/\/pokaa.fr\/wp-content\/uploads\/2026\/01\/15\/trocafe-2.png\" decoding=\"async\" loading=\"lazy\"  \/>            <\/p>\n<p>                <img width=\"463\" height=\"500\" src=\"https:\/\/www.europesays.com\/fr\/wp-content\/uploads\/2026\/01\/trocafe-3-463x500.png\" class=\"attachment-gallery size-gallery\" alt=\"troc\u2019af\u00e9 (3)\" data-full-url=\"https:\/\/pokaa.fr\/wp-content\/uploads\/2026\/01\/15\/trocafe-3.png\" decoding=\"async\" loading=\"lazy\"  \/>            <\/p>\n<p>                    1. 2. \u00a9 La Solidarit\u00e9 \/ Captures d&rsquo;\u00e9cran ; 3. 4. \u00a9 Troc&rsquo;af\u00e9 \/ Captures d&rsquo;\u00e9cran<\/p>\n<p>Du c\u00f4t\u00e9 du <strong><a href=\"https:\/\/www.instagram.com\/lesocialbarstrasbourg\/\" target=\"_blank\" rel=\"noopener\">Social Bar<\/a> (69 rue du Faubourg-de-Pierre)<\/strong>, l\u2019heure est \u00e0 la f\u00eate. Showcases, DJ sets et soir\u00e9es on fire n\u2019attendent que vous pour mettre le feu au dancefloor.<\/p>\n<p>                <img width=\"511\" height=\"500\" src=\"https:\/\/www.europesays.com\/fr\/wp-content\/uploads\/2026\/01\/le-social-bar-2-511x500.png\" class=\"attachment-gallery size-gallery\" alt=\"Le social bar (2)\" data-full-url=\"https:\/\/pokaa.fr\/wp-content\/uploads\/2026\/01\/15\/le-social-bar-2.png\" decoding=\"async\" loading=\"lazy\"  \/>            <\/p>\n<p>                <img width=\"484\" height=\"500\" src=\"https:\/\/www.europesays.com\/fr\/wp-content\/uploads\/2026\/01\/le-social-bar-3-484x500.png\" class=\"attachment-gallery size-gallery\" alt=\"Le social bar (3)\" data-full-url=\"https:\/\/pokaa.fr\/wp-content\/uploads\/2026\/01\/15\/le-social-bar-3.png\" decoding=\"async\" loading=\"lazy\"  \/>            <\/p>\n<p>                <img width=\"623\" height=\"500\" src=\"https:\/\/www.europesays.com\/fr\/wp-content\/uploads\/2026\/01\/le-social-bar-1-623x500.png\" class=\"attachment-gallery size-gallery\" alt=\"Le social bar (1)\" data-full-url=\"https:\/\/pokaa.fr\/wp-content\/uploads\/2026\/01\/15\/le-social-bar-1.png\" decoding=\"async\" loading=\"lazy\"  \/>            <\/p>\n<p>                    \u00a9 Le Social bar \/ Captures d&rsquo;\u00e9cran<\/p>\n<p>\u00c9tape 6 &#8211; Mettre les pieds sous la table  <\/p>\n<p>Pour se faire un d\u00eener, de nombreuses autres options sont possibles. On pense \u00e0 <strong><a href=\"https:\/\/www.instagram.com\/hollys.diner\/?hl=fr\" target=\"_blank\" rel=\"noopener\">Holly\u2019s Diner<\/a> (2 quai Kl\u00e9ber)<\/strong>, pour les amoureux\/ses de burgers et des d\u00e9cors d\u00e9paysants \u00e0 l\u2019am\u00e9ricaine.<\/p>\n<p>Autre option, le <strong><a href=\"https:\/\/www.instagram.com\/bistrot_le_petit_faubourg\/?hl=fr\" target=\"_blank\" rel=\"noopener\">Petit Faubourg<\/a> (2b rue du Faubourg-de-Saverne)<\/strong> pour profiter d\u2019un d\u00e9licieux bistrot traditionnel et locavore, ou encore la brasserie <strong><a href=\"https:\/\/www.instagram.com\/le_cyrano_restaurant\/?hl=fr\" target=\"_blank\" rel=\"noopener\">Le Cyrano<\/a> (12 rue des Halles)<\/strong> pour des sp\u00e9cialit\u00e9s alsaciennes ou des pizzas. Sans oublier les plats savoureux du <strong><a href=\"https:\/\/www.instagram.com\/le_mandala_strasbourg\/\" target=\"_blank\" rel=\"noopener\">Mandala<\/a> (14 rue du Faubourg-de-Saverne)<\/strong>, avec sa cuisine fusion franco-asiatique et v\u00e9g\u00e9tarienne !<\/p>\n<p>                <a href=\"https:\/\/pokaa.fr\/2025\/05\/22\/ambiance-annee-50-et-service-a-rollers-a-strasbourg-le-restaurant-hollys-diner-a-ouvert\/\" target=\"_blank\" rel=\"noopener\"><br \/>\n                    <img width=\"450\" height=\"270\" src=\"https:\/\/www.europesays.com\/fr\/wp-content\/uploads\/2026\/01\/hollys-diner-restaurant-vintage-burger-img-7083-2-450x270.jpeg\" class=\"attachment-card-horizontal--same-subject size-card-horizontal--same-subject wp-post-image\" alt=\"\" decoding=\"async\" loading=\"lazy\"\/>                <\/a><\/p>\n<p>                <img width=\"397\" height=\"500\" src=\"https:\/\/www.europesays.com\/fr\/wp-content\/uploads\/2026\/01\/hollys-diner-restaurant-vintage-burger-img-7173-2-397x500.jpeg\" class=\"attachment-gallery size-gallery\" alt=\"Holly\u2019s diner restaurant vintage burger IMG_7173 2\" data-full-url=\"https:\/\/pokaa.fr\/wp-content\/uploads\/2025\/05\/21\/hollys-diner-restaurant-vintage-burger-img-7173-2.jpeg\" decoding=\"async\" loading=\"lazy\"  \/>            <\/p>\n<p>                <img width=\"375\" height=\"500\" src=\"https:\/\/www.europesays.com\/fr\/wp-content\/uploads\/2026\/01\/hollys-diner-restaurant-vintage-burger-img-7118-2-375x500.jpeg\" class=\"attachment-gallery size-gallery\" alt=\"Holly\u2019s diner restaurant vintage burger IMG_7118 2\" data-full-url=\"https:\/\/pokaa.fr\/wp-content\/uploads\/2025\/05\/21\/hollys-diner-restaurant-vintage-burger-img-7118-2.jpeg\" decoding=\"async\" loading=\"lazy\"  \/>            <\/p>\n<p>                <img width=\"368\" height=\"500\" src=\"https:\/\/www.europesays.com\/fr\/wp-content\/uploads\/2026\/01\/le-petit-faubourg-2-368x500.png\" class=\"attachment-gallery size-gallery\" alt=\"Le Petit Faubourg (2)\" data-full-url=\"https:\/\/pokaa.fr\/wp-content\/uploads\/2026\/01\/15\/le-petit-faubourg-2.png\" decoding=\"async\" loading=\"lazy\"  \/>            <\/p>\n<p>                <img width=\"399\" height=\"500\" src=\"https:\/\/www.europesays.com\/fr\/wp-content\/uploads\/2026\/01\/le-petit-faubourg-1-399x500.png\" class=\"attachment-gallery size-gallery\" alt=\"Le Petit Faubourg (1)\" data-full-url=\"https:\/\/pokaa.fr\/wp-content\/uploads\/2026\/01\/15\/le-petit-faubourg-1.png\" decoding=\"async\" loading=\"lazy\"  \/>            <\/p>\n<p>                <img width=\"500\" height=\"500\" src=\"https:\/\/www.europesays.com\/fr\/wp-content\/uploads\/2026\/01\/le-cyrano-1-500x500.png\" class=\"attachment-gallery size-gallery\" alt=\"Le Cyrano  (1)\" data-full-url=\"https:\/\/pokaa.fr\/wp-content\/uploads\/2026\/01\/15\/le-cyrano-1.png\" decoding=\"async\" loading=\"lazy\"  \/>            <\/p>\n<p>                <img width=\"407\" height=\"500\" src=\"https:\/\/www.europesays.com\/fr\/wp-content\/uploads\/2026\/01\/le-cyrano-2-407x500.png\" class=\"attachment-gallery size-gallery\" alt=\"Le Cyrano  (2)\" data-full-url=\"https:\/\/pokaa.fr\/wp-content\/uploads\/2026\/01\/15\/le-cyrano-2.png\" decoding=\"async\" loading=\"lazy\"  \/>            <\/p>\n<p>                    1. 2. \u00a9 Bastien Pietronave \/ Pokaa ; 3. 4. \u00a9 Le Petit Faubourg, 5. 6. \u00a9 Le Cyrano \/ Captures d&rsquo;\u00e9cran<\/p>\n<p>Enfin, on vous conseille <strong>le <a href=\"https:\/\/www.ihg.com\/voco\/hotels\/fr\/fr\/strasbourg\/sxbtg\/hoteldetail\/dining\" target=\"_blank\" rel=\"noopener\">Garden Restaurant<\/a> (9 rue des Magasins)<\/strong>, pour savourer de la cuisine fran\u00e7aise dans un cadre sophistiqu\u00e9 et intimiste, et m\u00eame profiter d\u2019un \u00e9crin de verdure quand les beaux jours pointent le bout de leur nez.<\/p>\n<p>                <img width=\"750\" height=\"500\" src=\"https:\/\/www.europesays.com\/fr\/wp-content\/uploads\/2025\/08\/voco-2021-xl-011-750x500.jpg\" class=\"attachment-gallery size-gallery\" alt=\"voco\" data-full-url=\"https:\/\/pokaa.fr\/wp-content\/uploads\/2025\/06\/26\/voco-2021-xl-011.jpg\" decoding=\"async\" loading=\"lazy\"  \/>            <\/p>\n<p>                <img width=\"375\" height=\"500\" src=\"https:\/\/www.europesays.com\/fr\/wp-content\/uploads\/2025\/06\/voco-2021-xl-0251-375x500.jpg\" class=\"attachment-gallery size-gallery\" alt=\"voco\" data-full-url=\"https:\/\/pokaa.fr\/wp-content\/uploads\/2025\/06\/26\/voco-2021-xl-0251.jpg\" decoding=\"async\" loading=\"lazy\"  \/>            <\/p>\n<p>                    voco &#8211; Strasbourg Centre The Garden. \u00a9 Documents remis<\/p>\n<p>\u00c9tape 7 &#8211; Finir la soir\u00e9e sur une note ludique<\/p>\n<p>Envie de terminer la journ\u00e9e sous le signe de l\u2019action ? \u00c7a tombe bien, puisque le choix est vaste dans le quartier. Pour se poser et jouer \u00e0 des jeux de soci\u00e9t\u00e9 en buvant un dernier verre, le <strong><a href=\"https:\/\/www.instagram.com\/philibar_\/?hl=fr\" target=\"_blank\" rel=\"noopener\">Philibar<\/a> (15 rue du Marais-Vert)<\/strong> vous attend.<\/p>\n<p>                <img width=\"750\" height=\"500\" src=\"https:\/\/www.europesays.com\/fr\/wp-content\/uploads\/2026\/01\/philibar-750x500.jpg\" class=\"attachment-gallery size-gallery\" alt=\"philibar\" data-full-url=\"https:\/\/pokaa.fr\/wp-content\/uploads\/2026\/01\/15\/philibar.jpg\" decoding=\"async\" loading=\"lazy\"  \/>            <\/p>\n<p>                <img width=\"750\" height=\"500\" src=\"https:\/\/www.europesays.com\/fr\/wp-content\/uploads\/2026\/01\/philibar-3-750x500.jpg\" class=\"attachment-gallery size-gallery\" alt=\"Philibar (3)\" data-full-url=\"https:\/\/pokaa.fr\/wp-content\/uploads\/2026\/01\/15\/philibar-3.jpg\" decoding=\"async\" loading=\"lazy\"  \/>            <\/p>\n<p>                <img width=\"749\" height=\"500\" src=\"https:\/\/www.europesays.com\/fr\/wp-content\/uploads\/2026\/01\/philibar-4-749x500.jpg\" class=\"attachment-gallery size-gallery\" alt=\"Philibar (4)\" data-full-url=\"https:\/\/pokaa.fr\/wp-content\/uploads\/2026\/01\/15\/philibar-4.jpg\" decoding=\"async\" loading=\"lazy\"  \/>            <\/p>\n<p>                <img width=\"750\" height=\"500\" src=\"https:\/\/www.europesays.com\/fr\/wp-content\/uploads\/2026\/01\/philibar-1-750x500.jpg\" class=\"attachment-gallery size-gallery\" alt=\"Philibar (1)\" data-full-url=\"https:\/\/pokaa.fr\/wp-content\/uploads\/2026\/01\/15\/philibar-1.jpg\" decoding=\"async\" loading=\"lazy\"  \/>            <\/p>\n<p>                    \u00a9 Marie Goehner-David \/ Pokaa<\/p>\n<p style=\"text-align: left;\">Pour partir \u00e0 l\u2019aventure, la perspective d\u2019un escape game est elle aussi r\u00e9jouissante. Chez <strong><a href=\"https:\/\/www.john-doe.fr\/strasbourg\/\" target=\"_blank\" rel=\"noopener\">John Doe<\/a> (25 boulevard du Pr\u00e9sident-Wilson)<\/strong>, vous pourrez devenir agent secret, et explorer un p\u00e9nitencier d\u2019Europe de l\u2019Est dans les ann\u00e9es 80, une f\u00eate foraine myst\u00e9rieuse, un temple dans l\u2019Himalaya qui cache une source d\u2019\u00e9nergie myst\u00e9rieuse, ou encore une mine pi\u00e9g\u00e9e.<\/p>\n<p>                <a href=\"https:\/\/pokaa.fr\/2025\/02\/18\/manege-et-fete-foraine-un-tout-nouvel-escape-game-a-ouvert-a-strasbourg\/\" target=\"_blank\" rel=\"noopener\"><br \/>\n                    <img width=\"450\" height=\"270\" src=\"https:\/\/www.europesays.com\/fr\/wp-content\/uploads\/2026\/01\/1-3-450x270.png\" class=\"attachment-card-horizontal--same-subject size-card-horizontal--same-subject wp-post-image\" alt=\"\" decoding=\"async\" loading=\"lazy\"\/>                <\/a><\/p>\n<p>                <img width=\"667\" height=\"500\" src=\"https:\/\/www.europesays.com\/fr\/wp-content\/uploads\/2026\/01\/john-doe-escape-game-salle-dreamland-fete-forraineimg-6287-2-667x500.jpeg\" class=\"attachment-gallery size-gallery\" alt=\"John doe escape game salle dreamland f\u00eate forraineIMG_6287 2\" data-full-url=\"https:\/\/pokaa.fr\/wp-content\/uploads\/2025\/02\/18\/john-doe-escape-game-salle-dreamland-fete-forraineimg-6287-2.jpeg\" decoding=\"async\" loading=\"lazy\"  \/>            <\/p>\n<p>                <img width=\"375\" height=\"500\" src=\"https:\/\/www.europesays.com\/fr\/wp-content\/uploads\/2026\/01\/john-doe-escape-game-salle-dreamland-fete-forraineimg-6365-2-375x500.jpeg\" class=\"attachment-gallery size-gallery\" alt=\"John doe escape game salle dreamland f\u00eate forraineIMG_6365 2\" data-full-url=\"https:\/\/pokaa.fr\/wp-content\/uploads\/2025\/02\/18\/john-doe-escape-game-salle-dreamland-fete-forraineimg-6365-2.jpeg\" decoding=\"async\" loading=\"lazy\"  \/>            <\/p>\n<p>                <img width=\"702\" height=\"500\" src=\"https:\/\/www.europesays.com\/fr\/wp-content\/uploads\/2026\/01\/john-doe-escape-game-salle-dreamland-fete-forraineimg-6318-2-702x500.jpeg\" class=\"attachment-gallery size-gallery\" alt=\"John doe escape game salle dreamland f\u00eate forraineIMG_6318 2\" data-full-url=\"https:\/\/pokaa.fr\/wp-content\/uploads\/2025\/02\/18\/john-doe-escape-game-salle-dreamland-fete-forraineimg-6318-2.jpeg\" decoding=\"async\" loading=\"lazy\"  \/>            <\/p>\n<p>                    \u00a9 Bastien Pietronave \/ Pokaa<\/p>\n<p><strong>Du c\u00f4t\u00e9 de chez <a href=\"https:\/\/www.doozescape.com\/?gad_source=1&amp;gad_campaignid=1463779896&amp;gbraid=0AAAAADOWhBC6F7_01saqaY3t4GkGcfw7I&amp;gclid=CjwKCAiAvaLLBhBFEiwAYCNTf586yVLK742-JsuGKKMRzNwbUD-kzXh_zSikTmI2v_A41_D5fcVN1hoCNBAQAvD_BwE\" target=\"_blank\" rel=\"noopener\">Dooz<\/a> (12 rue des Magasins), <\/strong>il est possible d\u2019enqu\u00eater sur des meurtres, de partir \u00e0 la chasse aux cr\u00e9atures \u00e9tranges, ou encore de devenir magicien(ne) en obtenant votre certificat d\u2019aptitude. Cerise sur le g\u00e2teau : vous pourrez vous poser<strong> au <a href=\"https:\/\/www.instagram.com\/malleusmaleficarumbar\/?hl=fr\" target=\"_blank\" rel=\"noopener\">Malleus Maleficarum<\/a> (12 rue des Magasins) <\/strong>apr\u00e8s la partie, pour prolonger encore un peu la magie.<\/p>\n<p>                <img width=\"667\" height=\"500\" src=\"https:\/\/www.europesays.com\/fr\/wp-content\/uploads\/2026\/01\/malleus-maleficarum-dooz-escape-bar-a-jeux-destroy-room-bastien-p-pokaa-strasbourgimage00098.jpeg\" class=\"attachment-gallery size-gallery\" alt=\"Malleus Maleficarum Dooz Escape bar a\u0300 jeux Destroy room Bastien P Pokaa Strasbourgimage00098\" data-full-url=\"https:\/\/www.europesays.com\/fr\/wp-content\/uploads\/2026\/01\/malleus-maleficarum-dooz-escape-bar-a-jeux-destroy-room-bastien-p-pokaa-strasbourgimage00098.jpeg\" decoding=\"async\" loading=\"lazy\"  \/>            <\/p>\n<p>                <img width=\"667\" height=\"500\" src=\"https:\/\/www.europesays.com\/fr\/wp-content\/uploads\/2026\/01\/malleus-maleficarum-dooz-escape-bar-a-jeux-destroy-room-bastien-p-pokaa-strasbourgimage00053.jpeg\" class=\"attachment-gallery size-gallery\" alt=\"Malleus Maleficarum Dooz Escape bar a\u0300 jeux Destroy room Bastien P Pokaa Strasbourgimage00053\" data-full-url=\"https:\/\/www.europesays.com\/fr\/wp-content\/uploads\/2026\/01\/malleus-maleficarum-dooz-escape-bar-a-jeux-destroy-room-bastien-p-pokaa-strasbourgimage00053.jpeg\" decoding=\"async\" loading=\"lazy\"  \/>            <\/p>\n<p>                    \u00a9 Bastien Pietronave \/ Pokaa<\/p>\n<p style=\"text-align: center;\"><strong>Et vous, vous avez d\u2019autres bonnes adresses \u00e0 partager ? \u00a0<\/strong><\/p>\n<p><script async src=\"\/\/www.instagram.com\/embed.js\"><\/script><\/p>\n","protected":false},"excerpt":{"rendered":"Nouveaux squares, v\u00e9g\u00e9talisation, espaces pi\u00e9tons, valorisation de la vie locale : apr\u00e8s des mois de travaux, le secteur&hellip;\n","protected":false},"author":2,"featured_media":666384,"comment_status":"","ping_status":"","sticky":false,"template":"","format":"standard","meta":{"footnotes":""},"categories":[2820],"tags":[1111,11,7552,1777,674,1011,27,775,29138,12,25,640,15934,2086],"class_list":{"0":"post-666383","1":"post","2":"type-post","3":"status-publish","4":"format-standard","5":"has-post-thumbnail","7":"category-strasbourg","8":"tag-actu","9":"tag-actualites","10":"tag-balade","11":"tag-eu","12":"tag-europe","13":"tag-fr","14":"tag-france","15":"tag-grand-est","16":"tag-halles","17":"tag-news","18":"tag-republique-francaise","19":"tag-strasbourg","20":"tag-synagogue","21":"tag-travaux"},"share_on_mastodon":{"url":"https:\/\/pubeurope.com\/@fr\/115901610894422877","error":""},"_links":{"self":[{"href":"https:\/\/www.europesays.com\/fr\/wp-json\/wp\/v2\/posts\/666383","targetHints":{"allow":["GET"]}}],"collection":[{"href":"https:\/\/www.europesays.com\/fr\/wp-json\/wp\/v2\/posts"}],"about":[{"href":"https:\/\/www.europesays.com\/fr\/wp-json\/wp\/v2\/types\/post"}],"author":[{"embeddable":true,"href":"https:\/\/www.europesays.com\/fr\/wp-json\/wp\/v2\/users\/2"}],"replies":[{"embeddable":true,"href":"https:\/\/www.europesays.com\/fr\/wp-json\/wp\/v2\/comments?post=666383"}],"version-history":[{"count":0,"href":"https:\/\/www.europesays.com\/fr\/wp-json\/wp\/v2\/posts\/666383\/revisions"}],"wp:featuredmedia":[{"embeddable":true,"href":"https:\/\/www.europesays.com\/fr\/wp-json\/wp\/v2\/media\/666384"}],"wp:attachment":[{"href":"https:\/\/www.europesays.com\/fr\/wp-json\/wp\/v2\/media?parent=666383"}],"wp:term":[{"taxonomy":"category","embeddable":true,"href":"https:\/\/www.europesays.com\/fr\/wp-json\/wp\/v2\/categories?post=666383"},{"taxonomy":"post_tag","embeddable":true,"href":"https:\/\/www.europesays.com\/fr\/wp-json\/wp\/v2\/tags?post=666383"}],"curies":[{"name":"wp","href":"https:\/\/api.w.org\/{rel}","templated":true}]}}