{"id":666391,"date":"2026-01-15T23:05:43","date_gmt":"2026-01-15T23:05:43","guid":{"rendered":"https:\/\/www.europesays.com\/fr\/666391\/"},"modified":"2026-01-15T23:05:43","modified_gmt":"2026-01-15T23:05:43","slug":"travaux-au-museum-de-nantes-comment-demenage-t-on-un-musee","status":"publish","type":"post","link":"https:\/\/www.europesays.com\/fr\/666391\/","title":{"rendered":"Travaux au Mus\u00e9um de Nantes : comment d\u00e9m\u00e9nage-t-on un mus\u00e9e\u00a0?"},"content":{"rendered":"<p>La fin de chantier, \u00e0 l\u2019\u00e9t\u00e9 2026, sera marqu\u00e9e par l\u2019\u00e9vacuation de deux objets hors-norme\u00a0: l\u2019\u00e9l\u00e9phant d\u2019Asie, acquis par le Mus\u00e9um en 1934 et surtout, la baleine, un Rorqual commun de 18 m\u00e8tres d\u00e9couvert en 1991 \u00e0 Donges. \u00ab\u00a0Ces deux op\u00e9rations de d\u00e9m\u00e9nagement, tr\u00e8s d\u00e9licates, n\u00e9cessitent de faire appel \u00e0 un prestataire sp\u00e9cialis\u00e9, pr\u00e9cise Manon Hamard. Pour d\u00e9placer la baleine par exemple, il va falloir d\u00e9couper sa colonne pour la d\u00e9solidariser des vert\u00e8bres, et la gruter par la fen\u00eatre d\u00e9cor\u00e9e avec la fresque du toucan [NDLR\u00a0: r\u00e9alis\u00e9e par le peintre Alain Thomas], qui va donc \u00eatre d\u00e9mont\u00e9e pour l\u2019occasion.\u00a0\u00bb<strong>\u00a0<\/strong><\/p>\n<p>D\u2019ici l\u00e0, les \u00e9quipes du Mus\u00e9um auront donc \u00e9vacu\u00e9 des milliers de pi\u00e8ces en l\u2019espace de 10 mois. \u00ab\u00a0Le plus grand risque est la casse au moment du d\u00e9placement ou du transport, c\u2019est pour cela que nous prenons du temps et beaucoup de pr\u00e9cautions \u00bb, ajoute Manon Hamard. Rendez-vous en 2029 pour d\u00e9couvrir les collections du Mus\u00e9um dans leur nouvel \u00e9crin.<\/p>\n","protected":false},"excerpt":{"rendered":"La fin de chantier, \u00e0 l\u2019\u00e9t\u00e9 2026, sera marqu\u00e9e par l\u2019\u00e9vacuation de deux objets hors-norme\u00a0: l\u2019\u00e9l\u00e9phant d\u2019Asie, acquis&hellip;\n","protected":false},"author":2,"featured_media":666392,"comment_status":"","ping_status":"","sticky":false,"template":"","format":"standard","meta":{"footnotes":""},"categories":[2818],"tags":[1111,11,1777,674,1011,27,766,12,2636,25],"class_list":{"0":"post-666391","1":"post","2":"type-post","3":"status-publish","4":"format-standard","5":"has-post-thumbnail","7":"category-nantes","8":"tag-actu","9":"tag-actualites","10":"tag-eu","11":"tag-europe","12":"tag-fr","13":"tag-france","14":"tag-nantes","15":"tag-news","16":"tag-pays-de-la-loire","17":"tag-republique-francaise"},"share_on_mastodon":{"url":"https:\/\/pubeurope.com\/@fr\/115901623371078470","error":""},"_links":{"self":[{"href":"https:\/\/www.europesays.com\/fr\/wp-json\/wp\/v2\/posts\/666391","targetHints":{"allow":["GET"]}}],"collection":[{"href":"https:\/\/www.europesays.com\/fr\/wp-json\/wp\/v2\/posts"}],"about":[{"href":"https:\/\/www.europesays.com\/fr\/wp-json\/wp\/v2\/types\/post"}],"author":[{"embeddable":true,"href":"https:\/\/www.europesays.com\/fr\/wp-json\/wp\/v2\/users\/2"}],"replies":[{"embeddable":true,"href":"https:\/\/www.europesays.com\/fr\/wp-json\/wp\/v2\/comments?post=666391"}],"version-history":[{"count":0,"href":"https:\/\/www.europesays.com\/fr\/wp-json\/wp\/v2\/posts\/666391\/revisions"}],"wp:featuredmedia":[{"embeddable":true,"href":"https:\/\/www.europesays.com\/fr\/wp-json\/wp\/v2\/media\/666392"}],"wp:attachment":[{"href":"https:\/\/www.europesays.com\/fr\/wp-json\/wp\/v2\/media?parent=666391"}],"wp:term":[{"taxonomy":"category","embeddable":true,"href":"https:\/\/www.europesays.com\/fr\/wp-json\/wp\/v2\/categories?post=666391"},{"taxonomy":"post_tag","embeddable":true,"href":"https:\/\/www.europesays.com\/fr\/wp-json\/wp\/v2\/tags?post=666391"}],"curies":[{"name":"wp","href":"https:\/\/api.w.org\/{rel}","templated":true}]}}