{"id":666393,"date":"2026-01-15T23:06:34","date_gmt":"2026-01-15T23:06:34","guid":{"rendered":"https:\/\/www.europesays.com\/fr\/666393\/"},"modified":"2026-01-15T23:06:34","modified_gmt":"2026-01-15T23:06:34","slug":"nantes-les-bleus-joueront-a-la-beaujoire-avant-de-senvoler-aux-etats-unis-pour-le-mondial-de-football","status":"publish","type":"post","link":"https:\/\/www.europesays.com\/fr\/666393\/","title":{"rendered":"Nantes\u00a0: les Bleus joueront \u00e0 la Beaujoire avant de s&rsquo;envoler aux Etats-Unis pour le Mondial de football"},"content":{"rendered":"<p>Didier Deschamps s&rsquo;appr\u00eate \u00e0 boucler la boucle. Avant de s&rsquo;envoler aux Etats-Unis avec l&rsquo;Equipe de France, pour y disputer son dernier Mondial, le s\u00e9lectionneur des Bleus s&rsquo;arr\u00eatera \u00e0 Nantes, l\u00e0 o\u00f9 tout a commenc\u00e9, le 4 juin, le temps d&rsquo;un match de pr\u00e9paration, \u00e0 la Beaujoire. <\/p>\n<p>En plus de faire plaisir aux aficionados de l&rsquo;Equipe de France en Loire-Atlantique, l&rsquo;information rel\u00e8ve du symbole.\u00a0Les Bleus recevront \u00ab\u00a0\u00e0 Nantes une \u00e9quipe qui a jou\u00e9 la CAN\u00a0\u00bb, a confirm\u00e9, ce jeudi apr\u00e8s-midi, le pr\u00e9sident de la FFF, Philippe Diallo, \u00e0 sa sortie d&rsquo;une r\u00e9union. <strong>Quarante ans apr\u00e8s ses premiers pas sur la pelouse de la Beaujoire<\/strong>, Didier Deschamps la refoulera donc une derni\u00e8re fois, le 4 juin prochain, avant de s&rsquo;envoler outre-Atlantique o\u00f9 il disputera sa derni\u00e8re Coupe du Monde dans la peau d&rsquo;un s\u00e9lectionneur.<\/p>\n<p>Deux matches de pr\u00e9paration \u00e0 quelques jours de l&rsquo;ouverture du Mondial<\/p>\n<p>Si le Nazairien <strong>n&rsquo;a pas pr\u00e9cis\u00e9 l&rsquo;identit\u00e9 de l&rsquo;\u00e9quipe africaine qui d\u00e9fiera les Bleus<\/strong> de Mike Maignan, il a en revanche assur\u00e9 qu&rsquo;il n&rsquo;y avait, pour l&rsquo;heure, que deux matches de pr\u00e9paration envisag\u00e9s par l&rsquo;encadrement des doubles champions du monde. Apr\u00e8s avoir foul\u00e9 la pelouse de la Beaujoire pour la sixi\u00e8me fois de son histoire, la premi\u00e8re depuis 2019, l&rsquo;Equipe de France jouera un \u00e9ni\u00e8me match, le 8 juin, contre une \u00e9quipe europ\u00e9enne, certainement au Parc des Princes. \u00ab\u00a0Mais ce n&rsquo;est pas totalement finalis\u00e9\u00a0\u00bb, temp\u00e8re Philippe Diallo.<\/p>\n<p>Les Bleus &#8211; t\u00eates de s\u00e9rie du groupe I, s&rsquo;envoleront ensuite vers Boston, o\u00f9 ils installeront leur camp de base, pendant toute la dur\u00e9e du <strong>Mondial, pr\u00e9vu du 11 juin au 19 juillet<\/strong> prochain\u00a0aux Etats-Unis, au Canada et au Mexique.<\/p>\n","protected":false},"excerpt":{"rendered":"Didier Deschamps s&rsquo;appr\u00eate \u00e0 boucler la boucle. Avant de s&rsquo;envoler aux Etats-Unis avec l&rsquo;Equipe de France, pour y&hellip;\n","protected":false},"author":2,"featured_media":666394,"comment_status":"","ping_status":"","sticky":false,"template":"","format":"standard","meta":{"footnotes":""},"categories":[2818],"tags":[1111,11,1777,674,1011,27,766,12,2636,25],"class_list":{"0":"post-666393","1":"post","2":"type-post","3":"status-publish","4":"format-standard","5":"has-post-thumbnail","7":"category-nantes","8":"tag-actu","9":"tag-actualites","10":"tag-eu","11":"tag-europe","12":"tag-fr","13":"tag-france","14":"tag-nantes","15":"tag-news","16":"tag-pays-de-la-loire","17":"tag-republique-francaise"},"share_on_mastodon":{"url":"https:\/\/pubeurope.com\/@fr\/115901627386448667","error":""},"_links":{"self":[{"href":"https:\/\/www.europesays.com\/fr\/wp-json\/wp\/v2\/posts\/666393","targetHints":{"allow":["GET"]}}],"collection":[{"href":"https:\/\/www.europesays.com\/fr\/wp-json\/wp\/v2\/posts"}],"about":[{"href":"https:\/\/www.europesays.com\/fr\/wp-json\/wp\/v2\/types\/post"}],"author":[{"embeddable":true,"href":"https:\/\/www.europesays.com\/fr\/wp-json\/wp\/v2\/users\/2"}],"replies":[{"embeddable":true,"href":"https:\/\/www.europesays.com\/fr\/wp-json\/wp\/v2\/comments?post=666393"}],"version-history":[{"count":0,"href":"https:\/\/www.europesays.com\/fr\/wp-json\/wp\/v2\/posts\/666393\/revisions"}],"wp:featuredmedia":[{"embeddable":true,"href":"https:\/\/www.europesays.com\/fr\/wp-json\/wp\/v2\/media\/666394"}],"wp:attachment":[{"href":"https:\/\/www.europesays.com\/fr\/wp-json\/wp\/v2\/media?parent=666393"}],"wp:term":[{"taxonomy":"category","embeddable":true,"href":"https:\/\/www.europesays.com\/fr\/wp-json\/wp\/v2\/categories?post=666393"},{"taxonomy":"post_tag","embeddable":true,"href":"https:\/\/www.europesays.com\/fr\/wp-json\/wp\/v2\/tags?post=666393"}],"curies":[{"name":"wp","href":"https:\/\/api.w.org\/{rel}","templated":true}]}}