{"id":666395,"date":"2026-01-15T23:07:16","date_gmt":"2026-01-15T23:07:16","guid":{"rendered":"https:\/\/www.europesays.com\/fr\/666395\/"},"modified":"2026-01-15T23:07:16","modified_gmt":"2026-01-15T23:07:16","slug":"un-homme-de-43-ans-entre-dans-une-mairie-pres-de-bordeaux-et-menace-de-poser-une-bombe","status":"publish","type":"post","link":"https:\/\/www.europesays.com\/fr\/666395\/","title":{"rendered":"Un homme de 43 ans entre dans une mairie pr\u00e8s de Bordeaux et menace de \u201cposer une bombe\u201d"},"content":{"rendered":"<p>                    Par<br \/>\n        <strong><br \/>\n            <a href=\"https:\/\/actu.fr\/auteur\/julian-doubax\" title=\"Consulter tous les articles de Julian Doubax\" target=\"_blank\" rel=\"noopener\">Julian Doubax<\/a><br \/>\n                    <\/strong><\/p>\n<p>        Publi\u00e9 le<\/p>\n<p>            15 janv. 2026 \u00e0 17h16        <\/p>\n<p>Il n\u2019est pas venu pour souhaiter des v\u0153ux de bonne ann\u00e9e. Le lundi 12\u00a0janvier 2025, vers 10h, un homme s\u2019est rendu \u00e0 la mairie du <a href=\"https:\/\/actu.fr\/nouvelle-aquitaine\/le-haillan_33200\" target=\"_blank\" rel=\"noopener\">Haillan<\/a> (Gironde). L\u2019individu a commenc\u00e9 \u00e0 prof\u00e9rer des menaces envers <a href=\"https:\/\/actu.fr\/nouvelle-aquitaine\/bordeaux_33063\/la-voiture-future-victime-du-reamenagement-des-boulevards-de-bordeaux-elle-prend-trop-de-place_60095824.html\" target=\"_blank\" rel=\"noopener\">Andr\u00e9a Kiss<\/a>, la maire de la commune et le personnel municipal.\u00a0Avant de partir, il a menac\u00e9 de \u00ab\u2009venir poser une <strong>bombe<\/strong>\u2009\u00bb.<\/p>\n<p class=\" wall-content\">Le lendemain, rebelote. Le 13\u00a0janvier, cet homme de 43\u00a0ans, qui est sans domicile fixe, est retourn\u00e9 dans la mairie. Toujours dans un \u00e9tat de col\u00e8re. Ce coup-ci, la police s\u2019est rendu sur les lieux pour calmer la situation et <strong>interpeller l\u2019individu<\/strong>. Ce dernier venait de sortir r\u00e9cemment de l\u2019h\u00f4pital <a href=\"https:\/\/actu.fr\/nouvelle-aquitaine\/bordeaux_33063\/cette-eleve-infirmiere-denonce-son-exclusion-d-un-hopital-de-bordeaux-son-dossier-est-pourtant-accablant_62862899.html\" target=\"_blank\" rel=\"noopener\">Charles-Perrens<\/a>. Plac\u00e9 en <strong>garde \u00e0 vue<\/strong>, il est dans l\u2019attente d\u2019examen psychiatrique.<\/p>\n<p class=\" wall-content\">Personnalisez votre actualit\u00e9 en ajoutant vos villes et m\u00e9dias en favori avec <a href=\"https:\/\/moncompte.actu.fr\" title=\"D\u00e9couvez Mon Actu\" rel=\"nofollow noopener\" data-trk=\"{&quot;cta&quot;:{&quot;action&quot;:&quot;https:\\\/\\\/moncompte.actu.fr&quot;,&quot;category&quot;:&quot;mon compte&quot;,&quot;from&quot;:&quot;article footer&quot;,&quot;name&quot;:&quot;Mon actu&quot;,&quot;type&quot;:&quot;cta&quot;}}\" target=\"_blank\">Mon Actu<\/a>.<\/p>\n","protected":false},"excerpt":{"rendered":"Par Julian Doubax Publi\u00e9 le 15 janv. 2026 \u00e0 17h16 Il n\u2019est pas venu pour souhaiter des v\u0153ux&hellip;\n","protected":false},"author":2,"featured_media":666396,"comment_status":"","ping_status":"","sticky":false,"template":"","format":"standard","meta":{"footnotes":""},"categories":[2817],"tags":[1111,11,1997,1777,674,118,1011,27,12,2219,1072,25],"class_list":{"0":"post-666395","1":"post","2":"type-post","3":"status-publish","4":"format-standard","5":"has-post-thumbnail","7":"category-bordeaux","8":"tag-actu","9":"tag-actualites","10":"tag-bordeaux","11":"tag-eu","12":"tag-europe","13":"tag-faits-divers","14":"tag-fr","15":"tag-france","16":"tag-news","17":"tag-nouvelle-aquitaine","18":"tag-police","19":"tag-republique-francaise"},"share_on_mastodon":{"url":"https:\/\/pubeurope.com\/@fr\/115901631285078378","error":""},"_links":{"self":[{"href":"https:\/\/www.europesays.com\/fr\/wp-json\/wp\/v2\/posts\/666395","targetHints":{"allow":["GET"]}}],"collection":[{"href":"https:\/\/www.europesays.com\/fr\/wp-json\/wp\/v2\/posts"}],"about":[{"href":"https:\/\/www.europesays.com\/fr\/wp-json\/wp\/v2\/types\/post"}],"author":[{"embeddable":true,"href":"https:\/\/www.europesays.com\/fr\/wp-json\/wp\/v2\/users\/2"}],"replies":[{"embeddable":true,"href":"https:\/\/www.europesays.com\/fr\/wp-json\/wp\/v2\/comments?post=666395"}],"version-history":[{"count":0,"href":"https:\/\/www.europesays.com\/fr\/wp-json\/wp\/v2\/posts\/666395\/revisions"}],"wp:featuredmedia":[{"embeddable":true,"href":"https:\/\/www.europesays.com\/fr\/wp-json\/wp\/v2\/media\/666396"}],"wp:attachment":[{"href":"https:\/\/www.europesays.com\/fr\/wp-json\/wp\/v2\/media?parent=666395"}],"wp:term":[{"taxonomy":"category","embeddable":true,"href":"https:\/\/www.europesays.com\/fr\/wp-json\/wp\/v2\/categories?post=666395"},{"taxonomy":"post_tag","embeddable":true,"href":"https:\/\/www.europesays.com\/fr\/wp-json\/wp\/v2\/tags?post=666395"}],"curies":[{"name":"wp","href":"https:\/\/api.w.org\/{rel}","templated":true}]}}