{"id":666399,"date":"2026-01-15T23:09:11","date_gmt":"2026-01-15T23:09:11","guid":{"rendered":"https:\/\/www.europesays.com\/fr\/666399\/"},"modified":"2026-01-15T23:09:11","modified_gmt":"2026-01-15T23:09:11","slug":"la-melee-fait-ses-voeux-2026","status":"publish","type":"post","link":"https:\/\/www.europesays.com\/fr\/666399\/","title":{"rendered":"La M\u00eal\u00e9e fait ses v\u0153ux 2026"},"content":{"rendered":"<p>La M\u00eal\u00e9e, r\u00e9seau occitan des experts du num\u00e9rique, organise sa c\u00e9r\u00e9monie des v\u0153ux 2026, le 26\u00a0janvier prochain.<\/p>\n<p>Au programme, v\u0153ux du pr\u00e9sident <a href=\"https:\/\/www.touleco.fr\/Du-boom-d-Internet-a-la-generation-IA-les-25-ans-de-la-Melee,48127\" class=\"spip_in\" target=\"_blank\" rel=\"noopener\">\u00c9douard Forzy<\/a> et bilan des activit\u00e9s 2025, mais aussi passage en revue des actualit\u00e9s et des projets des diff\u00e9rents p\u00f4les d\u2019activit\u00e9s. Enfin, la parole sera donn\u00e9e aux nouveaux adh\u00e9rents. <a href=\"https:\/\/lamelee.com\/evenement\/ceremonie-des-voeux-2026\/\" class=\"spip_out\" rel=\"external noopener\" target=\"_blank\">Plus d\u2019informations<\/a> et <a href=\"https:\/\/lamelee.fillout.com\/t\/d3Mre4JWKVus\" class=\"spip_out\" rel=\"external noopener\" target=\"_blank\">inscriptions<\/a> en ligne.<\/p>\n<p>V\u0153ux de La M\u00eal\u00e9e. Le lundi 26\u00a0janvier 2026, de 18h30 \u00e0 22 heures, en pr\u00e9sentiel \u00e0 La Cantine by La M\u00eal\u00e9e, 27 rue d\u2019Aubuisson, \u00e0 Toulouse, et en duplex depuis Montpellier (lieu \u00e0 venir). Il sera \u00e9galement accessible \u00e0 distance en visio.<\/p>\n","protected":false},"excerpt":{"rendered":"La M\u00eal\u00e9e, r\u00e9seau occitan des experts du num\u00e9rique, organise sa c\u00e9r\u00e9monie des v\u0153ux 2026, le 26\u00a0janvier prochain. Au&hellip;\n","protected":false},"author":2,"featured_media":373637,"comment_status":"","ping_status":"","sticky":false,"template":"","format":"standard","meta":{"footnotes":""},"categories":[2816],"tags":[1111,11,1777,674,1011,27,31313,12,4125,2680,25,2312],"class_list":{"0":"post-666399","1":"post","2":"type-post","3":"status-publish","4":"format-standard","5":"has-post-thumbnail","7":"category-toulouse","8":"tag-actu","9":"tag-actualites","10":"tag-eu","11":"tag-europe","12":"tag-fr","13":"tag-france","14":"tag-la-melee","15":"tag-news","16":"tag-numerique","17":"tag-occitanie","18":"tag-republique-francaise","19":"tag-toulouse"},"share_on_mastodon":{"url":"https:\/\/pubeurope.com\/@fr\/115901639341983199","error":""},"_links":{"self":[{"href":"https:\/\/www.europesays.com\/fr\/wp-json\/wp\/v2\/posts\/666399","targetHints":{"allow":["GET"]}}],"collection":[{"href":"https:\/\/www.europesays.com\/fr\/wp-json\/wp\/v2\/posts"}],"about":[{"href":"https:\/\/www.europesays.com\/fr\/wp-json\/wp\/v2\/types\/post"}],"author":[{"embeddable":true,"href":"https:\/\/www.europesays.com\/fr\/wp-json\/wp\/v2\/users\/2"}],"replies":[{"embeddable":true,"href":"https:\/\/www.europesays.com\/fr\/wp-json\/wp\/v2\/comments?post=666399"}],"version-history":[{"count":0,"href":"https:\/\/www.europesays.com\/fr\/wp-json\/wp\/v2\/posts\/666399\/revisions"}],"wp:featuredmedia":[{"embeddable":true,"href":"https:\/\/www.europesays.com\/fr\/wp-json\/wp\/v2\/media\/373637"}],"wp:attachment":[{"href":"https:\/\/www.europesays.com\/fr\/wp-json\/wp\/v2\/media?parent=666399"}],"wp:term":[{"taxonomy":"category","embeddable":true,"href":"https:\/\/www.europesays.com\/fr\/wp-json\/wp\/v2\/categories?post=666399"},{"taxonomy":"post_tag","embeddable":true,"href":"https:\/\/www.europesays.com\/fr\/wp-json\/wp\/v2\/tags?post=666399"}],"curies":[{"name":"wp","href":"https:\/\/api.w.org\/{rel}","templated":true}]}}