{"id":666416,"date":"2026-01-15T23:20:14","date_gmt":"2026-01-15T23:20:14","guid":{"rendered":"https:\/\/www.europesays.com\/fr\/666416\/"},"modified":"2026-01-15T23:20:14","modified_gmt":"2026-01-15T23:20:14","slug":"paris-basketball-monaco-a-quelle-heure-et-sur-quelle-chaine-tv-voir-le-match-de-22e-journee-deuroligue","status":"publish","type":"post","link":"https:\/\/www.europesays.com\/fr\/666416\/","title":{"rendered":"Paris Basketball-Monaco : \u00e0 quelle heure et sur quelle cha\u00eene TV voir le match de 22e journ\u00e9e d\u2019Euroligue ?"},"content":{"rendered":"<p class=\"paragraph text_align_left lp-f-body-02\">Toujours aussi inconstant cette saison, que ce soit sur la sc\u00e8ne domestique ou europ\u00e9enne, le <a href=\"https:\/\/www.leparisien.fr\/sports\/basket\/\" target=\"_blank\" rel=\"noreferrer noopener\">Paris Basketball<\/a> repart \u00e0 l\u2019assaut de l\u2019<a href=\"https:\/\/www.leparisien.fr\/sports\/basket\/notre-discipline-devrait-etre-plus-respectee-les-verites-de-nando-de-colo-avant-asvel-paris-basketball-30-12-2025-S63Z7RKBT5EFVJEV2QDEGMEISI.php\" target=\"_blank\" rel=\"noreferrer noopener\">Euroligue<\/a>, jeudi dans son antre de l\u2019Adidas Arena. Les Parisiens y affrontent Monaco pour une affiche franco-fran\u00e7aise prometteuse, bien que d\u00e9s\u00e9quilibr\u00e9e sur le papier.<\/p>\n<p class=\"\">La Roca Team livre en effet une saison de haut vol dans la comp\u00e9tition, dont elle est deuxi\u00e8me avec un bilan positif de 14 victoires pour 7 d\u00e9faites. Bien loin de la 15e place de Paris, d\u00e9cevant avec un bilan de 7 d\u00e9faites pour 13 d\u00e9faites (un match en moins). Les co\u00e9quipiers de Nadir Hifi restent tout de m\u00eame sur un dernier succ\u00e8s 79-84 contre l\u2019Anadolu Efes Istanbul, arrach\u00e9 mercredi dernier.<\/p>\n<p class=\"\"><b>Le coup d\u2019envoi du match Paris Basketball-Monaco est pr\u00e9vu \u00e0 20h45 ce jeudi 15 janvier. La rencontre sera \u00e0 suivre en direct sur la plate-forme Skweek et \u00e0 la t\u00e9l\u00e9vision sur TVMonaco.<\/b><\/p>\n","protected":false},"excerpt":{"rendered":"Toujours aussi inconstant cette saison, que ce soit sur la sc\u00e8ne domestique ou europ\u00e9enne, le Paris Basketball repart&hellip;\n","protected":false},"author":2,"featured_media":666417,"comment_status":"","ping_status":"","sticky":false,"template":"","format":"standard","meta":{"footnotes":""},"categories":[1888],"tags":[1111,1928,11,1927,1465,1777,674,1011,27,12,1926,626,1925,25,60],"class_list":{"0":"post-666416","1":"post","2":"type-post","3":"status-publish","4":"format-standard","5":"has-post-thumbnail","7":"category-paris","8":"tag-actu","9":"tag-actu-paris","10":"tag-actualites","11":"tag-actualites-paris","12":"tag-basket","13":"tag-eu","14":"tag-europe","15":"tag-fr","16":"tag-france","17":"tag-news","18":"tag-news-paris","19":"tag-paris","20":"tag-paris-news","21":"tag-republique-francaise","22":"tag-sports"},"share_on_mastodon":{"url":"https:\/\/pubeurope.com\/@fr\/115901682437649452","error":""},"_links":{"self":[{"href":"https:\/\/www.europesays.com\/fr\/wp-json\/wp\/v2\/posts\/666416","targetHints":{"allow":["GET"]}}],"collection":[{"href":"https:\/\/www.europesays.com\/fr\/wp-json\/wp\/v2\/posts"}],"about":[{"href":"https:\/\/www.europesays.com\/fr\/wp-json\/wp\/v2\/types\/post"}],"author":[{"embeddable":true,"href":"https:\/\/www.europesays.com\/fr\/wp-json\/wp\/v2\/users\/2"}],"replies":[{"embeddable":true,"href":"https:\/\/www.europesays.com\/fr\/wp-json\/wp\/v2\/comments?post=666416"}],"version-history":[{"count":0,"href":"https:\/\/www.europesays.com\/fr\/wp-json\/wp\/v2\/posts\/666416\/revisions"}],"wp:featuredmedia":[{"embeddable":true,"href":"https:\/\/www.europesays.com\/fr\/wp-json\/wp\/v2\/media\/666417"}],"wp:attachment":[{"href":"https:\/\/www.europesays.com\/fr\/wp-json\/wp\/v2\/media?parent=666416"}],"wp:term":[{"taxonomy":"category","embeddable":true,"href":"https:\/\/www.europesays.com\/fr\/wp-json\/wp\/v2\/categories?post=666416"},{"taxonomy":"post_tag","embeddable":true,"href":"https:\/\/www.europesays.com\/fr\/wp-json\/wp\/v2\/tags?post=666416"}],"curies":[{"name":"wp","href":"https:\/\/api.w.org\/{rel}","templated":true}]}}