{"id":666418,"date":"2026-01-15T23:21:12","date_gmt":"2026-01-15T23:21:12","guid":{"rendered":"https:\/\/www.europesays.com\/fr\/666418\/"},"modified":"2026-01-15T23:21:12","modified_gmt":"2026-01-15T23:21:12","slug":"municipales-a-paris-bouscule-par-sarah-knafo-thierry-mariani-rn-tente-de-se-relancer-avec-un-plan-securite","status":"publish","type":"post","link":"https:\/\/www.europesays.com\/fr\/666418\/","title":{"rendered":"Municipales \u00e0 Paris\u00a0: bouscul\u00e9 par Sarah Knafo, Thierry Mariani (RN) tente de se relancer avec un plan s\u00e9curit\u00e9"},"content":{"rendered":"<p class=\"\">Une d\u00e9claration de candidature au \u00ab 20 Heures \u00bb de TF 1, un premier meeting dans les chics salons Hoche tout pr\u00e8s de l\u2019Arc de Triomphe et un d\u00e9but de buzz sur les r\u00e9seaux sociaux. \u00ab Une campagne, cela s\u2019\u00e9tend sur deux mois (encore). Oui elle a fait un d\u00e9but en fanfare, mais grotesque et enfantin. Moi, je fais une campagne politique \u00bb, r\u00e9pond <a href=\"https:\/\/www.leparisien.fr\/elections\/municipales\/municipales-2026-thierry-mariani-candidat-du-rn-et-de-ludr-pour-retrouver-paris-12-12-2025-TE6A2ZXWYJGAXC4DXHMO2S4WVY.php\" target=\"_blank\" rel=\"noreferrer noopener\">Thierry Mariani<\/a> quand on lui \u00e9voque sa concurrente d\u2019extr\u00eame droite, tout en reconnaissant \u00eatre \u00ab moins pr\u00e9sent sur les r\u00e9seaux sociaux \u00bb. \u00ab Je ne vais pas me d\u00e9guiser en Peter Pan pour nettoyer les tags ! \u00bb<\/p>\n","protected":false},"excerpt":{"rendered":"Une d\u00e9claration de candidature au \u00ab 20 Heures \u00bb de TF 1, un premier meeting dans les chics&hellip;\n","protected":false},"author":2,"featured_media":666419,"comment_status":"","ping_status":"","sticky":false,"template":"","format":"standard","meta":{"footnotes":""},"categories":[1888],"tags":[11,5949,1777,674,1011,27,3554,12,626,316,25],"class_list":{"0":"post-666418","1":"post","2":"type-post","3":"status-publish","4":"format-standard","5":"has-post-thumbnail","7":"category-paris","8":"tag-actualites","9":"tag-elections","10":"tag-eu","11":"tag-europe","12":"tag-fr","13":"tag-france","14":"tag-municipales","15":"tag-news","16":"tag-paris","17":"tag-politique","18":"tag-republique-francaise"},"share_on_mastodon":{"url":"https:\/\/pubeurope.com\/@fr\/115901686482719876","error":""},"_links":{"self":[{"href":"https:\/\/www.europesays.com\/fr\/wp-json\/wp\/v2\/posts\/666418","targetHints":{"allow":["GET"]}}],"collection":[{"href":"https:\/\/www.europesays.com\/fr\/wp-json\/wp\/v2\/posts"}],"about":[{"href":"https:\/\/www.europesays.com\/fr\/wp-json\/wp\/v2\/types\/post"}],"author":[{"embeddable":true,"href":"https:\/\/www.europesays.com\/fr\/wp-json\/wp\/v2\/users\/2"}],"replies":[{"embeddable":true,"href":"https:\/\/www.europesays.com\/fr\/wp-json\/wp\/v2\/comments?post=666418"}],"version-history":[{"count":0,"href":"https:\/\/www.europesays.com\/fr\/wp-json\/wp\/v2\/posts\/666418\/revisions"}],"wp:featuredmedia":[{"embeddable":true,"href":"https:\/\/www.europesays.com\/fr\/wp-json\/wp\/v2\/media\/666419"}],"wp:attachment":[{"href":"https:\/\/www.europesays.com\/fr\/wp-json\/wp\/v2\/media?parent=666418"}],"wp:term":[{"taxonomy":"category","embeddable":true,"href":"https:\/\/www.europesays.com\/fr\/wp-json\/wp\/v2\/categories?post=666418"},{"taxonomy":"post_tag","embeddable":true,"href":"https:\/\/www.europesays.com\/fr\/wp-json\/wp\/v2\/tags?post=666418"}],"curies":[{"name":"wp","href":"https:\/\/api.w.org\/{rel}","templated":true}]}}