{"id":666420,"date":"2026-01-15T23:22:16","date_gmt":"2026-01-15T23:22:16","guid":{"rendered":"https:\/\/www.europesays.com\/fr\/666420\/"},"modified":"2026-01-15T23:22:16","modified_gmt":"2026-01-15T23:22:16","slug":"le-classique-echappe-a-paris","status":"publish","type":"post","link":"https:\/\/www.europesays.com\/fr\/666420\/","title":{"rendered":"Le classique \u00e9chappe \u00e0 Paris"},"content":{"rendered":"<p><strong>Malgr\u00e9 de bons d\u00e9buts de QT, le Paris Basketball s\u2019incline (87-95) dans le money time contre Monaco \u00e0 l\u2019adidas arena durant cette 22e journ\u00e9e d\u2019EuroLeague.<\/strong><\/p>\n<p>La cr\u00e8me du basketball europ\u00e9en \u00e9tait au rendez-vous ce jeudi soir. Au final, la Roca Team tire son \u00e9pingle du jeu gr\u00e2ce \u00e0 son exp\u00e9rience face \u00e0 cette fougue parisienne.<\/p>\n<p>C\u2019est pourtant Paris qui frappe en 1er. Le tomar de <a href=\"https:\/\/parisbasketball.com\/player\/mouhamed-faye\/\" target=\"_blank\" rel=\"noopener\">Momo Faye<\/a> d\u2019entr\u00e9e donne le rythme d\u2019un d\u00e9part \u00e0 l\u2019avantage de nos joueurs. Pouss\u00e9 par le 2\/2 de <a href=\"https:\/\/parisbasketball.com\/player\/jared-rhoden-2\/\" target=\"_blank\" rel=\"noopener\">Jared Rhoden<\/a> derri\u00e8re l\u2019arc, le Paris Basketball commence la partie par un gros run (8-0). Mais notre num\u00e9ro 8 a un s\u00e9rieux concurrent en terme d\u2019adresse car Mike James inscrit 17 points dans le 1QT. Ce coup de chaud permet \u00e0 Monaco de prendre l\u2019avantage, m\u00eame si nos Parisiens r\u00e9agissent d\u00e8s l\u2019entame du 2QT. Dominant dans la raquette (12 rebonds \u00e0 6 dans le QT), Paris laisse les 3 points de c\u00f4t\u00e9 pour privil\u00e9gier les drives tranchants \u00e0 la suite de remont\u00e9es de balle rapides. La Roca Team est prise de vitesse (7 fautes) et les hommes de Francesco Tabellini recollent au tableau d\u2019affichage (27-27).<\/p>\n<p><img loading=\"lazy\" decoding=\"async\" width=\"1080\" height=\"1080\" src=\"https:\/\/www.europesays.com\/fr\/wp-content\/uploads\/2026\/01\/l-15.png\" alt=\"\" class=\"wp-image-53669 size-full\" style=\"object-position:49% 33%\"  \/><\/p>\n<p><img loading=\"lazy\" decoding=\"async\" width=\"1080\" height=\"1080\" src=\"https:\/\/www.europesays.com\/fr\/wp-content\/uploads\/2026\/01\/Sans-titre-1-11.png\" alt=\"\" class=\"wp-image-53675 size-full\" style=\"object-position:63% 38%\"  \/><\/p>\n<p>Une derni\u00e8re acc\u00e9l\u00e9ration de Nikola Mirotic permet toutefois aux visiteurs de cr\u00e9er un \u00e9cart \u00e0 la mi-temps (43-52)\u2026 que <a href=\"https:\/\/parisbasketball.com\/player\/nadir-hifi\/\" target=\"_blank\" rel=\"noopener\">Nadir Hifi<\/a> r\u00e9duit \u00e0 1 petite unit\u00e9 apr\u00e8s 2 gros shoots depuis le parking dans les 1\u00e8res possessions du 3QT (55-56) ! Sur un dunk tout en puissance d\u2019<a href=\"https:\/\/parisbasketball.com\/player\/allan-dokossi\/\" data-type=\"link\" data-id=\"https:\/\/parisbasketball.com\/player\/allan-dokossi\/\" target=\"_blank\" rel=\"noopener\">Allan Dokossi<\/a>, le Paris Basketball parvient m\u00eame \u00e0 de nouveau \u00e9galiser (59-59). Cette grosse d\u00e9bauche d\u2019\u00e9nergie ne suffit n\u00e9anmoins \u00e0 contenir un Monaco toujours aussi adroit depuis le parking (14\/37 \u00e0 3 points). L\u00e0 encore, il faut un BIG d\u00e9marrage pour que nos Parisiens passent de -12 (64-76) \u00e0 -4 (77-83) au milieu du 4QT. Port\u00e9 par plus de 6 697 supporters, Paris plonge cette rencontre dans le money time au forceps. Les 2 \u00e9quipes se r\u00e9pondent action apr\u00e8s action, si bien que l\u2019\u00e9cart se stabilise \u00e0 50 secondes du terme. Mais c\u2019est bien le club du Rocher qui aura le dernier mot (87-95).<\/p>\n<p>\u00c0 chaque fois, le Paris Basketball est parvenu \u00e0 faire douter le vice-champion d\u2019Europe. Et ce, jusque dans les derni\u00e8res minutes. Cela n\u2019a toutefois pas suffi pour venir \u00e0 bout d\u2019un Monaco davantage gestionnaire dans les moments qui comptent.<\/p>\n<p>Cette semaine remplie d\u2019affiches de prestige \u00e0 l\u2019adidas arena se conclura en beaut\u00e9 ce dimanche contre Le Mans \u00e0 19h. Pour venir supporter nos champions, \u00e7a se passe <a href=\"https:\/\/www.ticketmaster.fr\/fr\/manifestation\/paris-basketball-vs-msb-le-mans-billet\/idmanif\/644072\/idtier\/38817285\" data-type=\"link\" data-id=\"https:\/\/www.ticketmaster.fr\/fr\/manifestation\/paris-basketball-vs-msb-le-mans-billet\/idmanif\/644072\/idtier\/38817285\" target=\"_blank\" rel=\"noopener\">ici<\/a>.<\/p>\n<blockquote class=\"instagram-media\" data-instgrm-captioned=\"\" data-instgrm-permalink=\"https:\/\/www.instagram.com\/p\/DTjA7TpDNYm\/?utm_source=ig_embed&amp;utm_campaign=loading\" data-instgrm-version=\"14\" style=\" background:#FFF; border:0; border-radius:3px; box-shadow:0 0 1px 0 rgba(0,0,0,0.5),0 1px 10px 0 rgba(0,0,0,0.15); margin: 1px; max-width:540px; min-width:326px; padding:0; width:99.375%; width:-webkit-calc(100% - 2px); width:calc(100% - 2px);\"\/>\n<p>\t\t<script async src=\"\/\/www.instagram.com\/embed.js\"><\/script><\/p>\n","protected":false},"excerpt":{"rendered":"Malgr\u00e9 de bons d\u00e9buts de QT, le Paris Basketball s\u2019incline (87-95) dans le money time contre Monaco \u00e0&hellip;\n","protected":false},"author":2,"featured_media":666421,"comment_status":"","ping_status":"","sticky":false,"template":"","format":"standard","meta":{"footnotes":""},"categories":[1888],"tags":[11,1777,674,1011,27,12,626,25],"class_list":{"0":"post-666420","1":"post","2":"type-post","3":"status-publish","4":"format-standard","5":"has-post-thumbnail","7":"category-paris","8":"tag-actualites","9":"tag-eu","10":"tag-europe","11":"tag-fr","12":"tag-france","13":"tag-news","14":"tag-paris","15":"tag-republique-francaise"},"share_on_mastodon":{"url":"https:\/\/pubeurope.com\/@fr\/115901690671086738","error":""},"_links":{"self":[{"href":"https:\/\/www.europesays.com\/fr\/wp-json\/wp\/v2\/posts\/666420","targetHints":{"allow":["GET"]}}],"collection":[{"href":"https:\/\/www.europesays.com\/fr\/wp-json\/wp\/v2\/posts"}],"about":[{"href":"https:\/\/www.europesays.com\/fr\/wp-json\/wp\/v2\/types\/post"}],"author":[{"embeddable":true,"href":"https:\/\/www.europesays.com\/fr\/wp-json\/wp\/v2\/users\/2"}],"replies":[{"embeddable":true,"href":"https:\/\/www.europesays.com\/fr\/wp-json\/wp\/v2\/comments?post=666420"}],"version-history":[{"count":0,"href":"https:\/\/www.europesays.com\/fr\/wp-json\/wp\/v2\/posts\/666420\/revisions"}],"wp:featuredmedia":[{"embeddable":true,"href":"https:\/\/www.europesays.com\/fr\/wp-json\/wp\/v2\/media\/666421"}],"wp:attachment":[{"href":"https:\/\/www.europesays.com\/fr\/wp-json\/wp\/v2\/media?parent=666420"}],"wp:term":[{"taxonomy":"category","embeddable":true,"href":"https:\/\/www.europesays.com\/fr\/wp-json\/wp\/v2\/categories?post=666420"},{"taxonomy":"post_tag","embeddable":true,"href":"https:\/\/www.europesays.com\/fr\/wp-json\/wp\/v2\/tags?post=666420"}],"curies":[{"name":"wp","href":"https:\/\/api.w.org\/{rel}","templated":true}]}}