{"id":666436,"date":"2026-01-15T23:30:11","date_gmt":"2026-01-15T23:30:11","guid":{"rendered":"https:\/\/www.europesays.com\/fr\/666436\/"},"modified":"2026-01-15T23:30:11","modified_gmt":"2026-01-15T23:30:11","slug":"jusquau-deuxieme-etage-des-batiments-des-chutes-de-neige-hors-normes-font-deux-morts","status":"publish","type":"post","link":"https:\/\/www.europesays.com\/fr\/666436\/","title":{"rendered":"Jusqu\u2019au deuxi\u00e8me \u00e9tage des b\u00e2timents\u2026 Des chutes de neige hors normes font deux morts"},"content":{"rendered":"<p>Les images sont impressionnantes. Deux personnes sont mortes jeudi \u00e0 cause de chutes de <a href=\"https:\/\/www.20minutes.fr\/dossier\/neige\" class=\"c-link c-link--is-underlined\" target=\"_blank\" rel=\"noopener\">neige <\/a>de grande ampleur dans la p\u00e9ninsule <a href=\"https:\/\/www.20minutes.fr\/monde\/russie\/\" class=\"c-link c-link--is-underlined\" target=\"_blank\" rel=\"noopener\">russe <\/a>du Kamtchatka, en Extr\u00eame-Orient, un territoire recul\u00e9 o\u00f9 routes et maisons ont \u00e9t\u00e9 ensevelies.<\/p>\n<p>Les images diffus\u00e9es sur les r\u00e9seaux sociaux montraient d\u2019\u00e9normes amoncellements de neige atteignant jusqu\u2019au deuxi\u00e8me \u00e9tage des b\u00e2timents et des habitants creusant leur chemin \u00e0 travers les routes, de la neige s\u2019\u00e9levant de part et d\u2019autre au-dessus des voitures.<\/p>\n<\/p>\n<p>Bien que les chutes de neige ne soient pas rares sur cette p\u00e9ninsule qui borde l\u2019<a href=\"https:\/\/www.20minutes.fr\/dossier\/pacifique\" class=\"c-link c-link--is-underlined\" target=\"_blank\" rel=\"noopener\">oc\u00e9an Pacifique<\/a>, l\u2019intensit\u00e9 inhabituelle de cette temp\u00eate a partiellement paralys\u00e9 la principale ville de la r\u00e9gion, Petropavlovsk-Kamtchatski, o\u00f9 le maire a d\u00e9cr\u00e9t\u00e9 l\u2019\u00e9tat d\u2019urgence.<\/p>\n<p>Ecroulements mortels<\/p>\n<p>Deux hommes y ont p\u00e9ri jeudi, tu\u00e9s par l\u2019\u00e9croulement d\u2019une masse de neige depuis le toit d\u2019un immeuble et d\u2019une maison, a annonc\u00e9 sur le r\u00e9seau social VK Sergue\u00ef Lebedev, un responsable local du minist\u00e8re russe des Situations d\u2019urgence. Les \u00e9coles ont suspendu leurs cours et les entreprises fonctionnent en t\u00e9l\u00e9travail.<\/p>\n<p>Plus de 150 kilom\u00e8tres de routes sur la p\u00e9ninsule ont \u00e9t\u00e9 recouverts d\u2019une \u00e9paisse couche de neige allant jusqu\u2019\u00e0 80 centim\u00e8tres de hauteur et les cong\u00e8res atteignent jusqu\u2019\u00e0 4 m\u00e8tres \u00e0 certains endroits, a pr\u00e9cis\u00e9 le <a href=\"https:\/\/www.20minutes.fr\/dossier\/ministere\" class=\"c-link c-link--is-underlined\" target=\"_blank\" rel=\"noopener\">minist\u00e8re<\/a> russe de la D\u00e9fense, qui a envoy\u00e9 des militaires pour assister les autorit\u00e9s.<\/p>\n<p>Magasins d\u00e9valis\u00e9s<\/p>\n<p>Selon un reportage du journal local Kamtchatka-Inform, des habitants se plaignent de l\u2019absence de pain, d\u2019\u0153ufs et de lait dans certaines \u00e9piceries, signe d\u2019achats de panique.<\/p>\n<p>Les autorit\u00e9s locales ont d\u00e9clar\u00e9 qu\u2019il n\u2019y avait pas de p\u00e9nuries, admettant toutefois que certains magasins \u00e9taient difficilement accessibles en raison de la neige.<\/p>\n<p>\u00ab\u00a0Les difficult\u00e9s qui surviennent sont purement d\u2019ordre logistique [\u2026] Les livraisons reprennent progressivement au fur et \u00e0 mesure que les routes sont d\u00e9gag\u00e9es\u00a0\u00bb, a d\u00e9clar\u00e9 une responsable du gouvernement r\u00e9gional, Ioulia Morozova, cit\u00e9e par un autre journal local, Kamtchatka Media.<\/p>\n","protected":false},"excerpt":{"rendered":"Les images sont impressionnantes. Deux personnes sont mortes jeudi \u00e0 cause de chutes de neige de grande ampleur&hellip;\n","protected":false},"author":2,"featured_media":666437,"comment_status":"","ping_status":"","sticky":false,"template":"","format":"standard","meta":{"footnotes":""},"categories":[2],"tags":[119,47,11,1011,27,2487,74,10584,12,25,8013,132],"class_list":{"0":"post-666436","1":"post","2":"type-post","3":"status-publish","4":"format-standard","5":"has-post-thumbnail","7":"category-actualites","8":"tag-accident","9":"tag-actualite","10":"tag-actualites","11":"tag-fr","12":"tag-france","13":"tag-meteo","14":"tag-monde","15":"tag-neige","16":"tag-news","17":"tag-republique-francaise","18":"tag-russe","19":"tag-russie"},"share_on_mastodon":{"url":"https:\/\/pubeurope.com\/@fr\/115901722284896021","error":""},"_links":{"self":[{"href":"https:\/\/www.europesays.com\/fr\/wp-json\/wp\/v2\/posts\/666436","targetHints":{"allow":["GET"]}}],"collection":[{"href":"https:\/\/www.europesays.com\/fr\/wp-json\/wp\/v2\/posts"}],"about":[{"href":"https:\/\/www.europesays.com\/fr\/wp-json\/wp\/v2\/types\/post"}],"author":[{"embeddable":true,"href":"https:\/\/www.europesays.com\/fr\/wp-json\/wp\/v2\/users\/2"}],"replies":[{"embeddable":true,"href":"https:\/\/www.europesays.com\/fr\/wp-json\/wp\/v2\/comments?post=666436"}],"version-history":[{"count":0,"href":"https:\/\/www.europesays.com\/fr\/wp-json\/wp\/v2\/posts\/666436\/revisions"}],"wp:featuredmedia":[{"embeddable":true,"href":"https:\/\/www.europesays.com\/fr\/wp-json\/wp\/v2\/media\/666437"}],"wp:attachment":[{"href":"https:\/\/www.europesays.com\/fr\/wp-json\/wp\/v2\/media?parent=666436"}],"wp:term":[{"taxonomy":"category","embeddable":true,"href":"https:\/\/www.europesays.com\/fr\/wp-json\/wp\/v2\/categories?post=666436"},{"taxonomy":"post_tag","embeddable":true,"href":"https:\/\/www.europesays.com\/fr\/wp-json\/wp\/v2\/tags?post=666436"}],"curies":[{"name":"wp","href":"https:\/\/api.w.org\/{rel}","templated":true}]}}