{"id":666442,"date":"2026-01-15T23:35:09","date_gmt":"2026-01-15T23:35:09","guid":{"rendered":"https:\/\/www.europesays.com\/fr\/666442\/"},"modified":"2026-01-15T23:35:09","modified_gmt":"2026-01-15T23:35:09","slug":"les-verites-de-pierre-mignoni-sur-le-recrutement-de-junior-kpoku-cest-un-renfort-de-poids-pour-le-rct","status":"publish","type":"post","link":"https:\/\/www.europesays.com\/fr\/666442\/","title":{"rendered":"Les v\u00e9rit\u00e9s de Pierre Mignoni sur le recrutement de Junior Kpoku : \u00ab C\u2019est un renfort de poids pour le RCT \u00bb"},"content":{"rendered":"<p>Le jeune deuxi\u00e8me ligne Junior Kpoku a rejoint les rangs du Rugby Club Toulonnais cette semaine, en provenance du Racing 92.<\/p>\n<p>Le club Francilien a accept\u00e9 de pr\u00eater le joueur Anglais au RCT jusqu\u2019\u00e0 la fin de la saison.<\/p>\n<p>Interrog\u00e9 en conf\u00e9rence de presse sur cette d\u00e9cision de recruter Junior Kpoku, le manager Toulonnais Pierre Mignoni n\u2019a pas manqu\u00e9 de dire le plus grand bien du jeune joueur de 20 ans.<\/p>\n<p>Il explique pourquoi le RCT a mis\u00e9 sur ce jeune joueur pour la suite de la saison.<\/p>\n<p><strong>A lire ci-dessous :<\/strong><\/p>\n<p>\u00ab\u00a0Junior Kpoku, c\u2019est quelqu\u2019un qui est en France depuis trois saisons maintenant. Il sera JIFF la saison prochaine. Il connait bien le championnat, il est sur place. Il joue 4 et 5. Il peut jouer 7 aussi. Il fait 2m03 pour 120 kilos. Il a 21 ans. Il a l\u2019\u00e2ge de Corentin M\u00e9zou, c\u2019est la m\u00eame g\u00e9n\u00e9ration car ils ont jou\u00e9 contre en U20. C\u2019est marrant de les retrouver associ\u00e9s sur le terrain aujourd\u2019hui. C\u2019est une belle jeunesse. Il est avec nous jusqu\u2019\u00e0 la fin de la saison. <\/p>\n<p>Il doit encore se d\u00e9velopper mais je le suis depuis un moment et il a d\u2019\u00e9normes qualit\u00e9s athl\u00e9tiques. Et sa polyvalence est n\u00e9cessaire pour nous \u00e9tant donn\u00e9 nos bless\u00e9s. C\u2019est un renfort de poids. On a mis du temps \u00e0 trouver ce renfort mais on ne prend pas un joueur pour prendre un joueur. On a pris quelqu\u2019un que l\u2019on voulait vraiment et qui soit utile \u00e0 tous les postes.\u00a0\u00bb<\/p>\n<p><strong>Bien \u00e9videmment, Junior Kpoku ne sera pas align\u00e9 ce week-end contre Gloucester. Extrait:<\/strong><\/p>\n<p>\u00ab\u00a0Il vient d\u2019arriver. Il est arriv\u00e9 lundi. Je ne l\u2019ai pas pr\u00e9par\u00e9 car je n\u2019ai pas parl\u00e9 avec lui avant. Il \u00e9tait au Racing 92. On n\u2019a pas fait de r\u00e9union. Cela s\u2019est fait au dernier moment et il faut lui laisser du temps. Mais il connait le rugby, il pige, il sait ce qu\u2019il a \u00e0 faire sur un terrain. Mais il faut qu\u2019il connaisse l\u2019environnement, les joueurs, les annonces\u2026\u00a0\u00bb<\/p>\n","protected":false},"excerpt":{"rendered":"Le jeune deuxi\u00e8me ligne Junior Kpoku a rejoint les rangs du Rugby Club Toulonnais cette semaine, en provenance&hellip;\n","protected":false},"author":2,"featured_media":666443,"comment_status":"","ping_status":"","sticky":false,"template":"","format":"standard","meta":{"footnotes":""},"categories":[1416],"tags":[1011,27,479,1468,60],"class_list":{"0":"post-666442","1":"post","2":"type-post","3":"status-publish","4":"format-standard","5":"has-post-thumbnail","7":"category-rugby","8":"tag-fr","9":"tag-france","10":"tag-rugby","11":"tag-rugby-football","12":"tag-sports"},"share_on_mastodon":{"url":"https:\/\/pubeurope.com\/@fr\/115901741393143851","error":""},"_links":{"self":[{"href":"https:\/\/www.europesays.com\/fr\/wp-json\/wp\/v2\/posts\/666442","targetHints":{"allow":["GET"]}}],"collection":[{"href":"https:\/\/www.europesays.com\/fr\/wp-json\/wp\/v2\/posts"}],"about":[{"href":"https:\/\/www.europesays.com\/fr\/wp-json\/wp\/v2\/types\/post"}],"author":[{"embeddable":true,"href":"https:\/\/www.europesays.com\/fr\/wp-json\/wp\/v2\/users\/2"}],"replies":[{"embeddable":true,"href":"https:\/\/www.europesays.com\/fr\/wp-json\/wp\/v2\/comments?post=666442"}],"version-history":[{"count":0,"href":"https:\/\/www.europesays.com\/fr\/wp-json\/wp\/v2\/posts\/666442\/revisions"}],"wp:featuredmedia":[{"embeddable":true,"href":"https:\/\/www.europesays.com\/fr\/wp-json\/wp\/v2\/media\/666443"}],"wp:attachment":[{"href":"https:\/\/www.europesays.com\/fr\/wp-json\/wp\/v2\/media?parent=666442"}],"wp:term":[{"taxonomy":"category","embeddable":true,"href":"https:\/\/www.europesays.com\/fr\/wp-json\/wp\/v2\/categories?post=666442"},{"taxonomy":"post_tag","embeddable":true,"href":"https:\/\/www.europesays.com\/fr\/wp-json\/wp\/v2\/tags?post=666442"}],"curies":[{"name":"wp","href":"https:\/\/api.w.org\/{rel}","templated":true}]}}