{"id":666448,"date":"2026-01-15T23:41:10","date_gmt":"2026-01-15T23:41:10","guid":{"rendered":"https:\/\/www.europesays.com\/fr\/666448\/"},"modified":"2026-01-15T23:41:10","modified_gmt":"2026-01-15T23:41:10","slug":"le-plan-de-lolympique-lyonnais-pour-la-suite-de-la-carriere-de-martin-satriano","status":"publish","type":"post","link":"https:\/\/www.europesays.com\/fr\/666448\/","title":{"rendered":"Le plan de l&rsquo;Olympique Lyonnais pour la suite de la carri\u00e8re de Martin Satriano"},"content":{"rendered":"<p data-start=\"0\" data-end=\"348\"><strong>Pr\u00eat\u00e9 par le RC Lens jusqu\u2019\u00e0 la fin de la saison, Martin Satriano pourrait ne pas s\u2019\u00e9terniser \u00e0 l\u2019Olympique Lyonnais. Selon Foot Mercato, l\u2019OL envisage de lever d\u00e8s cet hiver l\u2019option d\u2019achat fix\u00e9e \u00e0 5 M\u20ac, avec l\u2019id\u00e9e de revendre imm\u00e9diatement l\u2019attaquant uruguayen afin de r\u00e9aliser une plus-value rapide sur le march\u00e9 des transferts.<\/strong><\/p>\n<p data-start=\"498\" data-end=\"835\">Arriv\u00e9 \u00e0 Lyon l\u2019\u00e9t\u00e9 dernier sous la forme d\u2019un pr\u00eat en provenance du RC Lens, Martin Satriano vit une saison contrast\u00e9e sous le maillot lyonnais. En 19 apparitions toutes comp\u00e9titions confondues, l\u2019attaquant de 24 ans a inscrit 3 buts, un rendement jug\u00e9 insuffisant au regard des attentes sportives d\u2019un club qui vise le haut de tableau.<\/p>\n<p data-start=\"837\" data-end=\"1187\">Pourtant, son avenir pourrait s\u2019\u00e9crire loin du Groupama Stadium plus t\u00f4t que pr\u00e9vu. D\u2019apr\u00e8s les informations de Foot Mercato, l\u2019OL compte lever d\u00e8s ce mercato hivernal l\u2019option d\u2019achat de 5 M\u20ac incluse dans son contrat. Une option qui, \u00e0 l\u2019origine, devait \u00eatre activ\u00e9e automatiquement en cas de maintien en Ligue 1, sc\u00e9nario d\u00e9sormais tr\u00e8s probable.<\/p>\n<p>Achat imm\u00e9diat\u2026 puis vente express ?<\/p>\n<p data-start=\"1231\" data-end=\"1540\">L\u2019id\u00e9e des dirigeants lyonnais est claire : recruter d\u00e9finitivement Satriano pour mieux le vendre dans la foul\u00e9e. Malgr\u00e9 des statistiques modestes, l\u2019Uruguayen conserve une cote int\u00e9ressante sur le march\u00e9 europ\u00e9en, notamment gr\u00e2ce \u00e0 son profil polyvalent, son exp\u00e9rience en Serie A et sa marge de progression.<\/p>\n<p data-start=\"1542\" data-end=\"1707\">\u00c9valu\u00e9 \u00e0 environ 6 M\u20ac, Satriano pourrait permettre \u00e0 l\u2019OL de d\u00e9gager une plus-value rapide, un enjeu important dans un contexte \u00e9conomique toujours surveill\u00e9 \u00e0 Lyon.<\/p>\n<p>L\u2019Espagne et l\u2019Italie \u00e0 l\u2019aff\u00fbt<\/p>\n<p data-start=\"1740\" data-end=\"1999\">Les pr\u00e9tendants ne manquent pas. En Espagne, plusieurs clubs engag\u00e9s dans la lutte pour le maintien en Liga, comme Valence ou Girona, suivent attentivement sa situation. En deuxi\u00e8me division espagnole, Oviedo, Elche et Levante appr\u00e9cient \u00e9galement son profil.<\/p>\n<p data-start=\"2001\" data-end=\"2226\">L\u2019Italie reste toutefois une piste privil\u00e9gi\u00e9e. Ancien joueur d\u2019Empoli, Satriano conna\u00eet bien la Serie A et a tap\u00e9 dans l\u2019\u0153il du Torino. D\u2019autres formations comme le Genoa, Cagliari ou encore Parme se sont aussi positionn\u00e9es. Affaire \u00e0 suivre\u2026<\/p>\n<blockquote class=\"twitter-tweet\">\n<p dir=\"ltr\" lang=\"fr\">\ud83d\udea8<a href=\"https:\/\/twitter.com\/hashtag\/mercatOL?src=hash&amp;ref_src=twsrc%5Etfw\" target=\"_blank\" rel=\"noopener\">#mercatOL<\/a> \ud83d\udd34\ud83d\udd35<\/p>\n<p>\u2757\ufe0fGetafe s\u2019est mis d\u2019accord avec l\u2019OL pour r\u00e9cup\u00e9rer Martin Satriano<\/p>\n<p>\ud83d\udd10L\u2019op\u00e9ration consiste pour l\u2019OL \u00e0 lever l\u2019option d\u2019achat de 5 M\u20ac aupr\u00e8s de Lens et de pr\u00eater l\u2019attaquant \ud83c\uddfa\ud83c\uddfe avec OA au club \ud83c\uddea\ud83c\uddf8 qui doit encore r\u00e9gler quelques d\u00e9tails\u2026 <a href=\"https:\/\/t.co\/kJRjdgq384\">https:\/\/t.co\/kJRjdgq384<\/a> <a href=\"https:\/\/t.co\/bEYqqs104G\">pic.twitter.com\/bEYqqs104G<\/a><\/p>\n<p>\u2014 S\u00e9bastien Denis (@sebnonda) <a href=\"https:\/\/twitter.com\/sebnonda\/status\/2011879924332708012?ref_src=twsrc%5Etfw\" target=\"_blank\" rel=\"noopener\">January 15, 2026<\/a><\/p>\n<\/blockquote>\n<p><script async src=\"https:\/\/platform.twitter.com\/widgets.js\" charset=\"utf-8\"><\/script><\/p>\n","protected":false},"excerpt":{"rendered":"Pr\u00eat\u00e9 par le RC Lens jusqu\u2019\u00e0 la fin de la saison, Martin Satriano pourrait ne pas s\u2019\u00e9terniser \u00e0&hellip;\n","protected":false},"author":2,"featured_media":666449,"comment_status":"","ping_status":"","sticky":false,"template":"","format":"standard","meta":{"footnotes":""},"categories":[1410],"tags":[63,1011,27,70677,60,3030],"class_list":{"0":"post-666448","1":"post","2":"type-post","3":"status-publish","4":"format-standard","5":"has-post-thumbnail","7":"category-football","8":"tag-football","9":"tag-fr","10":"tag-france","11":"tag-martin-satriano","12":"tag-sports","13":"tag-top"},"share_on_mastodon":{"url":"https:\/\/pubeurope.com\/@fr\/115901765232404691","error":""},"_links":{"self":[{"href":"https:\/\/www.europesays.com\/fr\/wp-json\/wp\/v2\/posts\/666448","targetHints":{"allow":["GET"]}}],"collection":[{"href":"https:\/\/www.europesays.com\/fr\/wp-json\/wp\/v2\/posts"}],"about":[{"href":"https:\/\/www.europesays.com\/fr\/wp-json\/wp\/v2\/types\/post"}],"author":[{"embeddable":true,"href":"https:\/\/www.europesays.com\/fr\/wp-json\/wp\/v2\/users\/2"}],"replies":[{"embeddable":true,"href":"https:\/\/www.europesays.com\/fr\/wp-json\/wp\/v2\/comments?post=666448"}],"version-history":[{"count":0,"href":"https:\/\/www.europesays.com\/fr\/wp-json\/wp\/v2\/posts\/666448\/revisions"}],"wp:featuredmedia":[{"embeddable":true,"href":"https:\/\/www.europesays.com\/fr\/wp-json\/wp\/v2\/media\/666449"}],"wp:attachment":[{"href":"https:\/\/www.europesays.com\/fr\/wp-json\/wp\/v2\/media?parent=666448"}],"wp:term":[{"taxonomy":"category","embeddable":true,"href":"https:\/\/www.europesays.com\/fr\/wp-json\/wp\/v2\/categories?post=666448"},{"taxonomy":"post_tag","embeddable":true,"href":"https:\/\/www.europesays.com\/fr\/wp-json\/wp\/v2\/tags?post=666448"}],"curies":[{"name":"wp","href":"https:\/\/api.w.org\/{rel}","templated":true}]}}