{"id":666450,"date":"2026-01-15T23:42:10","date_gmt":"2026-01-15T23:42:10","guid":{"rendered":"https:\/\/www.europesays.com\/fr\/666450\/"},"modified":"2026-01-15T23:42:10","modified_gmt":"2026-01-15T23:42:10","slug":"clash-explosif-entre-geraldine-maillet-et-raymond-aabou","status":"publish","type":"post","link":"https:\/\/www.europesays.com\/fr\/666450\/","title":{"rendered":"clash explosif entre G\u00e9raldine Maillet et Raymond Aabou"},"content":{"rendered":"<p>Par <a class=\"author_recette\" id=\"author_name\" href=\"https:\/\/www.nextplz.fr\/auteur\/victoria-buisson\" target=\"_blank\" rel=\"noopener\">Victoria<br \/>\nBuisson<\/a> &#8211;<br \/>\nPubli\u00e9 le 15 Jan 2026 \u00e0<br \/>\n19:00<\/p>\n<p class=\"article-intro excerpt\">Sur le plateau de Tout beau, tout<br \/>\nn9uf, les chroniqueurs Raymond Aabou et G\u00e9raldine Maillet se sont<br \/>\nviolemment \u00e9charp\u00e9s.<\/p>\n<p>Ce mercredi 14 janvier 2026, <a href=\"https:\/\/www.nextplz.fr\/people\/527838-cet-aveu-dechirant-de-raymond-aabou-qui-bouleverse-cyril-hanouna-ca-me-blesse-quand-jentends\" target=\"_blank\" rel=\"noopener\"><br \/>\nRaymond Aabou a lev\u00e9 le voile sur l\u00a0\u00bbautisme de sa fille<\/a> dans le<br \/>\nPrime des v\u00e9rit\u00e9s sur W9. \u00ab\u00a0Ma fille est autiste. Elle se<br \/>\nd\u00e9brouille, elle est incroyable, elle prend sur elle\u00a0\u00bb, a-t-il<br \/>\nr\u00e9v\u00e9l\u00e9 avant d&rsquo;ajouter : \u00ab\u00a0J&rsquo;ai pris le parti de ne jamais en<br \/>\nparler parce que quand je voyais des gens en parler \u00e0 la t\u00e9l\u00e9, je<br \/>\nme disais :\u00a0&lsquo;Pourquoi tu parles de \u00e7a ? Pour qu&rsquo;on te plaigne<br \/>\n? Tu ne vas pas te plaindre \u00e0 la t\u00e9l\u00e9 alors qu&rsquo;il y a des gens qui<br \/>\nont des enfants autistes et qui n&rsquo;ont pas ta chance.&rsquo;\u00a0[\u2026]<br \/>\nPlein de gens n&rsquo;ont pas la chance que j&rsquo;ai parce que moi, je peux<br \/>\nl&rsquo;aider, je peux faire plein de trucs pour elle. Il y a des gens<br \/>\nqui gal\u00e8rent vraiment\u00a0\u00bb.<\/p>\n<p>Raymond Aabou<br \/>\n: son avis tranch\u00e9 sur Kylian Mbapp\u00e9<\/p>\n<p>Figure embl\u00e9matique de Tout beau tout n9uf, <a href=\"https:\/\/www.nextplz.fr\/personnalite\/raymond-aabou\/\" target=\"_blank\" rel=\"noopener\">Raymond Aabou<br \/>\nfait souvent sensation<\/a> sur le plateau de l&rsquo;\u00e9mission culte. En<br \/>\nseptembre dernier, il avait d&rsquo;ailleurs surpris les t\u00e9l\u00e9spectateurs<br \/>\nen \u00e9voquant les propos de Kylian Mbapp\u00e9<br \/>\ndans\u00a0L&rsquo;\u00c9quipe\u00a0sur les \u00ab\u00a0probl\u00e8mes\u00a0\u00bb li\u00e9s<br \/>\n\u00e0 l&rsquo;argent. \u00ab\u00a0Plus tu as d&rsquo;argent, plus tu as de<br \/>\nprobl\u00e8mes.\u00a0Si je n&rsquo;avais pas cette passion, le monde du<br \/>\nfootball m&rsquo;aurait d\u00e9go\u00fbt\u00e9 depuis longtemps&#8230;\u00a0Je suis<br \/>\nfataliste sur ce qu&rsquo;est le monde du foot (&#8230;) Certains ne voient<br \/>\npas que ta vie change, ils veulent garder l&rsquo;image de toi enfant,<br \/>\nquand tu \u00e9tais avec eux &#8230; Mais tu n&rsquo;es plus le m\u00eame : tu as des<br \/>\nresponsabilit\u00e9s, des engagements, des comptes \u00e0 rendre\u00a0\u00bb, avait<br \/>\nlanc\u00e9 le sportif.<\/p>\n<p>\u00ab\u00a0Arr\u00eatez de parler de probl\u00e8mes\u00a0\u00bb<\/p>\n<p>Loin de partager le point de vue de Kylian Mbapp\u00e9, Raymond Aabou<br \/>\ns&rsquo;\u00e9tait emport\u00e9 sur le plateau de W9. \u00ab\u00a0Je disais que Kylian<br \/>\nMbapp\u00e9 s&rsquo;\u00e9tait plaint que plus t&rsquo;as de l&rsquo;argent, plus t&rsquo;as de<br \/>\nprobl\u00e8mes. Et moi je disais c&rsquo;est mieux de ne rien dire, en<br \/>\nfait\u00a0\u00bb, avait-il d\u00e9clar\u00e9. \u00ab\u00a0Pendant que lui, il touche 4<br \/>\nmillions par mois&#8230; En fait, les gens, ils ont ces probl\u00e8mes-l\u00e0,<br \/>\nmais sans l&rsquo;argent. Les gens ont des probl\u00e8mes sans l&rsquo;argent. (\u2026)<br \/>\nArr\u00eatez de parler de probl\u00e8mes !\u00a0\u00bb<\/p>\n<p>G\u00e9raldine Maillet<br \/>\nmonte au cr\u00e9neau<\/p>\n<p>Agac\u00e9e, G\u00e9raldine Maillet avait ensuite contredit Raymond Aabou.<br \/>\n\u00ab\u00a0Mais quand t&rsquo;es accus\u00e9, par exemple, d&rsquo;avoir viol\u00e9 quelqu&rsquo;un<br \/>\nen Su\u00e8de&#8230; C&rsquo;est pas les m\u00eames probl\u00e8mes. Donc c&rsquo;est pas grave ?<br \/>\nDonc tu fermes ta gue*le, en fait ?\u00a0T&rsquo;es riche, c&rsquo;est pas<br \/>\ngrave. Donc t&rsquo;es riche, tu fermes ta gu*ule, tu te d\u00e9fends pas.<br \/>\nComment \u00e7a se passe ? T&rsquo;as juste le droit de te d\u00e9fendre si t&rsquo;es<br \/>\npauvre ? &lsquo;es tellement d\u00e9magogue !\u00a0On a le droit de<br \/>\nse plaindre.\u00a0On a le droit d&rsquo;avoir des moments difficiles dans<br \/>\nla vie&#8230;\u00a0\u00bb Sur le plateau de W9, l&rsquo;ambiance \u00e9tait<br \/>\nparticuli\u00e8rement tendu.<\/p>\n","protected":false},"excerpt":{"rendered":"Par Victoria Buisson &#8211; Publi\u00e9 le 15 Jan 2026 \u00e0 19:00 Sur le plateau de Tout beau, tout&hellip;\n","protected":false},"author":2,"featured_media":666451,"comment_status":"","ping_status":"","sticky":false,"template":"","format":"standard","meta":{"footnotes":""},"categories":[1359],"tags":[58,59,1011,27,973,65861],"class_list":{"0":"post-666450","1":"post","2":"type-post","3":"status-publish","4":"format-standard","5":"has-post-thumbnail","7":"category-people","8":"tag-divertissement","9":"tag-entertainment","10":"tag-fr","11":"tag-france","12":"tag-people","13":"tag-trend"},"share_on_mastodon":{"url":"https:\/\/pubeurope.com\/@fr\/115901768894283863","error":""},"_links":{"self":[{"href":"https:\/\/www.europesays.com\/fr\/wp-json\/wp\/v2\/posts\/666450","targetHints":{"allow":["GET"]}}],"collection":[{"href":"https:\/\/www.europesays.com\/fr\/wp-json\/wp\/v2\/posts"}],"about":[{"href":"https:\/\/www.europesays.com\/fr\/wp-json\/wp\/v2\/types\/post"}],"author":[{"embeddable":true,"href":"https:\/\/www.europesays.com\/fr\/wp-json\/wp\/v2\/users\/2"}],"replies":[{"embeddable":true,"href":"https:\/\/www.europesays.com\/fr\/wp-json\/wp\/v2\/comments?post=666450"}],"version-history":[{"count":0,"href":"https:\/\/www.europesays.com\/fr\/wp-json\/wp\/v2\/posts\/666450\/revisions"}],"wp:featuredmedia":[{"embeddable":true,"href":"https:\/\/www.europesays.com\/fr\/wp-json\/wp\/v2\/media\/666451"}],"wp:attachment":[{"href":"https:\/\/www.europesays.com\/fr\/wp-json\/wp\/v2\/media?parent=666450"}],"wp:term":[{"taxonomy":"category","embeddable":true,"href":"https:\/\/www.europesays.com\/fr\/wp-json\/wp\/v2\/categories?post=666450"},{"taxonomy":"post_tag","embeddable":true,"href":"https:\/\/www.europesays.com\/fr\/wp-json\/wp\/v2\/tags?post=666450"}],"curies":[{"name":"wp","href":"https:\/\/api.w.org\/{rel}","templated":true}]}}