{"id":666456,"date":"2026-01-15T23:46:10","date_gmt":"2026-01-15T23:46:10","guid":{"rendered":"https:\/\/www.europesays.com\/fr\/666456\/"},"modified":"2026-01-15T23:46:10","modified_gmt":"2026-01-15T23:46:10","slug":"cela-memeut-deja-den-parler-christophe-mae-fait-de-rares-confidences-sur-la-relation-quil-entretient-avec-sa-mere","status":"publish","type":"post","link":"https:\/\/www.europesays.com\/fr\/666456\/","title":{"rendered":"\u00ab\u00a0Cela m\u2019\u00e9meut d\u00e9j\u00e0 d\u2019en parler\u2026\u00a0\u00bb : Christophe Ma\u00e9 fait de rares confidences sur la relation qu\u2019il entretient avec sa m\u00e8re"},"content":{"rendered":"<p>Ce vendredi 16 janvier, Christophe Ma\u00e9 d\u00e9voilera son prochain single intitul\u00e9 La Lune. Un nouveau morceau qui, comme il l\u2019a confi\u00e9 au Parisien ce 15 janvier, est exclusivement d\u00e9di\u00e9 \u00e0 sa maman.<\/p>\n<p>Le 16 octobre dernier, et apr\u00e8s plusieurs ann\u00e9es d\u2019absence, Christophe Ma\u00e9 a fait son grand retour m\u00e9diatique avec le titre Cinquante ans d\u00e9j\u00e0 \u2013   <a href=\"https:\/\/www.programme-television.org\/news\/people\/vie-privee\/christophe-mae-revele-comment-dove-attia-l-a-aide-alors-qu-il-rencontrait-de-gros-soucis-d-argent-4748392\" target=\"_self\" rel=\"noopener\">d\u00e9voil\u00e9 le jour de ses 50 ans<\/a>. Plusieurs semaines apr\u00e8s, l\u2019artiste compte d\u00e9voiler ce vendredi 16 janvier un tout nouveau single (tir\u00e9 de son prochain album F\u00eate foraine \u2013 disponible le 20 mars prochain), intitul\u00e9 La Lune. Un morceau qu\u2019il a d\u2019ailleurs d\u00e9di\u00e9 \u00e0 l\u2019une des femmes de sa vie, sa m\u00e8re. Et lors d\u2019un entretien accord\u00e9 au   <a href=\"https:\/\/www.leparisien.fr\/culture-loisirs\/musique\/je-me-suis-bourre-la-gueule-pour-mes-50-ans-christophe-mae-se-confie-pour-la-premiere-fois-sur-son-retour-15-01-2026-BAKOG6K265A6DHHTEQQTKH3EVA.php\" target=\"_self\" rel=\"noopener\">Parisien<\/a>, ce jeudi 15 janvier toujours, l\u2019artiste a accept\u00e9 d\u2019\u00e9voquer la belle relation qu\u2019il entretient avec sa maman.<\/p>\n<p><a id=\"eztoc103403198_1\"\/>Christophe Ma\u00e9 se livre sur sa relation avec sa m\u00e8re<\/p>\n<p>\u00ab\u00a0Cela m\u2019\u00e9meut d\u00e9j\u00e0 d\u2019en parler\u2026 C\u2019est une chanson tr\u00e8s importante pour moi. J\u2019ai pris \u00e9norm\u00e9ment de plaisir \u00e0 l\u2019\u00e9crire, elle m\u2019a fait du bien. Plus le temps passe, plus tu te rends compte de la fragilit\u00e9 de la vie\u00a0\u00bb, a d\u2019abord conc\u00e9d\u00e9 Christophe Ma\u00e9 au sujet de ce morceau. Et d\u2019ajouter : \u00ab\u00a0Je viens d\u2019une famille o\u00f9 l\u2019amour se vit, mais ne se dit pas. \u00c0 travers cette chanson, je l\u2019enlace et je lui dis, je t\u2019aime.\u00a0\u00bb Tr\u00e8s proche de sa m\u00e8re, le chanteur a d\u2019ailleurs expliqu\u00e9 \u00e0 quel point elle a toujours \u00e9t\u00e9 un \u00ab\u00a0refuge\u00a0\u00bb \u00e0 ses yeux. \u00ab\u00a0Je suis un p\u00e8re de famille, j\u2019ai deux fistons (de 12 et 17 ans) mais quand je suis avec elle, je suis toujours un enfant. Et \u00e7a, c\u2019est magnifique\u00a0\u00bb, a-t-il pr\u00e9cis\u00e9 par la suite.<\/p>\n<p><a id=\"eztoc103403198_2\"\/>Christophe Ma\u00e9 revient sur son rapport \u00e0 l\u2019\u00e2ge<\/p>\n<p>Toujours lors de cet entretien, Christophe Ma\u00e9 s\u2019est \u00e9galement livr\u00e9 sur ses 50 ans. Et si son \u00e2ge peut \u00eatre un cap \u00e0 passer pour certains, ce n\u2019est clairement pas le cas du chanteur. \u00ab\u00a0<a href=\"https:\/\/www.programme-television.org\/news\/people\/vie-privee\/elle-me-saoule-mais-je-la-saoule-autant-christophe-mae-revient-sur-son-couple-avec-nadege-mae-sarron-4704073\" target=\"_self\" rel=\"noopener\">J\u2019ai z\u00e9ro probl\u00e8me avec \u00e7a. Au fond de moi, j\u2019ai toujours 25 ans. Je suis le troisi\u00e8me gamin \u00e0 la maison. J\u2019ai beaucoup de chance, car nos fils sont pos\u00e9s, tranquilles. Il y a un cadre,   c\u2019est madame qui s\u2019en est occup\u00e9e et s\u2019en occupe toujours<\/a>\u00ab\u00a0, a-t-il ajout\u00e9. Avant de conclure, avec reconnaissance : \u00ab\u00a0J\u2019ai la chance de passer du temps avec eux sans \u00eatre s\u00e9dentaire.\u00a0\u00bb<\/p>\n","protected":false},"excerpt":{"rendered":"Ce vendredi 16 janvier, Christophe Ma\u00e9 d\u00e9voilera son prochain single intitul\u00e9 La Lune. Un nouveau morceau qui, comme&hellip;\n","protected":false},"author":2,"featured_media":666457,"comment_status":"","ping_status":"","sticky":false,"template":"","format":"standard","meta":{"footnotes":""},"categories":[1355],"tags":[58,59,1011,27,1361,873],"class_list":{"0":"post-666456","1":"post","2":"type-post","3":"status-publish","4":"format-standard","5":"has-post-thumbnail","7":"category-musique","8":"tag-divertissement","9":"tag-entertainment","10":"tag-fr","11":"tag-france","12":"tag-music","13":"tag-musique"},"share_on_mastodon":{"url":"https:\/\/pubeurope.com\/@fr\/115901784710767207","error":""},"_links":{"self":[{"href":"https:\/\/www.europesays.com\/fr\/wp-json\/wp\/v2\/posts\/666456","targetHints":{"allow":["GET"]}}],"collection":[{"href":"https:\/\/www.europesays.com\/fr\/wp-json\/wp\/v2\/posts"}],"about":[{"href":"https:\/\/www.europesays.com\/fr\/wp-json\/wp\/v2\/types\/post"}],"author":[{"embeddable":true,"href":"https:\/\/www.europesays.com\/fr\/wp-json\/wp\/v2\/users\/2"}],"replies":[{"embeddable":true,"href":"https:\/\/www.europesays.com\/fr\/wp-json\/wp\/v2\/comments?post=666456"}],"version-history":[{"count":0,"href":"https:\/\/www.europesays.com\/fr\/wp-json\/wp\/v2\/posts\/666456\/revisions"}],"wp:featuredmedia":[{"embeddable":true,"href":"https:\/\/www.europesays.com\/fr\/wp-json\/wp\/v2\/media\/666457"}],"wp:attachment":[{"href":"https:\/\/www.europesays.com\/fr\/wp-json\/wp\/v2\/media?parent=666456"}],"wp:term":[{"taxonomy":"category","embeddable":true,"href":"https:\/\/www.europesays.com\/fr\/wp-json\/wp\/v2\/categories?post=666456"},{"taxonomy":"post_tag","embeddable":true,"href":"https:\/\/www.europesays.com\/fr\/wp-json\/wp\/v2\/tags?post=666456"}],"curies":[{"name":"wp","href":"https:\/\/api.w.org\/{rel}","templated":true}]}}