{"id":666460,"date":"2026-01-15T23:48:12","date_gmt":"2026-01-15T23:48:12","guid":{"rendered":"https:\/\/www.europesays.com\/fr\/666460\/"},"modified":"2026-01-15T23:48:12","modified_gmt":"2026-01-15T23:48:12","slug":"ce-poil-qui-revient-toujours-au-menton-ce-nest-pas-un-hasard-voici-lexplication","status":"publish","type":"post","link":"https:\/\/www.europesays.com\/fr\/666460\/","title":{"rendered":"Ce poil qui revient toujours au menton ? Ce n\u2019est pas un hasard, voici l&rsquo;explication"},"content":{"rendered":"<p>Ce poil au menton qui vous<br \/>\nnargue, toujours au m\u00eame endroit<\/p>\n<p data-start=\"321\" data-end=\"678\">Il suffit d\u2019un miroir mal plac\u00e9<br \/>\nou d\u2019un rayon de soleil tra\u00eetre pour qu\u2019il apparaisse. Toujours le<br \/>\nm\u00eame. M\u00eame emplacement, m\u00eame \u00e9paisseur, m\u00eame timing aga\u00e7ant. Ce<br \/>\npoil au menton semble avoir sign\u00e9 un bail \u00e0 vie. On le retire, il<br \/>\ndispara\u00eet\u2026 puis revient comme s\u2019il n\u2019\u00e9tait jamais parti. Et non, ce<br \/>\nn\u2019est ni une illusion d\u2019optique ni une fatalit\u00e9 myst\u00e9rieuse.<\/p>\n<p data-start=\"680\" data-end=\"1117\">Les dermatologues sont formels<br \/>\n: si ce poil revient avec une telle r\u00e9gularit\u00e9, c\u2019est parce qu\u2019il<br \/>\nd\u00e9pend d\u2019un follicule pileux particuli\u00e8rement actif. Autrement dit,<br \/>\nla racine est toujours l\u00e0, tapie sous la peau, pr\u00eate \u00e0 relancer la<br \/>\nproduction. Selon une enqu\u00eate relay\u00e9e par<br \/>\nGlamour UK, ce ph\u00e9nom\u00e8ne est l\u2019un des motifs de consultation<br \/>\nles plus fr\u00e9quents en dermatologie esth\u00e9tique chez les femmes apr\u00e8s<br \/>\n35 ans.<\/p>\n<p>Hormones, le vrai moteur de<br \/>\ncette repousse obsessionnelle<\/p>\n<p data-start=\"1186\" data-end=\"1465\">La grande cheffe d\u2019orchestre<br \/>\nde cette histoire, c\u2019est la testost\u00e9rone. Contrairement aux id\u00e9es<br \/>\nre\u00e7ues, cette hormone n\u2019est pas r\u00e9serv\u00e9e aux hommes. Les femmes en<br \/>\nproduisent aussi, en petite quantit\u00e9. Le probl\u00e8me n\u2019est pas tant<br \/>\nson niveau que la sensibilit\u00e9 des follicules pileux.<\/p>\n<p data-start=\"1467\" data-end=\"1848\">Comme l\u2019explique la<br \/>\ndermatologue<br \/>\nIfe Rodney, tout le monde poss\u00e8de cette hormone dans son<br \/>\ncorps, mais certaines personnes en produisent plus que d\u00a0\u00bbautres et<br \/>\nles follicules pileux de chacun r\u00e9agissent diff\u00e9remment aux niveaux<br \/>\nd&rsquo;hormones. R\u00e9sultat : un duvet discret peut se transformer en poil<br \/>\nterminal, plus \u00e9pais, plus fonc\u00e9, et surtout plus persistant.<\/p>\n<p data-start=\"1850\" data-end=\"2103\">\u00c0 la m\u00e9nopause, le ph\u00e9nom\u00e8ne<br \/>\ns\u2019accentue. La baisse des \u0153strog\u00e8nes laisse davantage de place aux<br \/>\nhormones androg\u00e8nes. Selon l\u2019Inserm, pr\u00e8s de 40 % des femmes<br \/>\nm\u00e9nopaus\u00e9es constatent une modification de leur pilosit\u00e9 faciale,<br \/>\nnotamment au niveau du menton.<\/p>\n<blockquote class=\"tiktok-embed\" cite=\"https:\/\/www.tiktok.com\/@hichemoufrid\/video\/7439405789539732769#038;refer=embed&amp;referer_url=www.mariefrance.fr%2Fbeaute%2Fpoil-menton-voici-pourquoi-repousse-toujours-meme-endroit-selon-docteur-1155640.html&amp;referer_video_id=7439405789539732769\" data-video-id=\"7439405789539732769\" style=\"max-width: 605px;min-width: 325px;\"><p>\n<a target=\"_blank\" href=\"https:\/\/www.tiktok.com\/@hichemoufrid\/video\/7439405789539732769#038;refer=embed&amp;referer_url=www.mariefrance.fr%2Fbeaute%2Fpoil-menton-voici-pourquoi-repousse-toujours-meme-endroit-selon-docteur-1155640.html&amp;referer_video_id=7439405789539732769\" rel=\"noopener\"><br \/>\n<img decoding=\"async\" src=\"https:\/\/www.tiktok.com\/img\/logo.png\" alt=\"TikTok Logo\"\/><\/a>\n<\/p><\/blockquote>\n<p>Quand la g\u00e9n\u00e9tique et la<br \/>\nsant\u00e9 s\u2019en m\u00ealent<\/p>\n<p data-start=\"2157\" data-end=\"2526\">Si vous avez l\u2019impression que<br \/>\nce poil est un h\u00e9ritage familial, vous n\u2019avez peut-\u00eatre pas tort.<br \/>\nD\u2019apr\u00e8s<br \/>\n20 Minutes, on se transmet de g\u00e9n\u00e9ration en g\u00e9n\u00e9ration la<br \/>\nsensibilit\u00e9 des r\u00e9cepteurs au niveau des poils aux hormones.<br \/>\nAutrement dit, m\u00eame sans d\u00e9s\u00e9quilibre hormonal, certaines zones<br \/>\nsont programm\u00e9es pour produire des poils plus visibles.<\/p>\n<p data-start=\"2528\" data-end=\"2933\">Dans certains cas, cette<br \/>\nrepousse peut aussi \u00eatre un signal m\u00e9dical. Le syndrome des ovaires<br \/>\npolykystiques (SOPK), qui touche entre 8 et 13 % des femmes selon<br \/>\nl\u2019Organisation mondiale de la sant\u00e9, est l\u2019une des causes les plus<br \/>\nfr\u00e9quentes d\u2019hyperpilosit\u00e9 localis\u00e9e sur le visage. Une apparition<br \/>\nsoudaine, rapide ou associ\u00e9e \u00e0 d\u2019autres sympt\u00f4mes (acn\u00e9 s\u00e9v\u00e8re,<br \/>\ncycles irr\u00e9guliers) m\u00e9rite donc un avis m\u00e9dical.<\/p>\n<p>Peut-on vraiment s\u2019en d\u00e9barrasser, ou faut-il apprendre \u00e0 n\u00e9gocier<br \/>\n?<\/p>\n<p data-start=\"3013\" data-end=\"3214\">Bonne nouvelle : non,<br \/>\nl\u2019\u00e9pilation ne rend pas le poil plus dru. C\u2019est un mythe. Mauvaise<br \/>\nnouvelle : aucune m\u00e9thode n\u2019est totalement d\u00e9finitive. Chaque<br \/>\ntechnique agit \u00e0 un niveau diff\u00e9rent du follicule.<\/p>\n<p data-start=\"3216\" data-end=\"3254\">Voici les options les plus<br \/>\ncourantes :<\/p>\n<ul data-start=\"3256\" data-end=\"3554\">\n<li data-start=\"3256\" data-end=\"3321\">\n<p data-start=\"3258\" data-end=\"3321\">l\u2019\u00e9pilation \u00e0 la pince, simple<br \/>\net efficace pour un poil isol\u00e9<\/p>\n<\/li>\n<li data-start=\"3322\" data-end=\"3381\">\n<p data-start=\"3324\" data-end=\"3381\">la cire ou le fil, avec un<br \/>\nrisque de repousse similaire<\/p>\n<\/li>\n<li data-start=\"3382\" data-end=\"3469\">\n<p data-start=\"3384\" data-end=\"3469\">le laser, qui peut r\u00e9duire<br \/>\ndurablement la densit\u00e9, mais n\u00e9cessite plusieurs s\u00e9ances<\/p>\n<\/li>\n<li data-start=\"3470\" data-end=\"3554\">\n<p data-start=\"3472\" data-end=\"3554\">l\u2019\u00e9lectrolyse, la plus cibl\u00e9e,<br \/>\nsouvent recommand\u00e9e pour un poil unique et tenace<\/p>\n<\/li>\n<\/ul>\n<p data-start=\"3556\" data-end=\"3944\" data-is-last-node=\"\" data-is-only-node=\"\">Selon la Soci\u00e9t\u00e9 fran\u00e7aise de dermatologie, le<br \/>\nlaser permet une r\u00e9duction de 70 \u00e0 90 % de la pilosit\u00e9 apr\u00e8s<br \/>\nplusieurs s\u00e9ances, mais des follicules peuvent se r\u00e9activer avec le<br \/>\ntemps. Le fameux poil au menton n\u2019est donc pas un \u00e9chec personnel,<br \/>\nni une anomalie. C\u2019est simplement un follicule particuli\u00e8rement<br \/>\nz\u00e9l\u00e9, soutenu par vos hormones, votre g\u00e9n\u00e9tique\u2026 et un sens du<br \/>\ntiming redoutable.<\/p>\n<p><script async src=\"\/\/www.tiktok.com\/embed.js\"><\/script><\/p>\n","protected":false},"excerpt":{"rendered":"Ce poil au menton qui vous nargue, toujours au m\u00eame endroit Il suffit d\u2019un miroir mal plac\u00e9 ou&hellip;\n","protected":false},"author":2,"featured_media":666461,"comment_status":"","ping_status":"","sticky":false,"template":"","format":"standard","meta":{"footnotes":""},"categories":[10],"tags":[3031,17488,1011,27,76674,72,76675,43708,5201,5261,76673,3583,14173,71,1810,9066,6013],"class_list":{"0":"post-666460","1":"post","2":"type-post","3":"status-publish","4":"format-standard","5":"has-post-thumbnail","7":"category-sante","8":"tag-au","9":"tag-ce","10":"tag-fr","11":"tag-france","12":"tag-hasard","13":"tag-health","14":"tag-lexplication","15":"tag-menton","16":"tag-nest","17":"tag-pas","18":"tag-poil","19":"tag-qui","20":"tag-revient","21":"tag-sante","22":"tag-toujours","23":"tag-un","24":"tag-voici"},"share_on_mastodon":{"url":"https:\/\/pubeurope.com\/@fr\/115901792552739265","error":""},"_links":{"self":[{"href":"https:\/\/www.europesays.com\/fr\/wp-json\/wp\/v2\/posts\/666460","targetHints":{"allow":["GET"]}}],"collection":[{"href":"https:\/\/www.europesays.com\/fr\/wp-json\/wp\/v2\/posts"}],"about":[{"href":"https:\/\/www.europesays.com\/fr\/wp-json\/wp\/v2\/types\/post"}],"author":[{"embeddable":true,"href":"https:\/\/www.europesays.com\/fr\/wp-json\/wp\/v2\/users\/2"}],"replies":[{"embeddable":true,"href":"https:\/\/www.europesays.com\/fr\/wp-json\/wp\/v2\/comments?post=666460"}],"version-history":[{"count":0,"href":"https:\/\/www.europesays.com\/fr\/wp-json\/wp\/v2\/posts\/666460\/revisions"}],"wp:featuredmedia":[{"embeddable":true,"href":"https:\/\/www.europesays.com\/fr\/wp-json\/wp\/v2\/media\/666461"}],"wp:attachment":[{"href":"https:\/\/www.europesays.com\/fr\/wp-json\/wp\/v2\/media?parent=666460"}],"wp:term":[{"taxonomy":"category","embeddable":true,"href":"https:\/\/www.europesays.com\/fr\/wp-json\/wp\/v2\/categories?post=666460"},{"taxonomy":"post_tag","embeddable":true,"href":"https:\/\/www.europesays.com\/fr\/wp-json\/wp\/v2\/tags?post=666460"}],"curies":[{"name":"wp","href":"https:\/\/api.w.org\/{rel}","templated":true}]}}