{"id":666468,"date":"2026-01-15T23:52:13","date_gmt":"2026-01-15T23:52:13","guid":{"rendered":"https:\/\/www.europesays.com\/fr\/666468\/"},"modified":"2026-01-15T23:52:13","modified_gmt":"2026-01-15T23:52:13","slug":"avec-57-davis-negatifs-cette-station-de-ski-francaise-tres-populaire-est-la-moins-bien-notee-deurope-malgre-de-la-neige-tout-lhiver","status":"publish","type":"post","link":"https:\/\/www.europesays.com\/fr\/666468\/","title":{"rendered":"Avec 57% d\u2019avis n\u00e9gatifs, cette station de ski fran\u00e7aise tr\u00e8s populaire est la moins bien not\u00e9e d\u2019Europe malgr\u00e9 de la neige tout l\u2019hiver"},"content":{"rendered":"<p>Chaque hiver, des milliers de vacanciers <a href=\"https:\/\/www.mariefrance.fr\/actualite\/societe\/20-cm-neige-attendus-departements-francais-previsions-de-meteo-france-1217369.html\" target=\"_blank\" rel=\"noopener\">r\u00eavent de grands espaces<br \/>\nenneig\u00e9s<\/a>, de descentes parfaites et de chocolat chaud au pied<br \/>\ndes pistes. Mais <strong>la r\u00e9alit\u00e9 n\u2019est pas toujours \u00e0 la hauteur<br \/>\ndes brochures<\/strong>. Selon une r\u00e9cente \u00e9tude europ\u00e9enne, une<br \/>\nstation de ski fran\u00e7aise, pourtant tr\u00e8s r\u00e9put\u00e9e, d\u00e9\u00e7oit<br \/>\nprofond\u00e9ment les visiteurs.<\/p>\n<p>En effet, malgr\u00e9 un enneigement id\u00e9al et des infrastructures<br \/>\nsolides, elle serait, contre toute attente, <strong>la moins bien<br \/>\nnot\u00e9e d\u2019Europe<\/strong>. Un verdict s\u00e9v\u00e8re qui interroge : comment<br \/>\nune destination si populaire en est-elle arriv\u00e9e l\u00e0 ?<\/p>\n<p>Des avis contrast\u00e9s pour une station pourtant pris\u00e9e des<br \/>\nFran\u00e7ais<\/p>\n<p>L\u2019\u00e9tude, relay\u00e9e par <a href=\"https:\/\/www.journaldesfemmes.fr\/loisirs\/voyages\/3246262-cette-grande-station-de-ski-est-la-plus-decevante-d-europe-et-elle-se-trouve-en-france\/\" target=\"_blank\" rel=\"nofollow noopener\">Le Journal des<br \/>\nFemmes<\/a> et fond\u00e9e sur des milliers d\u2019\u00e9valuations de<br \/>\nvoyageurs, dresse un constat sans appel : 57 % des avis laiss\u00e9s par<br \/>\nles visiteurs de cette station sont n\u00e9gatifs. Trois crit\u00e8res<br \/>\nprincipaux ont \u00e9t\u00e9 analys\u00e9s : <strong>la fr\u00e9quentation, l\u2019\u00e9tat des<br \/>\ninstallations et le co\u00fbt du s\u00e9jour<\/strong>. Et c\u2019est bien la<br \/>\nsurpopulation qui fait le plus grincer des dents. Les vacanciers<br \/>\n\u00e9voquent des pistes bond\u00e9es d\u00e8s l\u2019ouverture, des files<br \/>\ninterminables aux remont\u00e9es m\u00e9caniques et des zones satur\u00e9es avant<br \/>\nm\u00eame la mi-journ\u00e9e.<\/p>\n<p>Autre grief r\u00e9current : les prix. Quinze pour cent des avis<br \/>\ninsatisfaits citent le co\u00fbt comme principal motif de<br \/>\nm\u00e9contentement. Si l\u2019h\u00e9bergement et les forfaits de ski sont jug\u00e9s<br \/>\ntrop chers, c\u2019est surtout le rapport qualit\u00e9-prix qui semble poser<br \/>\nprobl\u00e8me. Beaucoup estiment ne pas <a href=\"https:\/\/www.mariefrance.fr\/evasion\/station-de-ski-moins-chere-europe-vacances-dhiver-sous-la-neige-a-petit-prix-1215844.html\" target=\"_blank\" rel=\"noopener\">en avoir pour leur argent<\/a>.<br \/>\nNotamment face \u00e0 <strong>la foule qui rend l\u2019exp\u00e9rience bien moins<br \/>\nagr\u00e9able<\/strong>. En revanche, l\u2019\u00e9tat des installations n\u2019est pas<br \/>\npoint\u00e9 du doigt. Les visiteurs reconnaissent que les<br \/>\ninfrastructures sont s\u00e9curis\u00e9es et solides. Mais elles ne<br \/>\nparviennent plus \u00e0 absorber l\u2019afflux constant de touristes.<\/p>\n<p><img loading=\"lazy\" decoding=\"async\" aria-describedby=\"caption-attachment-1099204\" itemprop=\"thumbnailUrl\" class=\"size-full wp-image-1099204 img-responsive\" src=\"https:\/\/www.europesays.com\/fr\/wp-content\/uploads\/2026\/01\/station-de-ski-4-1.jpg\" alt=\"\u00c0 la fois charmantes et pratiques, ces stations de ski dans les Alpes sont id\u00e9ales pour les familles avec enfants\" width=\"1280\" height=\"720\"\/> \u00a9 Shutterstock<\/p>\n<p id=\"caption-attachment-1099204\" class=\"wp-caption-text\">Le<br \/>\ntrop-plein de touristes est le premier point n\u00e9gatif de cette<br \/>\nstation de ski.<\/p>\n<p>Les Deux Alpes, symbole d\u2019une station d\u00e9pass\u00e9e par son<br \/>\nsucc\u00e8s<\/p>\n<p>Et la grande surprise de cette \u00e9tude, c\u2019est que la station la<br \/>\nmoins bien not\u00e9e d\u2019Europe n\u2019est autre que Les Deux Alpes,<br \/>\nen Is\u00e8re. Une destination pourtant mythique, consid\u00e9r\u00e9e comme l\u2019une<br \/>\ndes plus embl\u00e9matiques du ski fran\u00e7ais. Situ\u00e9e \u00e0 plus de 1600<br \/>\nm\u00e8tres d\u2019altitude, elle <strong>b\u00e9n\u00e9ficie d\u2019un enneigement<br \/>\nexceptionnel et d\u2019une longue saison<\/strong>, souvent de novembre \u00e0<br \/>\navril. Mais derri\u00e8re ce d\u00e9cor de carte postale, les vacanciers<br \/>\nd\u00e9noncent une exp\u00e9rience devenue chaotique.<\/p>\n<p>Les plaintes les plus fr\u00e9quentes \u00e9voquent un sentiment<br \/>\nd\u2019oppression. Trop de monde sur les pistes, des temps d\u2019attente<br \/>\njug\u00e9s d\u00e9mesur\u00e9s, et une ambiance g\u00e9n\u00e9rale qui perd en authenticit\u00e9.<br \/>\nCertains habitu\u00e9s affirment m\u00eame que <strong>le charme d\u2019autrefois<br \/>\ns\u2019est effac\u00e9 au profit d\u2019un tourisme de masse<\/strong>. Pour ces<br \/>\nskieurs d\u00e9\u00e7us, Les Deux Alpes paient aujourd\u2019hui le prix<br \/>\nde leur succ\u00e8s : un domaine qui attire toujours plus de monde sans<br \/>\nparvenir \u00e0 offrir la m\u00eame qualit\u00e9 d\u2019exp\u00e9rience.<\/p>\n<p><img loading=\"lazy\" decoding=\"async\" aria-describedby=\"caption-attachment-1098477\" class=\"size-full wp-image-1098477 img-responsive\" src=\"https:\/\/www.europesays.com\/fr\/wp-content\/uploads\/2026\/01\/pistes-de-ski.jpg\" alt=\"Stations de ski\" width=\"1280\" height=\"720\"\/><br \/>\n\u00a9<br \/>\nShutterstock<\/p>\n<p id=\"caption-attachment-1098477\" class=\"wp-caption-text\">Cette<br \/>\nstation profite pourtant d&rsquo;un tr\u00e8s bel enneigement et d&rsquo;une saison<br \/>\nparticuli\u00e8rement longue.<\/p>\n<p>Une concurrence des stations<br \/>\neurop\u00e9ennes tout aussi bouscul\u00e9e<\/p>\n<p>Si Les Deux Alpes tiennent la t\u00eate du <a href=\"https:\/\/www.mariefrance.fr\/evasion\/nichee-au-coeur-des-alpes-et-de-la-savoie-cette-station-de-ski-mythique-vient-detre-classee-dans-le-top-3-des-meilleures-deurope-1214394.html\" target=\"_blank\" rel=\"noopener\">classement des stations<\/a> les plus<br \/>\ncritiqu\u00e9es, d\u2019autres sites embl\u00e9matiques ne sont pas \u00e9pargn\u00e9s. En<br \/>\ndeuxi\u00e8me position, la station autrichienne de Saint-Anton<br \/>\nam Arlberg souffre du m\u00eame probl\u00e8me : trop de vacanciers,<br \/>\npas assez d\u2019espace. Pr\u00e8s de <strong>la moiti\u00e9 des visiteurs y<br \/>\n\u00e9voquent une affluence excessive<\/strong> et une ambiance<br \/>\nstressante, loin du calme alpin attendu.<\/p>\n<blockquote class=\"twitter-tweet\"><p><a class=\"twitter-link\" rel=\"noindex, nofollow noopener\" href=\"https:\/\/twitter.com\/mariefrancemag\/status\/1983225211051786348\" target=\"_blank\"><\/p><\/blockquote>\n<p>Sur la troisi\u00e8me marche du podium, la station italienne de<br \/>\nSestri\u00e8re, dans le Pi\u00e9mont, subit quant \u00e0 elle des<br \/>\nreproches diff\u00e9rents. Plus d\u2019un skieur sur deux y d\u00e9plore la<br \/>\nv\u00e9tust\u00e9 de ses \u00e9quipements et un certain manque de modernit\u00e9. Trois<br \/>\nstations, trois pays, mais un constat commun : <strong>la montagne<br \/>\nattire toujours plus de monde<\/strong>. Mais, au risque de<br \/>\nd\u00e9t\u00e9riorer ce qui en faisait autrefois la magie. Alors, pour les<br \/>\nvoyageurs en qu\u00eate d\u2019authenticit\u00e9, il faudra peut-\u00eatre regarder<br \/>\nvers des destinations plus confidentielles. Ou, accepter qu\u2019au<br \/>\nsommet, m\u00eame la neige peut avoir un go\u00fbt amer.<\/p>\n<p><script async src=\"https:\/\/platform.twitter.com\/widgets.js\" charset=\"utf-8\"><\/script><\/p>\n","protected":false},"excerpt":{"rendered":"Chaque hiver, des milliers de vacanciers r\u00eavent de grands espaces enneig\u00e9s, de descentes parfaites et de chocolat chaud&hellip;\n","protected":false},"author":2,"featured_media":666469,"comment_status":"","ping_status":"","sticky":false,"template":"","format":"standard","meta":{"footnotes":""},"categories":[6],"tags":[35,33,34,1011,27,6055],"class_list":{"0":"post-666468","1":"post","2":"type-post","3":"status-publish","4":"format-standard","5":"has-post-thumbnail","7":"category-economie","8":"tag-business","9":"tag-economie","10":"tag-economy","11":"tag-fr","12":"tag-france","13":"tag-republishing"},"share_on_mastodon":{"url":"https:\/\/pubeurope.com\/@fr\/115901808313316038","error":""},"_links":{"self":[{"href":"https:\/\/www.europesays.com\/fr\/wp-json\/wp\/v2\/posts\/666468","targetHints":{"allow":["GET"]}}],"collection":[{"href":"https:\/\/www.europesays.com\/fr\/wp-json\/wp\/v2\/posts"}],"about":[{"href":"https:\/\/www.europesays.com\/fr\/wp-json\/wp\/v2\/types\/post"}],"author":[{"embeddable":true,"href":"https:\/\/www.europesays.com\/fr\/wp-json\/wp\/v2\/users\/2"}],"replies":[{"embeddable":true,"href":"https:\/\/www.europesays.com\/fr\/wp-json\/wp\/v2\/comments?post=666468"}],"version-history":[{"count":0,"href":"https:\/\/www.europesays.com\/fr\/wp-json\/wp\/v2\/posts\/666468\/revisions"}],"wp:featuredmedia":[{"embeddable":true,"href":"https:\/\/www.europesays.com\/fr\/wp-json\/wp\/v2\/media\/666469"}],"wp:attachment":[{"href":"https:\/\/www.europesays.com\/fr\/wp-json\/wp\/v2\/media?parent=666468"}],"wp:term":[{"taxonomy":"category","embeddable":true,"href":"https:\/\/www.europesays.com\/fr\/wp-json\/wp\/v2\/categories?post=666468"},{"taxonomy":"post_tag","embeddable":true,"href":"https:\/\/www.europesays.com\/fr\/wp-json\/wp\/v2\/tags?post=666468"}],"curies":[{"name":"wp","href":"https:\/\/api.w.org\/{rel}","templated":true}]}}