{"id":666483,"date":"2026-01-16T00:01:10","date_gmt":"2026-01-16T00:01:10","guid":{"rendered":"https:\/\/www.europesays.com\/fr\/666483\/"},"modified":"2026-01-16T00:01:10","modified_gmt":"2026-01-16T00:01:10","slug":"bernard-lemaitre-au-premier-rang-du-meeting-de-laure-lavalette-il-fait-taire-les-speculations","status":"publish","type":"post","link":"https:\/\/www.europesays.com\/fr\/666483\/","title":{"rendered":"Bernard Lemaitre au premier rang du meeting de Laure Lavalette : Il fait taire les sp\u00e9culations"},"content":{"rendered":"<p>La candidate \u00e0 la mairie de Toulon, Laure Lavalette a tenu son meeting, ce mercredi soir, au Palais Neptune de Toulon.<\/p>\n<p>Comme l\u2019annonce le journal r\u00e9gional Var-matin, le pr\u00e9sident du Rugby Club Toulonnais, Bernard Lemaitre \u00e9tait pr\u00e9sent \u00e0 ce meeting. Il a m\u00eame pris place au premier rang, aux c\u00f4t\u00e9s des proches de Laure Lavalette.<\/p>\n<p>Forc\u00e9ment, la question de savoir si le pr\u00e9sident Bernard Lemaitre est un soutien \u00e0 Laure Lavalette s\u2019est pos\u00e9e.<\/p>\n<p>Le principal concern\u00e9 a rapidement r\u00e9agi dans les colonnes de <a href=\"https:\/\/www.nicematin.com\/societe\/politique\/municipales-que-faisait-le-president-du-rct-bernard-lemaitre-au-meeting-de-laure-lavalette-10664703?utm_content=photo&amp;utm_term=Var_Matin&amp;utm_campaign=twitter&amp;utm_source=nonli&amp;utm_medium=Social%20media\" target=\"_blank\" rel=\"noopener\">Var-matin<\/a>.<\/p>\n<p><strong>Il d\u00e9ment tout soutien \u00e0 Laure Lavalette. Extrait:<\/strong><\/p>\n<p>\u00ab J\u2019assiste \u00e0 la pr\u00e9sentation de tous les candidats. La relation entre le rugby est la ville, c\u2019est quelque chose de tr\u00e8s fort. Je discute avec les candidats, souvent \u00e0 leur demande. \u00bb<\/p>\n<p><strong>D\u00e8s mercredi apr\u00e8s-midi, le Rugby Club Toulonnais d\u00e9cidait d\u2019ailleurs de publier un communiqu\u00e9 pour \u00e9viter toute sp\u00e9culation. Extrait:<\/strong><\/p>\n<p>\u00ab\u00a0Le Rugby Club Toulonnais souhaite informer l\u2019ensemble de ses supporters, partenaires et sympathisants que le club, par l\u2019interm\u00e9diaire de son pr\u00e9sident ou d\u2019un repr\u00e9sentant, assistera \u00e0 au moins une r\u00e9union publique organis\u00e9e par chacun des candidats, peut-on lire.\u00a0Cette d\u00e9marche a pour objectif d\u2019appr\u00e9cier \u00a0la vision de chaque candidat concernant l\u2019\u00e9volution et l\u2019avenir du Rugby Club Toulonnais et du stade Mayol dans le cadre des projets port\u00e9s pour la Ville de Toulon.\u00a0\u00bb<\/p>\n<p><strong>Voil\u00e0 qui est dit.<\/strong><\/p>\n","protected":false},"excerpt":{"rendered":"La candidate \u00e0 la mairie de Toulon, Laure Lavalette a tenu son meeting, ce mercredi soir, au Palais&hellip;\n","protected":false},"author":2,"featured_media":666484,"comment_status":"","ping_status":"","sticky":false,"template":"","format":"standard","meta":{"footnotes":""},"categories":[9619],"tags":[1111,11,1777,674,1011,27,12,882,25,2310],"class_list":{"0":"post-666483","1":"post","2":"type-post","3":"status-publish","4":"format-standard","5":"has-post-thumbnail","7":"category-toulon","8":"tag-actu","9":"tag-actualites","10":"tag-eu","11":"tag-europe","12":"tag-fr","13":"tag-france","14":"tag-news","15":"tag-provence-alpes-cote-dazur","16":"tag-republique-francaise","17":"tag-toulon"},"share_on_mastodon":{"url":"https:\/\/pubeurope.com\/@fr\/115901843638328551","error":""},"_links":{"self":[{"href":"https:\/\/www.europesays.com\/fr\/wp-json\/wp\/v2\/posts\/666483","targetHints":{"allow":["GET"]}}],"collection":[{"href":"https:\/\/www.europesays.com\/fr\/wp-json\/wp\/v2\/posts"}],"about":[{"href":"https:\/\/www.europesays.com\/fr\/wp-json\/wp\/v2\/types\/post"}],"author":[{"embeddable":true,"href":"https:\/\/www.europesays.com\/fr\/wp-json\/wp\/v2\/users\/2"}],"replies":[{"embeddable":true,"href":"https:\/\/www.europesays.com\/fr\/wp-json\/wp\/v2\/comments?post=666483"}],"version-history":[{"count":0,"href":"https:\/\/www.europesays.com\/fr\/wp-json\/wp\/v2\/posts\/666483\/revisions"}],"wp:featuredmedia":[{"embeddable":true,"href":"https:\/\/www.europesays.com\/fr\/wp-json\/wp\/v2\/media\/666484"}],"wp:attachment":[{"href":"https:\/\/www.europesays.com\/fr\/wp-json\/wp\/v2\/media?parent=666483"}],"wp:term":[{"taxonomy":"category","embeddable":true,"href":"https:\/\/www.europesays.com\/fr\/wp-json\/wp\/v2\/categories?post=666483"},{"taxonomy":"post_tag","embeddable":true,"href":"https:\/\/www.europesays.com\/fr\/wp-json\/wp\/v2\/tags?post=666483"}],"curies":[{"name":"wp","href":"https:\/\/api.w.org\/{rel}","templated":true}]}}