{"id":666497,"date":"2026-01-16T00:11:15","date_gmt":"2026-01-16T00:11:15","guid":{"rendered":"https:\/\/www.europesays.com\/fr\/666497\/"},"modified":"2026-01-16T00:11:15","modified_gmt":"2026-01-16T00:11:15","slug":"culture-les-mediatheques-de-leurometropole-de-strasbourg-gratuites-pour-tous","status":"publish","type":"post","link":"https:\/\/www.europesays.com\/fr\/666497\/","title":{"rendered":"Culture. Les m\u00e9diath\u00e8ques de l&rsquo;Eurom\u00e9tropole de Strasbourg gratuites pour tous"},"content":{"rendered":"<p>Contenu con\u00e7u et propos\u00e9 par EBRA Inspirations en partenariat avec EBRA Inspirations est une marque qui valorise les contenus r\u00e9dactionnels promotionnels.<br \/>La r\u00e9daction n&rsquo;a pas particip\u00e9 \u00e0 la r\u00e9alisation de cet article.<\/p>\n<p>                                                    <strong>Ville et Eurom\u00e9tropole de Strasbourg<\/strong><\/p>\n<p>D\u00e9j\u00e0 largement fr\u00e9quent\u00e9es, les m\u00e9diath\u00e8ques du territoire sont bien plus que de simples lieux d\u2019emprunt. Espaces de rencontre, de travail, de d\u00e9couverte et de culture, elles accueillent chaque ann\u00e9e gratuitement des milliers d\u2019usagers pour consulter des documents, participer \u00e0 des animations ou simplement s\u2019installer pour lire, apprendre ou se connecter. Depuis le d\u00e9but de l\u2019ann\u00e9e, la gratuit\u00e9 franchit une nouvelle \u00e9tape avec la suppression totale des frais d\u2019inscription.<\/p>\n<p>  <strong>Une carte unique, gratuite et valable dans 34 m\u00e9diath\u00e8ques<\/strong><\/p>\n<p>Concr\u00e8tement, la carte Pass\u2019relle, qui permet d\u2019emprunter livres, revues, CD, DVD ou ressources num\u00e9riques dans 34 m\u00e9diath\u00e8ques r\u00e9parties sur l\u2019ensemble des communes de l\u2019Eurom\u00e9tropole, est accessible gratuitement \u00e0 tous. Enfants, adolescents, adultes, \u00e9tudiants, familles, seniors : chacun pourra s\u2019inscrire sans frais, quel que soit son lieu de r\u00e9sidence. Une mesure qui \u00e9largit consid\u00e9rablement l\u2019acc\u00e8s \u00e0 l\u2019offre culturelle locale, et qui marque une volont\u00e9 politique forte de faire des m\u00e9diath\u00e8ques de v\u00e9ritables services publics de proximit\u00e9, ouverts \u00e0 toutes et tous.<\/p>\n<p>  <strong>Lecture, esprit critique et lutte contre la d\u00e9sinformation<\/strong><\/p>\n<p>Au-del\u00e0 de l\u2019aspect pratique, cette gratuit\u00e9 s\u2019inscrit dans une vision plus large. \u00ab\u00a0Acc\u00e9der aux livres et \u00e0 la lecture en g\u00e9n\u00e9ral reste un enjeu majeur de la d\u00e9mocratisation culturelle et un levier essentiel pour la construction de l\u2019esprit critique\u00a0\u00bb indique Bertille D\u00e9trie, directrice des m\u00e9diath\u00e8ques pour la ville et l\u2019Eurom\u00e9tropole de Strasbourg. \u00ab\u00a0Les m\u00e9diath\u00e8ques, en plus d\u2019offrir des ressources fiables, accompagnent et encouragent les publics dans le plaisir de lire\u00a0\u00bb. En supprimant la barri\u00e8re financi\u00e8re, m\u00eame modeste, l\u2019Eurom\u00e9tropole entend toucher des publics qui, jusqu\u2019ici, pouvaient h\u00e9siter \u00e0 franchir le pas de l\u2019inscription.<\/p>\n<p>    &#13;<br \/>\n    &#13;<br \/>\n    &#13;<br \/>\n    <a href=\"https:\/\/cdn-s-www.dna.fr\/images\/ea958c26-3aea-4840-8ab0-a1854d521e62\/NW_raw\/mediatheque-olympe-de-gouges-strasbourg-alban-hefti-1767709058.jpg\" title=\"M\u00e9diath\u00e8que Olympe de Gouges Strasbourg \u00a9Alban Hefti\" class=\"chocolat-image GA-tracking\" data-ga_type=\"click\" data-ga_category=\"D\u00e9tail\" data-ga_action=\"zoomer\" data-ga_label=\"aggrandir image\" target=\"_blank\" rel=\"noopener\">&#13;<br \/>\n        <img src=\"https:\/\/www.europesays.com\/fr\/wp-content\/uploads\/2026\/01\/mediatheque-olympe-de-gouges-strasbourg-alban-hefti-1767709058.jpg\"   alt=\"M\u00e9diath\u00e8que Olympe de Gouges Strasbourg \u00a9Alban Hefti\" fetchpriority=\"high\" decoding=\"async\" data-mobile=\"NW_listA_M|1767709058\" data-base=\"NW_listA|1767709058\"\/>&#13;<br \/>\n    <\/a>&#13;<\/p>\n<p>M\u00e9diath\u00e8que Olympe de Gouges Strasbourg <strong>\u00a9Alban Hefti<\/strong><\/p>\n<p>  <strong>Strasbourg dans une dynamique nationale<\/strong><\/p>\n<p>Avec cette d\u00e9cision, Strasbourg et son Eurom\u00e9tropole rejoignent une dynamique nationale d\u00e9j\u00e0 engag\u00e9e par plusieurs grandes villes fran\u00e7aises. Marseille, Rennes, Bordeaux, Lille ou encore Grenoble ont d\u00e9j\u00e0 fait le choix de la gratuit\u00e9 des m\u00e9diath\u00e8ques, avec des r\u00e9sultats encourageants en termes de fr\u00e9quentation et de diversification des publics. La particularit\u00e9 strasbourgeoise tient \u00e0 l\u2019\u00e9chelle du dispositif : ici, la gratuit\u00e9 ne concerne pas uniquement la ville centre, mais l\u2019ensemble des communes de l\u2019Eurom\u00e9tropole disposant d\u2019une m\u00e9diath\u00e8que, gr\u00e2ce au r\u00e9seau Pass\u2019relle. Une approche territoriale qui renforce l\u2019\u00e9galit\u00e9 d\u2019acc\u00e8s \u00e0 la culture, quel que soit l\u2019endroit o\u00f9 l\u2019on habite.<\/p>\n<p>  <strong>En pratique<\/strong><\/p>\n<p>Depuis le 1er janvier 2026, l\u2019inscription est gratuite. Elle peut s\u2019effectuer sur place, dans l\u2019une des m\u00e9diath\u00e8ques du r\u00e9seau Pass\u2019relle, sur pr\u00e9sentation d\u2019une pi\u00e8ce d\u2019identit\u00e9. L\u2019abonnement est valable un an. Pour en savoir plus, les usagers peuvent consulter le site <a href=\"https:\/\/www.mediatheques.strasbourg.eu\/\" target=\"_blank\" rel=\"noopener\">mediatheques.strasbourg.eu<\/a>, les sites des communes concern\u00e9es, ou encore la foire aux questions mise en ligne pour accompagner ce changement majeur. Une chose est s\u00fbre : en 2026, les m\u00e9diath\u00e8ques de l\u2019Eurom\u00e9tropole de Strasbourg ouvriront leurs portes encore plus largement, affirmant leur r\u00f4le de lieux de savoir, de partage et de libert\u00e9 culturelle.<\/p>\n<p>    &#13;<br \/>\n    &#13;<br \/>\n    &#13;<br \/>\n    <a href=\"https:\/\/cdn-s-www.dna.fr\/images\/98c45265-7acd-46a5-a346-e4e9de3f9abf\/NW_raw\/mediatheque-olympe-de-gouges-strasbourg-alban-hefti-1767709161.jpg\" title=\"M\u00e9diath\u00e8que Olympe de Gouges Strasbourg \u00a9Alban Hefti\" class=\"chocolat-image GA-tracking\" data-ga_type=\"click\" data-ga_category=\"D\u00e9tail\" data-ga_action=\"zoomer\" data-ga_label=\"aggrandir image\" target=\"_blank\" rel=\"noopener\">&#13;<br \/>\n        <img src=\"https:\/\/www.europesays.com\/fr\/wp-content\/uploads\/2026\/01\/mediatheque-olympe-de-gouges-strasbourg-alban-hefti-1767709161.jpg\"   alt=\"M\u00e9diath\u00e8que Olympe de Gouges Strasbourg \u00a9Alban Hefti\" fetchpriority=\"high\" decoding=\"async\" data-mobile=\"NW_listA_M|1767709161\" data-base=\"NW_listA|1767709161\"\/>&#13;<br \/>\n    <\/a>&#13;<\/p>\n<p>M\u00e9diath\u00e8que Olympe de Gouges Strasbourg <strong>\u00a9Alban Hefti<\/strong><\/p>\n<p>&#13;<br \/>\n                                            Contenu con\u00e7u et propos\u00e9 par EBRA inspirations&#13;<br \/>\n                        avec Ville et Eurom\u00e9tropole de Strasbourg&#13;\n                                    <\/p>\n","protected":false},"excerpt":{"rendered":"Contenu con\u00e7u et propos\u00e9 par EBRA Inspirations en partenariat avec EBRA Inspirations est une marque qui valorise les&hellip;\n","protected":false},"author":2,"featured_media":666498,"comment_status":"","ping_status":"","sticky":false,"template":"","format":"standard","meta":{"footnotes":""},"categories":[2820],"tags":[1111,11,7884,7885,1777,674,1011,27,775,12,25,640],"class_list":{"0":"post-666497","1":"post","2":"type-post","3":"status-publish","4":"format-standard","5":"has-post-thumbnail","7":"category-strasbourg","8":"tag-actu","9":"tag-actualites","10":"tag-articles-partenaires","11":"tag-brand-content","12":"tag-eu","13":"tag-europe","14":"tag-fr","15":"tag-france","16":"tag-grand-est","17":"tag-news","18":"tag-republique-francaise","19":"tag-strasbourg"},"share_on_mastodon":{"url":"https:\/\/pubeurope.com\/@fr\/115901883073317066","error":""},"_links":{"self":[{"href":"https:\/\/www.europesays.com\/fr\/wp-json\/wp\/v2\/posts\/666497","targetHints":{"allow":["GET"]}}],"collection":[{"href":"https:\/\/www.europesays.com\/fr\/wp-json\/wp\/v2\/posts"}],"about":[{"href":"https:\/\/www.europesays.com\/fr\/wp-json\/wp\/v2\/types\/post"}],"author":[{"embeddable":true,"href":"https:\/\/www.europesays.com\/fr\/wp-json\/wp\/v2\/users\/2"}],"replies":[{"embeddable":true,"href":"https:\/\/www.europesays.com\/fr\/wp-json\/wp\/v2\/comments?post=666497"}],"version-history":[{"count":0,"href":"https:\/\/www.europesays.com\/fr\/wp-json\/wp\/v2\/posts\/666497\/revisions"}],"wp:featuredmedia":[{"embeddable":true,"href":"https:\/\/www.europesays.com\/fr\/wp-json\/wp\/v2\/media\/666498"}],"wp:attachment":[{"href":"https:\/\/www.europesays.com\/fr\/wp-json\/wp\/v2\/media?parent=666497"}],"wp:term":[{"taxonomy":"category","embeddable":true,"href":"https:\/\/www.europesays.com\/fr\/wp-json\/wp\/v2\/categories?post=666497"},{"taxonomy":"post_tag","embeddable":true,"href":"https:\/\/www.europesays.com\/fr\/wp-json\/wp\/v2\/tags?post=666497"}],"curies":[{"name":"wp","href":"https:\/\/api.w.org\/{rel}","templated":true}]}}