{"id":666505,"date":"2026-01-16T00:17:11","date_gmt":"2026-01-16T00:17:11","guid":{"rendered":"https:\/\/www.europesays.com\/fr\/666505\/"},"modified":"2026-01-16T00:17:11","modified_gmt":"2026-01-16T00:17:11","slug":"previsions-du-vendredi-16-janvier-2026","status":"publish","type":"post","link":"https:\/\/www.europesays.com\/fr\/666505\/","title":{"rendered":"pr\u00e9visions du vendredi 16 janvier 2026"},"content":{"rendered":"<p>Le soleil aura du mal \u00e0 percer au milieu des nuages qui perdureront sur Nantes dans la journ\u00e9e. Les temp\u00e9ratures s&rsquo;\u00e9chelonneront de 6 \u00e0 11\u00b0C. Un vent de sud soufflera un peu, avec 13 km\/h. La grisaille ne se dissipe toujours pas, il y aura encore des nuages le matin. Des pluies \u00e9parses sont attendues. Les valeurs seront comprises entre 7 et 10\u00b0C. Il sera compliqu\u00e9 de rester au sec car de la pluie est pr\u00e9vue dans l&rsquo;apr\u00e8s-midi. Les temp\u00e9ratures s&rsquo;\u00e9chelonneront entre 7 et 11\u00b0C. Le brouillard sera l\u00e0, le soir, \u00e0 cause du temps tr\u00e8s humide. Les valeurs afficheront entre 6\u00b0C et 7\u00b0C. Le passage de vendredi \u00e0 samedi se fera sous un ciel brumeux.<\/p>\n<p>Une chute des temp\u00e9ratures est \u00e0 pr\u00e9voir \u00e0 Nantes, demain. Il fera en moyenne 8\u00b0C. Un vent de sud-est rafra\u00eechira sensiblement l&rsquo;atmosph\u00e8re. Le matin, la condensation de l&rsquo;humidit\u00e9 am\u00e8nera du brouillard. Il va faire 6\u00b0C en moyenne. Le ciel sera assez lumineux, avec quelques \u00e9claircies demain apr\u00e8s-midi. Une m\u00e9t\u00e9o plus chaude est pr\u00e9vue puisque les temp\u00e9ratures vont conna\u00eetre une hausse. Les valeurs seront de 8\u00b0C au plus bas et de 11\u00b0C au maximum. Les valeurs seront comprises entre 6 et 7\u00b0C demain soir.<\/p>\n<p>Le temps sera relativement instable les jours suivants. Les conditions m\u00e9t\u00e9orologiques seront pluvieuses dimanche mais elles conna\u00eetront une am\u00e9lioration lundi.<\/p>\n<p><\/p>\n","protected":false},"excerpt":{"rendered":"Le soleil aura du mal \u00e0 percer au milieu des nuages qui perdureront sur Nantes dans la journ\u00e9e.&hellip;\n","protected":false},"author":2,"featured_media":666506,"comment_status":"","ping_status":"","sticky":false,"template":"","format":"standard","meta":{"footnotes":""},"categories":[2818],"tags":[1111,11,1777,674,1011,27,766,12,2636,2119,25],"class_list":{"0":"post-666505","1":"post","2":"type-post","3":"status-publish","4":"format-standard","5":"has-post-thumbnail","7":"category-nantes","8":"tag-actu","9":"tag-actualites","10":"tag-eu","11":"tag-europe","12":"tag-fr","13":"tag-france","14":"tag-nantes","15":"tag-news","16":"tag-pays-de-la-loire","17":"tag-previsions-meteo","18":"tag-republique-francaise"},"share_on_mastodon":{"url":"https:\/\/pubeurope.com\/@fr\/115901906568194502","error":""},"_links":{"self":[{"href":"https:\/\/www.europesays.com\/fr\/wp-json\/wp\/v2\/posts\/666505","targetHints":{"allow":["GET"]}}],"collection":[{"href":"https:\/\/www.europesays.com\/fr\/wp-json\/wp\/v2\/posts"}],"about":[{"href":"https:\/\/www.europesays.com\/fr\/wp-json\/wp\/v2\/types\/post"}],"author":[{"embeddable":true,"href":"https:\/\/www.europesays.com\/fr\/wp-json\/wp\/v2\/users\/2"}],"replies":[{"embeddable":true,"href":"https:\/\/www.europesays.com\/fr\/wp-json\/wp\/v2\/comments?post=666505"}],"version-history":[{"count":0,"href":"https:\/\/www.europesays.com\/fr\/wp-json\/wp\/v2\/posts\/666505\/revisions"}],"wp:featuredmedia":[{"embeddable":true,"href":"https:\/\/www.europesays.com\/fr\/wp-json\/wp\/v2\/media\/666506"}],"wp:attachment":[{"href":"https:\/\/www.europesays.com\/fr\/wp-json\/wp\/v2\/media?parent=666505"}],"wp:term":[{"taxonomy":"category","embeddable":true,"href":"https:\/\/www.europesays.com\/fr\/wp-json\/wp\/v2\/categories?post=666505"},{"taxonomy":"post_tag","embeddable":true,"href":"https:\/\/www.europesays.com\/fr\/wp-json\/wp\/v2\/tags?post=666505"}],"curies":[{"name":"wp","href":"https:\/\/api.w.org\/{rel}","templated":true}]}}