{"id":666507,"date":"2026-01-16T00:18:18","date_gmt":"2026-01-16T00:18:18","guid":{"rendered":"https:\/\/www.europesays.com\/fr\/666507\/"},"modified":"2026-01-16T00:18:18","modified_gmt":"2026-01-16T00:18:18","slug":"la-place-des-chartrons-une-nouvelle-vie-commence","status":"publish","type":"post","link":"https:\/\/www.europesays.com\/fr\/666507\/","title":{"rendered":"La Place des Chartrons : Une nouvelle vie commence"},"content":{"rendered":"<p>                    Un article extrait du magazine municipal \u00ab\u00a0le mag Bordeaux\u00a0\u00bb n\u00b0506<\/p>\n<p>Habitants et visiteurs pourront bient\u00f4t s\u2019y asseoir sur des bancs publics \u00e0 l\u2019ombre des arbres ; les enfants y jouer ou y faire des tours de trottinette en toute s\u00e9curit\u00e9. Lanc\u00e9s en avril 2025, les travaux de la place des Chartrons entrent dans leur derni\u00e8re ligne droite. Les marches de la halle \u00e9difi\u00e9e au 19e si\u00e8cle ont disparu pour faciliter l\u2019acc\u00e8s \u00e0 tous et offrir un abri aux passants les jours de pluie.<\/p>\n<p>                70%<\/p>\n<p>C\u2019est la part d\u2019espace public gratuit et pi\u00e9ton am\u00e9nag\u00e9 sur la place, contre 52 % avant les travaux.<\/p>\n<p>Nivel\u00e9 et pav\u00e9 de granits r\u00e9employ\u00e9s, le sol redessine une aire plus lisible. Ici, les usages ont \u00e9t\u00e9 repens\u00e9s : le p\u00e9rim\u00e8tre des terrasses reste inchang\u00e9, mais leur implantation a \u00e9t\u00e9 optimis\u00e9e pour lib\u00e9rer davantage d\u2019espace public gratuit. La Ville a \u00e9galement r\u00e9uni un groupe de volontaires pour aboutir \u00e0 la r\u00e9daction d\u2019une charte de bon fonctionnement (lire encadr\u00e9), favorisant ainsi un dialogue apais\u00e9 et une bonne cohabitation entre habitants, commer\u00e7ants du march\u00e9 et restaurateurs&#8230;<\/p>\n<p>\t<a class=\"lightbox-image\" role=\"button\" data-lightbox-conf=\"media__image__field_media_image__body_3_2_lb\" data-lightbox-group=\"tobii--DW6pmA\" href=\"https:\/\/www.bordeaux.fr\/sites\/bor-bdxfr-drupal\/files\/styles\/3_2_1620x1080\/public\/2026-01\/Capture%20d%27%C3%A9cran%202026-01-15%20143552_0.png.webp?h=45cd719f&amp;itok=gOY2YeMP\" data- data-><\/p>\n<p>                  <img decoding=\"async\" loading=\"lazy\" width=\"621\" height=\"414\" src=\"https:\/\/www.europesays.com\/fr\/wp-content\/uploads\/2026\/01\/Capture d'\u00e9cran 2026-01-15 143552_0.png.webp.webp\" alt=\"Localisation de la Place des Chartrons\" class=\"img-fluid\"\/><\/p>\n<p><\/a><\/p>\n<p>\tMobilier et plantations<\/p>\n<p>Autre \u00e9volution majeure : la place, jusqu\u2019ici tr\u00e8s min\u00e9rale, accueillera entre janvier et f\u00e9vrier 21 arbres de hauteurs vari\u00e9es afin de cr\u00e9er des \u00eelots de fra\u00eecheur. Les essences ont \u00e9t\u00e9 choisies pour limiter les arrosages et une partie des eaux de ruissellement sera redirig\u00e9e vers les plantations. D\u2019ici le mois de mars, arceaux v\u00e9los, bancs et fauteuils viendront compl\u00e9ter le d\u00e9cor pour composer un v\u00e9ritable salon urbain \u00e0 ciel ouvert. Un lieu o\u00f9 l\u2019on se retrouve pour se poser, prendre l\u2019air, papoter entre voisins&#8230; L\u2019ensemble de ces am\u00e9nagements s\u2019\u00e9l\u00e8ve \u00e0 1,65 M\u20ac TTC.<\/p>\n<p>\tUn bail \u00e0 r\u00e9habilitation sociale in\u00e9dit<\/p>\n<p>La transformation de la place s\u2019accompagne d\u2019une op\u00e9ration in\u00e9dite en mati\u00e8re d&rsquo;habitat. Depuis 1968, la municipalit\u00e9 est propri\u00e9taire de l\u2019immeuble situ\u00e9 du 2 au 4 rue Sicard qui a d\u00e9j\u00e0 abrit\u00e9 des logements sociaux g\u00e9r\u00e9s par Aquitanis par le pass\u00e9. Depuis plusieurs ann\u00e9es, une partie \u00e9tait rest\u00e9e vacante, mais l\u2019immeuble n\u00e9cessitait une lourde r\u00e9habilitation. Soucieuse de conserver ce patrimoine historique, la collectivit\u00e9 a choisi de le conserver et d\u2019en confier la gestion au bailleur social Habitat et Humanisme via un bail \u00e0 r\u00e9habilitation sociale conclu pour 60\u00a0ans par un acte notari\u00e9. Le principe est simple : le bailleur financera l\u2019int\u00e9gralit\u00e9 des travaux n\u00e9cessaires (\u00e9tanch\u00e9it\u00e9, isolation, charpente, reprise de la fa\u00e7ade, plomberie, peintures&#8230;) pour cr\u00e9er 16 logements, du T1 au T4, avec une majorit\u00e9 de T2. Ces appartements sont destin\u00e9s \u00e0 des personnes en grande pr\u00e9carit\u00e9, b\u00e9n\u00e9ficiaires d\u2019un accompagnement social. Le chantier devrait commencer le premier trimestre 2026, pour une installation des habitants d\u00e9but 2027.\u00a0<\/p>\n<p>                    Une charte pour mieux vivre ensemble<\/p>\n<p>Afin de favoriser un usage harmonieux de la place, la Ville a r\u00e9uni un groupe de volontaires tir\u00e9s au sort : 5 habitants, 5 commer\u00e7ants, 3 associations, des usagers et des agents municipaux. Deux ateliers ont eu lieu en juillet et septembre 2025 afin d\u2019identifier des attentes autour de l\u2019entretien et la propret\u00e9, la r\u00e9gulation du bruit, la signal\u00e9tique\u2026 Ces \u00e9changes se sont concr\u00e9tis\u00e9s par la r\u00e9daction d\u2019une charte \u00e9volutive qui recense les r\u00e8gles, les engagements des parties prenantes et les bonnes pratiques.<\/p>\n<p>\tT\u00e9moignages<\/p>\n<p>                    Norbert Dupuch, g\u00e9rant du restaurant La Pointe<\/p>\n<p>\u00ab\u2009Ces \u00e9volutions, je les vois d\u2019un tr\u00e8s bon \u0153il ! Elles vont apporter un nouveau souffle au quartier. La pi\u00e9tonnisation est une tendance g\u00e9n\u00e9rale \u00e0 Bordeaux. On peut \u00e9voquer la place Fernand Lafargue et celle du Parlement. Elles y ont gagn\u00e9 en attractivit\u00e9. De nouveaux commerces s\u2019y installent, les gens s\u2019attardent en terrasse, les enfants peuvent y jouer. Pour nous, commer\u00e7ants et restaurateurs, ces \u00e9volutions sont forc\u00e9ment b\u00e9n\u00e9fiques. \u2009\u00bb<\/p>\n","protected":false},"excerpt":{"rendered":"Un article extrait du magazine municipal \u00ab\u00a0le mag Bordeaux\u00a0\u00bb n\u00b0506 Habitants et visiteurs pourront bient\u00f4t s\u2019y asseoir sur&hellip;\n","protected":false},"author":2,"featured_media":666508,"comment_status":"","ping_status":"","sticky":false,"template":"","format":"standard","meta":{"footnotes":""},"categories":[2817],"tags":[1111,11,1997,1777,674,1011,27,12,2219,25],"class_list":{"0":"post-666507","1":"post","2":"type-post","3":"status-publish","4":"format-standard","5":"has-post-thumbnail","7":"category-bordeaux","8":"tag-actu","9":"tag-actualites","10":"tag-bordeaux","11":"tag-eu","12":"tag-europe","13":"tag-fr","14":"tag-france","15":"tag-news","16":"tag-nouvelle-aquitaine","17":"tag-republique-francaise"},"share_on_mastodon":{"url":"https:\/\/pubeurope.com\/@fr\/115901910524973214","error":""},"_links":{"self":[{"href":"https:\/\/www.europesays.com\/fr\/wp-json\/wp\/v2\/posts\/666507","targetHints":{"allow":["GET"]}}],"collection":[{"href":"https:\/\/www.europesays.com\/fr\/wp-json\/wp\/v2\/posts"}],"about":[{"href":"https:\/\/www.europesays.com\/fr\/wp-json\/wp\/v2\/types\/post"}],"author":[{"embeddable":true,"href":"https:\/\/www.europesays.com\/fr\/wp-json\/wp\/v2\/users\/2"}],"replies":[{"embeddable":true,"href":"https:\/\/www.europesays.com\/fr\/wp-json\/wp\/v2\/comments?post=666507"}],"version-history":[{"count":0,"href":"https:\/\/www.europesays.com\/fr\/wp-json\/wp\/v2\/posts\/666507\/revisions"}],"wp:featuredmedia":[{"embeddable":true,"href":"https:\/\/www.europesays.com\/fr\/wp-json\/wp\/v2\/media\/666508"}],"wp:attachment":[{"href":"https:\/\/www.europesays.com\/fr\/wp-json\/wp\/v2\/media?parent=666507"}],"wp:term":[{"taxonomy":"category","embeddable":true,"href":"https:\/\/www.europesays.com\/fr\/wp-json\/wp\/v2\/categories?post=666507"},{"taxonomy":"post_tag","embeddable":true,"href":"https:\/\/www.europesays.com\/fr\/wp-json\/wp\/v2\/tags?post=666507"}],"curies":[{"name":"wp","href":"https:\/\/api.w.org\/{rel}","templated":true}]}}