{"id":666509,"date":"2026-01-16T00:19:12","date_gmt":"2026-01-16T00:19:12","guid":{"rendered":"https:\/\/www.europesays.com\/fr\/666509\/"},"modified":"2026-01-16T00:19:12","modified_gmt":"2026-01-16T00:19:12","slug":"previsions-du-vendredi-16-janvier-2026-2","status":"publish","type":"post","link":"https:\/\/www.europesays.com\/fr\/666509\/","title":{"rendered":"pr\u00e9visions du vendredi 16 janvier 2026"},"content":{"rendered":"<p>\u00c0 Bordeaux, de l\u00e9g\u00e8res averses rythmeront cette journ\u00e9e. Il fera 9\u00b0C en moyenne. Le matin, on anticipe des valeurs d&rsquo;environ 9\u00b0C. Un vent de sud soufflera l\u00e9g\u00e8rement, avec 10 km\/h. Les temp\u00e9ratures s&rsquo;\u00e9chelonneront entre 9\u00b0C et 11\u00b0C dans l&rsquo;apr\u00e8s-midi. On observera la pr\u00e9sence persistante de nuages le soir. Les valeurs seront comprises entre 8 et 9\u00b0C. Le ciel sera clair dans la nuit de vendredi \u00e0 samedi.<\/p>\n<p>Le ciel de Bordeaux sera relativement lumineux, avec quelques \u00e9claircies demain. Les temp\u00e9ratures vont descendre de quelques degr\u00e9s. Le mercure affichera 8\u00b0C en moyenne. Les Bordelais vont avoir froid le matin : les temp\u00e9ratures ne vont pas d\u00e9passer 9\u00b0C. Les valeurs iront de 5 \u00e0 9\u00b0C. Un vent de sud-est soufflera doucement. Les temp\u00e9ratures vont monter pendant l&rsquo;apr\u00e8s-midi de quelques degr\u00e9s. Les valeurs afficheront entre 9 et 11\u00b0C. Demain soir, le temps sera marqu\u00e9 par des pluies \u00e9parses. Il va faire en moyenne 9\u00b0C. Une modeste brise de nord-est sera ressentie par les habitants.<\/p>\n<p>Apr\u00e8s une journ\u00e9e pluvieuse dimanche, on s&rsquo;attend \u00e0 une am\u00e9lioration lundi.<\/p>\n<p><\/p>\n","protected":false},"excerpt":{"rendered":"\u00c0 Bordeaux, de l\u00e9g\u00e8res averses rythmeront cette journ\u00e9e. Il fera 9\u00b0C en moyenne. Le matin, on anticipe des&hellip;\n","protected":false},"author":2,"featured_media":666510,"comment_status":"","ping_status":"","sticky":false,"template":"","format":"standard","meta":{"footnotes":""},"categories":[2817],"tags":[1111,11,1997,1777,674,1011,27,12,2219,2119,25],"class_list":{"0":"post-666509","1":"post","2":"type-post","3":"status-publish","4":"format-standard","5":"has-post-thumbnail","7":"category-bordeaux","8":"tag-actu","9":"tag-actualites","10":"tag-bordeaux","11":"tag-eu","12":"tag-europe","13":"tag-fr","14":"tag-france","15":"tag-news","16":"tag-nouvelle-aquitaine","17":"tag-previsions-meteo","18":"tag-republique-francaise"},"share_on_mastodon":{"url":"https:\/\/pubeurope.com\/@fr\/115901914404614385","error":""},"_links":{"self":[{"href":"https:\/\/www.europesays.com\/fr\/wp-json\/wp\/v2\/posts\/666509","targetHints":{"allow":["GET"]}}],"collection":[{"href":"https:\/\/www.europesays.com\/fr\/wp-json\/wp\/v2\/posts"}],"about":[{"href":"https:\/\/www.europesays.com\/fr\/wp-json\/wp\/v2\/types\/post"}],"author":[{"embeddable":true,"href":"https:\/\/www.europesays.com\/fr\/wp-json\/wp\/v2\/users\/2"}],"replies":[{"embeddable":true,"href":"https:\/\/www.europesays.com\/fr\/wp-json\/wp\/v2\/comments?post=666509"}],"version-history":[{"count":0,"href":"https:\/\/www.europesays.com\/fr\/wp-json\/wp\/v2\/posts\/666509\/revisions"}],"wp:featuredmedia":[{"embeddable":true,"href":"https:\/\/www.europesays.com\/fr\/wp-json\/wp\/v2\/media\/666510"}],"wp:attachment":[{"href":"https:\/\/www.europesays.com\/fr\/wp-json\/wp\/v2\/media?parent=666509"}],"wp:term":[{"taxonomy":"category","embeddable":true,"href":"https:\/\/www.europesays.com\/fr\/wp-json\/wp\/v2\/categories?post=666509"},{"taxonomy":"post_tag","embeddable":true,"href":"https:\/\/www.europesays.com\/fr\/wp-json\/wp\/v2\/tags?post=666509"}],"curies":[{"name":"wp","href":"https:\/\/api.w.org\/{rel}","templated":true}]}}