{"id":66651,"date":"2025-05-01T10:19:08","date_gmt":"2025-05-01T10:19:08","guid":{"rendered":"https:\/\/www.europesays.com\/fr\/66651\/"},"modified":"2025-05-01T10:19:08","modified_gmt":"2025-05-01T10:19:08","slug":"echappe-en-romandie-gerben-kuypers-se-plait-aussi-sur-la-route-actualite","status":"publish","type":"post","link":"https:\/\/www.europesays.com\/fr\/66651\/","title":{"rendered":"\u00c9chapp\u00e9 en Romandie, Gerben Kuypers se pla\u00eet aussi sur la route &#8211; Actualit\u00e9"},"content":{"rendered":"<p style=\"text-align: justify;\">L\u2019objectif n\u2019a pas \u00e9t\u00e9 atteint, mais Gerben Kuypers \u00e9tait satisfait, ce mercredi, de sa premi\u00e8re \u00e9tape du Tour de Romandie. Le coureur d\u2019Intermarch\u00e9-Wanty voulait s\u2019\u00e9chapper pour prendre le maillot de la montagne. Il s\u2019est ainsi vite retrouv\u00e9 \u00e0 l\u2019avant en compagnie de quatre autres coureurs, puis du seul Ben Zwiehoff (Red Bull-BORA-Hansgrohe) lorsque l\u2019\u00e9chapp\u00e9e a explos\u00e9 avec l\u2019encha\u00eenement des difficult\u00e9s. \u201cJ&rsquo;ai gagn\u00e9 les deux premiers GPM, qui \u00e9taient en 3e cat\u00e9gorie, mais les deux autres, en 2e cat\u00e9gorie, \u00e9taient plus durs. Ben Zwiehoff \u00e9tait le meilleur grimpeur et il est pass\u00e9 en t\u00eate les deux fois\u201d, constate le Belge pour DirectVelo.<\/p>\n<p>Apr\u00e8s le dernier Grand Prix de la Montagne, \u00e0 pr\u00e8s de 80 kilom\u00e8tres de l\u2019arriv\u00e9e, le duo de t\u00eate comptait plus de trois minutes d\u2019avance. \u201cOn m\u2019a alors dit de rouler \u00e0 bloc, mais apr\u00e8s moins de vingt kilom\u00e8tres, l\u2019\u00e9cart \u00e9tait descendu \u00e0 deux minutes. Nous avons \u00e9t\u00e9 \u00e0 bloc toute la journ\u00e9e. On aurait bien aim\u00e9 gagner l\u2019\u00e9tape, mais \u00e0 deux seulement sur la grande route, c\u2019\u00e9tait impossible\u201d. Ils ont tenu jusqu\u2019\u00e0 la ligne du prix de la combativit\u00e9, situ\u00e9e \u00e0 25 bornes de Fribourg. Pass\u00e9 en t\u00eate, Gerben Kuypers a ainsi eu droit, lui aussi, aux honneurs de la c\u00e9r\u00e9monie protocolaire.<\/p>\n<p><strong>DU 50-50<\/strong><\/p>\n<p>Le Flamand de 25 ans est, pour l\u2019heure, satisfait de sa saison sur route (<strong><a href=\"https:\/\/www.directvelo.com\/coureur\/24772\/gerben-kuypers\" target=\"_blank\" rel=\"noopener\">voir sa fiche DirectVelo<\/a><\/strong>). Il est simplement contrari\u00e9 par un Li\u00e8ge-Bastogne-Li\u00e8ge difficile. \u201cJ\u2019ai eu une tr\u00e8s mauvaise journ\u00e9e, donc j\u2019\u00e9tais un peu d\u00e9\u00e7u\u201d. Il a aussi quelques regrets concernant le prologue du Tour de Romandie.\u00a0\u201cJe pense que jusqu\u2019\u00e0 la flamme rouge, j\u2019\u00e9tais dans le Top 20, mais apr\u00e8s, j\u2019ai totalement explos\u00e9 (il termine 63, NDLR). J\u2019ai pris un d\u00e9part trop rapide, c\u2019est dommage\u201d. <\/p>\n<p>Promu dans la WorldTour d\u2019Intermarch\u00e9-Wanty au printemps dernier, le vainqueur de la Coupe de France de cyclo-cross 2022 se pla\u00eet sur la route. \u201cIl y a quelques ann\u00e9es, c\u2019\u00e9tait juste de l\u2019entra\u00eenement pour l\u2019hiver, mais maintenant, j\u2019ai des ambitions sur la route \u00e9galement. D\u00e9sormais, c\u2019est 50-50 entre la route et le cyclo-cross\u201d.<\/p>\n","protected":false},"excerpt":{"rendered":"L\u2019objectif n\u2019a pas \u00e9t\u00e9 atteint, mais Gerben Kuypers \u00e9tait satisfait, ce mercredi, de sa premi\u00e8re \u00e9tape du Tour&hellip;\n","protected":false},"author":2,"featured_media":66652,"comment_status":"","ping_status":"","sticky":false,"template":"","format":"standard","meta":{"footnotes":""},"categories":[1411],"tags":[834,828,836,829,837,827,83,826,824,823,1154,207,814,817,815,816,822,821,832,211,839,1011,27,820,818,819,835,831,830,833,838,60,212,208,825],"class_list":{"0":"post-66651","1":"post","2":"type-post","3":"status-publish","4":"format-standard","5":"has-post-thumbnail","7":"category-cyclisme","8":"tag-attaque","9":"tag-belgique","10":"tag-braquet","11":"tag-bretagne","12":"tag-chute","13":"tag-competition","14":"tag-coupe-de-france","15":"tag-coureur","16":"tag-course-cyclisme","17":"tag-course-cycliste","18":"tag-cycling","19":"tag-cyclisme","20":"tag-direct","21":"tag-direct-velo","22":"tag-directvelo","23":"tag-directvelo-com","24":"tag-epreuve","25":"tag-epreuve-cycliste","26":"tag-federation-francaise-de-cyclisme","27":"tag-ffc","28":"tag-flandres","29":"tag-fr","30":"tag-france","31":"tag-live","32":"tag-live-course","33":"tag-live-epreuve","34":"tag-peloton","35":"tag-radio-peloton","36":"tag-radio-tour","37":"tag-ravitaillement","38":"tag-relance","39":"tag-sports","40":"tag-uci","41":"tag-velo","42":"tag-velos"},"share_on_mastodon":{"url":"https:\/\/pubeurope.com\/@fr\/114432072984920832","error":""},"_links":{"self":[{"href":"https:\/\/www.europesays.com\/fr\/wp-json\/wp\/v2\/posts\/66651","targetHints":{"allow":["GET"]}}],"collection":[{"href":"https:\/\/www.europesays.com\/fr\/wp-json\/wp\/v2\/posts"}],"about":[{"href":"https:\/\/www.europesays.com\/fr\/wp-json\/wp\/v2\/types\/post"}],"author":[{"embeddable":true,"href":"https:\/\/www.europesays.com\/fr\/wp-json\/wp\/v2\/users\/2"}],"replies":[{"embeddable":true,"href":"https:\/\/www.europesays.com\/fr\/wp-json\/wp\/v2\/comments?post=66651"}],"version-history":[{"count":0,"href":"https:\/\/www.europesays.com\/fr\/wp-json\/wp\/v2\/posts\/66651\/revisions"}],"wp:featuredmedia":[{"embeddable":true,"href":"https:\/\/www.europesays.com\/fr\/wp-json\/wp\/v2\/media\/66652"}],"wp:attachment":[{"href":"https:\/\/www.europesays.com\/fr\/wp-json\/wp\/v2\/media?parent=66651"}],"wp:term":[{"taxonomy":"category","embeddable":true,"href":"https:\/\/www.europesays.com\/fr\/wp-json\/wp\/v2\/categories?post=66651"},{"taxonomy":"post_tag","embeddable":true,"href":"https:\/\/www.europesays.com\/fr\/wp-json\/wp\/v2\/tags?post=66651"}],"curies":[{"name":"wp","href":"https:\/\/api.w.org\/{rel}","templated":true}]}}