{"id":666511,"date":"2026-01-16T00:20:12","date_gmt":"2026-01-16T00:20:12","guid":{"rendered":"https:\/\/www.europesays.com\/fr\/666511\/"},"modified":"2026-01-16T00:20:12","modified_gmt":"2026-01-16T00:20:12","slug":"pour-la-deuxieme-fois-en-deux-jours-un-homme-se-jette-dun-pont-du-peripherique-de-toulouse","status":"publish","type":"post","link":"https:\/\/www.europesays.com\/fr\/666511\/","title":{"rendered":"Pour la deuxi\u00e8me fois en deux jours, un homme se jette d\u2019un pont du p\u00e9riph\u00e9rique de Toulouse"},"content":{"rendered":"<p>\n                                                                    l&rsquo;essentiel<br \/>\n                                                                Un homme s\u2019est gri\u00e8vement bless\u00e9 apr\u00e8s s\u2019\u00eatre jet\u00e9 d\u2019un pont sur les voies du p\u00e9riph\u00e9rique de Toulouse. Le second incident du genre en deux jours.\n                            <\/p>\n<p>Le deuxi\u00e8me incident du m\u00eame type en l\u2019espace de deux jours. Ce jeudi 15\u00a0janvier 2026, vers 16\u00a0heures, un homme s\u2019est jet\u00e9 d\u2019un pont enjambant le p\u00e9riph\u00e9rique int\u00e9rieur de Toulouse.<\/p>\n<p>\u00ab\u00a0Tr\u00e8s agit\u00e9\u00a0\u00bb<\/p>\n<p>Les faits se sont produits \u00e0 hauteur des Argoulets. L\u2019auteur de ce geste d\u00e9sesp\u00e9r\u00e9 \u00e9tait conscient lors de l\u2019arriv\u00e9e sur place des sapeurs-pompiers du SDIS 31 et du Samu. Gri\u00e8vement bless\u00e9, il a \u00e9t\u00e9 m\u00e9dicalis\u00e9 et \u00e9vacu\u00e9 \u00e0 l\u2019h\u00f4pital Purpan o\u00f9 il a \u00e9t\u00e9 admis en d\u00e9chocage.<\/p>\n<p>La veille, vers 9\u00a0heures, un homme s\u2019\u00e9tait d\u00e9j\u00e0 volontairement jet\u00e9 d\u2019un autre pont du p\u00e9riph\u00e9rique int\u00e9rieur, situ\u00e9 \u00e0 hauteur de la sortie Faourette. \u00ab\u00a0Des t\u00e9moins ont d\u00e9crit un homme tr\u00e8s agit\u00e9 avant de sauter\u00a0\u00bb, confie une source proche de l\u2019enqu\u00eate.<\/p>\n<p>Une victime non identifi\u00e9e<\/p>\n<p>Un homme \u00e0 scooter s\u2019est alors arr\u00eat\u00e9 pour d\u00e9gager la victime des voies de circulation et \u00e9viter qu\u2019il se fasse rouler dessus. Gri\u00e8vement bless\u00e9e aux membres inf\u00e9rieurs, la victime a, elle\u00a0aussi, \u00e9t\u00e9 admise en d\u00e9chocage \u00e0 Purpan.<\/p>\n<p>Selon nos informations, cet homme n\u2019est pas identifi\u00e9\u00a0\u00e0 cette heure. \u00ab\u00a0Il a entre 30 et 40 ans et ne portait pas de papier sur lui\u00a0\u00bb, rel\u00e8ve une source proche de l\u2019enqu\u00eate.<\/p>\n","protected":false},"excerpt":{"rendered":"l&rsquo;essentiel Un homme s\u2019est gri\u00e8vement bless\u00e9 apr\u00e8s s\u2019\u00eatre jet\u00e9 d\u2019un pont sur les voies du p\u00e9riph\u00e9rique de Toulouse.&hellip;\n","protected":false},"author":2,"featured_media":666512,"comment_status":"","ping_status":"","sticky":false,"template":"","format":"standard","meta":{"footnotes":""},"categories":[2816],"tags":[1111,11,1777,674,118,1011,27,2722,12,2680,25,2312],"class_list":{"0":"post-666511","1":"post","2":"type-post","3":"status-publish","4":"format-standard","5":"has-post-thumbnail","7":"category-toulouse","8":"tag-actu","9":"tag-actualites","10":"tag-eu","11":"tag-europe","12":"tag-faits-divers","13":"tag-fr","14":"tag-france","15":"tag-haute-garonne","16":"tag-news","17":"tag-occitanie","18":"tag-republique-francaise","19":"tag-toulouse"},"share_on_mastodon":{"url":"https:\/\/pubeurope.com\/@fr\/115901918311444876","error":""},"_links":{"self":[{"href":"https:\/\/www.europesays.com\/fr\/wp-json\/wp\/v2\/posts\/666511","targetHints":{"allow":["GET"]}}],"collection":[{"href":"https:\/\/www.europesays.com\/fr\/wp-json\/wp\/v2\/posts"}],"about":[{"href":"https:\/\/www.europesays.com\/fr\/wp-json\/wp\/v2\/types\/post"}],"author":[{"embeddable":true,"href":"https:\/\/www.europesays.com\/fr\/wp-json\/wp\/v2\/users\/2"}],"replies":[{"embeddable":true,"href":"https:\/\/www.europesays.com\/fr\/wp-json\/wp\/v2\/comments?post=666511"}],"version-history":[{"count":0,"href":"https:\/\/www.europesays.com\/fr\/wp-json\/wp\/v2\/posts\/666511\/revisions"}],"wp:featuredmedia":[{"embeddable":true,"href":"https:\/\/www.europesays.com\/fr\/wp-json\/wp\/v2\/media\/666512"}],"wp:attachment":[{"href":"https:\/\/www.europesays.com\/fr\/wp-json\/wp\/v2\/media?parent=666511"}],"wp:term":[{"taxonomy":"category","embeddable":true,"href":"https:\/\/www.europesays.com\/fr\/wp-json\/wp\/v2\/categories?post=666511"},{"taxonomy":"post_tag","embeddable":true,"href":"https:\/\/www.europesays.com\/fr\/wp-json\/wp\/v2\/tags?post=666511"}],"curies":[{"name":"wp","href":"https:\/\/api.w.org\/{rel}","templated":true}]}}