{"id":666513,"date":"2026-01-16T00:21:13","date_gmt":"2026-01-16T00:21:13","guid":{"rendered":"https:\/\/www.europesays.com\/fr\/666513\/"},"modified":"2026-01-16T00:21:13","modified_gmt":"2026-01-16T00:21:13","slug":"nice-les-compos-probables-5","status":"publish","type":"post","link":"https:\/\/www.europesays.com\/fr\/666513\/","title":{"rendered":"Nice : les compos probables"},"content":{"rendered":"<p>Battu par Lens il y a deux semaines, Toulouse reste n\u00e9anmoins sur une bonne s\u00e9rie ces derni\u00e8res semaines et a r\u00e9alis\u00e9 une belle premi\u00e8re partie de saison. Le TFC voudra poursuivre sur cette dynamique et prendre les trois points sur sa pelouse contre Nice. Le Gym, de son c\u00f4t\u00e9, veut confirmer son renouveau sous la houlette de Claude Puel, qui a remplac\u00e9 Franck Haise durant la tr\u00eave hivernale. La rencontre sera \u00e0 suivre ce samedi \u00e0 19h, sur Ligue 1+.<\/p>\n<p>Les compos probables<\/p>\n<p><strong>Toulouse<\/strong> : Restes &#8211; McKenzie, Cresswell, Koumbassa &#8211; D\u00f6nnum, Diop, Casseres, Kamanzi &#8211; Magri, Hidalgo, Gboho<\/p>\n<p><strong>Nice<\/strong> : Dup\u00e9 &#8211; Clauss, Everton, Bah, Bard &#8211; Boudaoui, Vanhoutte, Sanson &#8211; Louchet, Wahi, Gouveia<\/p>\n<p>\u00a0<\/p>\n<p>   Partagez cette info avec vos amis et vos proches en cliquant ici<br \/> Pour r\u00e9sumer<\/p>\n<p>Toulouse, en bonne forme malgr\u00e9 la d\u00e9faite contre Lens, vise la victoire contre Nice pour continuer sur sa lanc\u00e9e. Le Gym, sous la direction de Claude Puel, cherche \u00e0 confirmer son renouveau apr\u00e8s la tr\u00eave. Match \u00e0 suivre samedi \u00e0 19h sur Ligue 1+.<\/p>\n<p>R\u00e9dacteur<\/p>\n<p><img decoding=\"async\" width=\"76\" height=\"76\" loading=\"lazy\" src=\"https:\/\/www.europesays.com\/fr\/wp-content\/uploads\/2025\/04\/avatar-onze.webp.webp\" alt=\"Nathan Bricout\"\/><\/p>\n","protected":false},"excerpt":{"rendered":"Battu par Lens il y a deux semaines, Toulouse reste n\u00e9anmoins sur une bonne s\u00e9rie ces derni\u00e8res semaines&hellip;\n","protected":false},"author":2,"featured_media":666514,"comment_status":"","ping_status":"","sticky":false,"template":"","format":"standard","meta":{"footnotes":""},"categories":[2816],"tags":[1111,11,1777,674,1011,27,66,12,2680,25,2312],"class_list":{"0":"post-666513","1":"post","2":"type-post","3":"status-publish","4":"format-standard","5":"has-post-thumbnail","7":"category-toulouse","8":"tag-actu","9":"tag-actualites","10":"tag-eu","11":"tag-europe","12":"tag-fr","13":"tag-france","14":"tag-ligue-1","15":"tag-news","16":"tag-occitanie","17":"tag-republique-francaise","18":"tag-toulouse"},"share_on_mastodon":{"url":"https:\/\/pubeurope.com\/@fr\/115901922360385097","error":""},"_links":{"self":[{"href":"https:\/\/www.europesays.com\/fr\/wp-json\/wp\/v2\/posts\/666513","targetHints":{"allow":["GET"]}}],"collection":[{"href":"https:\/\/www.europesays.com\/fr\/wp-json\/wp\/v2\/posts"}],"about":[{"href":"https:\/\/www.europesays.com\/fr\/wp-json\/wp\/v2\/types\/post"}],"author":[{"embeddable":true,"href":"https:\/\/www.europesays.com\/fr\/wp-json\/wp\/v2\/users\/2"}],"replies":[{"embeddable":true,"href":"https:\/\/www.europesays.com\/fr\/wp-json\/wp\/v2\/comments?post=666513"}],"version-history":[{"count":0,"href":"https:\/\/www.europesays.com\/fr\/wp-json\/wp\/v2\/posts\/666513\/revisions"}],"wp:featuredmedia":[{"embeddable":true,"href":"https:\/\/www.europesays.com\/fr\/wp-json\/wp\/v2\/media\/666514"}],"wp:attachment":[{"href":"https:\/\/www.europesays.com\/fr\/wp-json\/wp\/v2\/media?parent=666513"}],"wp:term":[{"taxonomy":"category","embeddable":true,"href":"https:\/\/www.europesays.com\/fr\/wp-json\/wp\/v2\/categories?post=666513"},{"taxonomy":"post_tag","embeddable":true,"href":"https:\/\/www.europesays.com\/fr\/wp-json\/wp\/v2\/tags?post=666513"}],"curies":[{"name":"wp","href":"https:\/\/api.w.org\/{rel}","templated":true}]}}