{"id":666515,"date":"2026-01-16T00:22:13","date_gmt":"2026-01-16T00:22:13","guid":{"rendered":"https:\/\/www.europesays.com\/fr\/666515\/"},"modified":"2026-01-16T00:22:13","modified_gmt":"2026-01-16T00:22:13","slug":"a-lille-la-pizzeria-a-legna-sinstalle-dans-le-quartier-sebastopol-avec-ses-pizzas-au-feu-de-bois","status":"publish","type":"post","link":"https:\/\/www.europesays.com\/fr\/666515\/","title":{"rendered":"\u00c0 Lille, la pizzeria A Legna s&rsquo;installe dans le quartier S\u00e9bastopol avec ses pizzas au feu de bois"},"content":{"rendered":"<p>                    Par<br \/>\n        <strong><br \/>\n            <a href=\"https:\/\/actu.fr\/auteur\/hervine-mahaud\" title=\"Consulter tous les articles de Hervine Mahaud\" target=\"_blank\" rel=\"noopener\">Hervine Mahaud<\/a><br \/>\n                    <\/strong><\/p>\n<p>        Publi\u00e9 le<\/p>\n<p>            15 janv. 2026 \u00e0 19h00        <\/p>\n<p data-end=\"629\">Une odeur de p\u00e2te chaude et de bois br\u00fbl\u00e9 flotte d\u00e9sormais dans le <b>quartier S\u00e9bastopol<\/b>. <b data-end=\"352\">A Legna<\/b>, <b>pizzeria<\/b> d\u00e9j\u00e0 bien connue des habitants de Fives, vient d\u2019ouvrir une seconde adresse <b data-end=\"472\">au 141 rue Solf\u00e9rino<\/b>, \u00e0 <a href=\"https:\/\/actu.fr\/hauts-de-france\/lille_59350\" target=\"_blank\" rel=\"noopener\">Lille<\/a>, fin d\u00e9cembre 2025. Aux commandes : Thomas Imbert, 39 ans, chef cuisinier et p\u00e2tissier de formation, \u00e9paul\u00e9 par Charles, pizzaiolo, et Isaac, cuisinier. L\u2019\u00e9quipe propose une carte autour des <b>pizzas cuites au feu de bois<\/b>, ainsi que de <b>g\u00e9n\u00e9reux plats de p\u00e2tes<\/b>. Le tout pr\u00e9par\u00e9 \u00e0 partir de produits frais, avec un <b>bon rapport qualit\u00e9-prix<\/b>, dans un lieu convivial.<\/p>\n<p>Apr\u00e8s le succ\u00e8s d\u2019A Legna \u00e0 Fives, une nouvelle pizzeria ouvre ses portes \u00e0 Lille-Centre<\/p>\n<p data-end=\"1241\" class=\" wall-content\">Originaire des Ardennes, Thomas Imbert a roul\u00e9 sa bosse avant de poser ses valises \u00e0 Lille. Luxembourg, Saint-Barth\u00e9lemy, Lyon, l\u2019Auvergne\u2026 Le chef a multipli\u00e9 les exp\u00e9riences, entre <b data-end=\"865\">brasserie<\/b>, <b data-end=\"884\">gastronomique<\/b>, et m\u00eame <b data-end=\"934\">p\u00e2tisserie dans un restaurant \u00e9toil\u00e9<\/b>.<br data-end=\"938\"\/>Arriv\u00e9 \u00e0 Lille en 2016 pour se rapprocher de sa famille, il passe six ans dans une adresse r\u00e9put\u00e9e du Vieux-Lille. C\u2019est l\u00e0 qu\u2019il rencontre un ami qui ouvre, lui, la premi\u00e8re pizzeria <b data-end=\"1144\">A Legna<\/b> au 2 rue Lannoy \u00e0 Fives, en 2022.<\/p>\n<p data-end=\"1241\" class=\" wall-content\">Une aventure qui fonctionne, au point de donner envie de dupliquer le concept. \u00ab\u00a0On s\u2019est associ\u00e9 pour ouvrir une nouvelle pizzeria dans le centre de Lille\u00a0\u00bb, explique Thomas. Une opportunit\u00e9 se pr\u00e9sente rue Solf\u00e9rino, dans les murs d\u2019une <a href=\"https:\/\/actu.fr\/hauts-de-france\/lille_59350\/lille-baking-mama-la-nouvelle-boulangerie-patisserie-artisanale-de-solferino_60463535.html\" target=\"_blank\" rel=\"noopener\">ancienne boulangerie liquid\u00e9e<\/a>. Les travaux prennent plus de temps que pr\u00e9vu, mais <b data-end=\"1527\">l\u2019ouverture a finalement lieu fin d\u00e9cembre 2025<\/b>. \u00c0 l\u2019int\u00e9rieur, l\u2019ambiance se veut <b data-end=\"1590\">chaleureuse et vintage<\/b> gr\u00e2ce \u00e0 une d\u00e9coration chin\u00e9e chez <b data-end=\"1644\">Troc.com \u00e0 Wasquehal<\/b>.<b data-end=\"1644\"> <\/b>Mais ce qui fait toute la diff\u00e9rence, c\u2019est le<b data-end=\"1739\">\u00a0four artisanal venu d\u2019Italie<\/b>, qui fonctionne au feu de bois, \u00e9l\u00e9ment central du concept.<\/p>\n<p>Le feu de bois comme signature<\/p>\n<p data-end=\"2205\" class=\" wall-content\">Le nom n\u2019a pas \u00e9t\u00e9 choisi au hasard. <b data-end=\"1899\">\u00ab\u00a0A Legna\u00a0\u00bb signifie \u00ab\u00a0au feu de bois\u00a0\u00bb en italien<\/b>, et c\u2019est toute l\u2019identit\u00e9 de l\u2019adresse. \u00ab\u00a0Cuire au feu de bois, c\u2019est de moins en moins courant, mais c\u2019est ce qui fait la diff\u00e9rence \u00ab\u00a0, assure Thomas.<br data-end=\"2040\"\/>Toutes les pizzas sont <b data-end=\"2088\">cuites au feu de bois<\/b>, avec une <b data-end=\"2127\">p\u00e2te de style napolitain<\/b>, ferment\u00e9e <b data-end=\"2164\">entre 48 et 72 heures<\/b>, pour un r\u00e9sultat plus l\u00e9ger et digeste.<\/p>\n<p>    <img   decoding=\"async\" loading=\"lazy\" class=\"size-large\" src=\"https:\/\/www.europesays.com\/fr\/wp-content\/uploads\/2026\/01\/60ae81cbb869684ae81cbb86968ae8v-960x640.jpg\" alt=\"a legna lille pizzeria feu de bois rue solferino\" width=\"960\" height=\"640\"\/><br \/>\n    Toutes les pizzas sont cuites au feu de bois, dans un four artisanal. \u00a9Hervine Mahaud<\/p>\n<p data-end=\"2435\" class=\" wall-content\">Les produits sont <b data-end=\"2234\">frais<\/b>, les fromages, huiles et charcuteries proviennent d\u2019un <b data-end=\"2323\">fournisseur italien, Petruzzi<\/b>, et certaines recettes font la part belle \u00e0 des produits plus rares, comme <b data-end=\"2420\">la truffe fra\u00eeche<\/b>, r\u00e2p\u00e9e minute.<\/p>\n<p data-end=\"2778\" class=\" wall-content\">La carte est la m\u00eame qu\u2019\u00e0 Fives : <b data-end=\"2558\">pizzas, p\u00e2tes et quelques salades<\/b>, avec un tr\u00e8s bon rapport qualit\u00e9-prix. Parmi les <b data-end=\"2627\">best-sellers<\/b>, on retrouve la <b data-end=\"2657\">Margarita<\/b> (10 \u20ac), avec pesto maison et mozzarella fior di latte, la <b data-end=\"2729\">Mamma Mi<\/b>, au salami piquant ou encore la <b data-end=\"2756\">Tartuffo<\/b>\u00a0\u00e0 la truffe fra\u00eeche.<\/p>\n<p>Votre r\u00e9gion, votre actu !<\/p>\n<p>Recevez chaque jour les infos qui comptent pour vous.<\/p>\n<p>\t<a href=\"https:\/\/actu.fr\/newsletter\" class=\"ac-btn ac-btn--corner ac-btn--medium ac-btn--blue800\" target=\"_blank\" rel=\"noopener\">S&rsquo;incrire<\/a><\/p>\n<p>    <img   decoding=\"async\" loading=\"lazy\" class=\"size-large\" src=\"https:\/\/www.europesays.com\/fr\/wp-content\/uploads\/2026\/01\/8d7451cbb8696818451cbb86965845v-960x640.jpg\" alt=\"a legna lille pizzeria feu de bois rue solferino\" width=\"960\" height=\"640\"\/><br \/>\n    Les pizzas tout juste sorties du four, encore fumantes. \u00a9Hervine Mahaud<\/p>\n<p data-end=\"3041\" class=\" wall-content\">C\u00f4t\u00e9 p\u00e2tes, les classiques ont la cote : <b data-end=\"2834\">carbonara<\/b>, <b data-end=\"2847\">trufata<\/b>. Les recettes au\u00a0saumon ou aux\u00a0crevettes plaisent aussi beaucoup. Les clients peuvent aussi <b data-end=\"2927\">adapter leur assiette<\/b> : changer la base tomate ou cr\u00e8me, remplacer un ingr\u00e9dient\u2026 \u00ab\u00a0On s\u2019adapte aux go\u00fbts de chacun\u00a0\u00bb, pr\u00e9cise le chef.<\/p>\n<p>    <img   decoding=\"async\" loading=\"lazy\" class=\"size-large\" src=\"https:\/\/www.europesays.com\/fr\/wp-content\/uploads\/2026\/01\/b376a1cbb8696aa76a1cbb869fe76av-960x640.jpg\" alt=\"a legna lille pizzeria feu de bois rue solferino\" width=\"960\" height=\"640\"\/><br \/>\n    Le restaurant propose aussi \u00e0 sa carte de g\u00e9n\u00e9reux plats de p\u00e2tes. \u00a9Hervine Mahaud<\/p>\n<p data-end=\"3224\" class=\" wall-content\">Les desserts sont <b data-end=\"3077\">faits maison<\/b> : tiramisu d\u00e9clin\u00e9 en plusieurs versions, mais aussi <b data-end=\"3142\">cookies<\/b> et <b data-end=\"3162\">banana bread<\/b>. Des <b data-end=\"3180\">risottos<\/b> viendront prochainement compl\u00e9ter la carte.<\/p>\n<p>Une nouvelle adresse d\u00e9j\u00e0 adopt\u00e9e<\/p>\n<p data-end=\"3597\" class=\" wall-content\">La client\u00e8le de Fives a rapidement suivi l\u2019ouverture de cette nouvelle adresse. \u00ab\u00a0Ils sont ravis qu\u2019on soit aussi ici\u00a0\u00bb, sourit Thomas Imbert. L\u2019objectif est d\u00e9sormais de s\u00e9duire les habitants du quartier, les commer\u00e7ants, mais aussi les spectateurs du <b data-end=\"3541\">th\u00e9\u00e2tre S\u00e9bastopol<\/b>, du <b data-end=\"3559\">Spotlight<\/b> ou de <b data-end=\"3582\">Comedy Lille<\/b>, tout proches.<\/p>\n<p data-end=\"3745\" class=\" wall-content\">Les premiers retours sont tr\u00e8s positifs. \u00ab\u00a0On nous parle beaucoup du rapport qualit\u00e9-prix et de la g\u00e9n\u00e9rosit\u00e9 des assiettes\u00a0\u00bb, se r\u00e9jouit le chef.<\/p>\n<p data-end=\"3911\" class=\" wall-content\">Et la suite ? Si cette deuxi\u00e8me adresse confirme le succ\u00e8s de la premi\u00e8re, <b data-end=\"3875\">un nouveau concept autour de la cuisine italienne<\/b> pourrait bien voir le jour \u00e0 Lille.<\/p>\n<p>Infos pratiques : A Legna, 141 rue Solf\u00e9rino, Lille. Ouvert du mardi au samedi de 12h \u00e0 14h et de 18h30 \u00e0 22h (jusqu\u2019\u00e0 23h jeudi, vendredi et samedi). Ferm\u00e9 dimanche et lundi (sauf \u00e9v\u00e9nements au S\u00e9bastopol). Plus d\u2019infos sur <a href=\"https:\/\/www.instagram.com\/alegna_lille\/?hl=fr\" target=\"_blank\" rel=\"noopener\">le compte Instagram de la pizzeria<\/a>.<\/p>\n<p class=\" wall-content\">Personnalisez votre actualit\u00e9 en ajoutant vos villes et m\u00e9dias en favori avec <a href=\"https:\/\/moncompte.actu.fr\" title=\"D\u00e9couvez Mon Actu\" rel=\"nofollow noopener\" data-trk=\"{&quot;cta&quot;:{&quot;action&quot;:&quot;https:\\\/\\\/moncompte.actu.fr&quot;,&quot;category&quot;:&quot;mon compte&quot;,&quot;from&quot;:&quot;article footer&quot;,&quot;name&quot;:&quot;Mon actu&quot;,&quot;type&quot;:&quot;cta&quot;}}\" target=\"_blank\">Mon Actu<\/a>.<\/p>\n<p>                    <script async src=\"\/\/www.instagram.com\/embed.js\"><\/script><\/p>\n","protected":false},"excerpt":{"rendered":"Par Hervine Mahaud Publi\u00e9 le 15 janv. 2026 \u00e0 19h00 Une odeur de p\u00e2te chaude et de bois&hellip;\n","protected":false},"author":2,"featured_media":666516,"comment_status":"","ping_status":"","sticky":false,"template":"","format":"standard","meta":{"footnotes":""},"categories":[2815],"tags":[1111,11,215,33,1777,674,1011,27,811,1307,12,3147,25,1340],"class_list":{"0":"post-666515","1":"post","2":"type-post","3":"status-publish","4":"format-standard","5":"has-post-thumbnail","7":"category-lille","8":"tag-actu","9":"tag-actualites","10":"tag-commerce","11":"tag-economie","12":"tag-eu","13":"tag-europe","14":"tag-fr","15":"tag-france","16":"tag-hauts-de-france","17":"tag-lille","18":"tag-news","19":"tag-nouveaux-commerces","20":"tag-republique-francaise","21":"tag-restaurant"},"share_on_mastodon":{"url":"https:\/\/pubeurope.com\/@fr\/115901926595349733","error":""},"_links":{"self":[{"href":"https:\/\/www.europesays.com\/fr\/wp-json\/wp\/v2\/posts\/666515","targetHints":{"allow":["GET"]}}],"collection":[{"href":"https:\/\/www.europesays.com\/fr\/wp-json\/wp\/v2\/posts"}],"about":[{"href":"https:\/\/www.europesays.com\/fr\/wp-json\/wp\/v2\/types\/post"}],"author":[{"embeddable":true,"href":"https:\/\/www.europesays.com\/fr\/wp-json\/wp\/v2\/users\/2"}],"replies":[{"embeddable":true,"href":"https:\/\/www.europesays.com\/fr\/wp-json\/wp\/v2\/comments?post=666515"}],"version-history":[{"count":0,"href":"https:\/\/www.europesays.com\/fr\/wp-json\/wp\/v2\/posts\/666515\/revisions"}],"wp:featuredmedia":[{"embeddable":true,"href":"https:\/\/www.europesays.com\/fr\/wp-json\/wp\/v2\/media\/666516"}],"wp:attachment":[{"href":"https:\/\/www.europesays.com\/fr\/wp-json\/wp\/v2\/media?parent=666515"}],"wp:term":[{"taxonomy":"category","embeddable":true,"href":"https:\/\/www.europesays.com\/fr\/wp-json\/wp\/v2\/categories?post=666515"},{"taxonomy":"post_tag","embeddable":true,"href":"https:\/\/www.europesays.com\/fr\/wp-json\/wp\/v2\/tags?post=666515"}],"curies":[{"name":"wp","href":"https:\/\/api.w.org\/{rel}","templated":true}]}}