{"id":666523,"date":"2026-01-16T00:26:13","date_gmt":"2026-01-16T00:26:13","guid":{"rendered":"https:\/\/www.europesays.com\/fr\/666523\/"},"modified":"2026-01-16T00:26:13","modified_gmt":"2026-01-16T00:26:13","slug":"pres-de-lyon-mystere-autour-dune-femme-chinoise-retrouvee-couverte-de-sang-dans-un-immeuble","status":"publish","type":"post","link":"https:\/\/www.europesays.com\/fr\/666523\/","title":{"rendered":"Pr\u00e8s de Lyon. Myst\u00e8re autour d&rsquo;une femme chinoise retrouv\u00e9e couverte de sang dans un immeuble"},"content":{"rendered":"<p>                    Par<br \/>\n        <strong><br \/>\n            <a href=\"https:\/\/actu.fr\/auteur\/anthony-soudani\" title=\"Consulter tous les articles de Anthony Soudani\" target=\"_blank\" rel=\"noopener\">Anthony Soudani<\/a><br \/>\n                    <\/strong><\/p>\n<p>        Publi\u00e9 le<\/p>\n<p>            15 janv. 2026 \u00e0 18h28        <\/p>\n<p><strong>INFO ACTU LYON.<\/strong> Une femme a \u00e9t\u00e9 d\u00e9couverte allong\u00e9e sur le sol, couverte de sang, dans un hall d\u2019immeuble de la rue Nationale, \u00e0 <strong>Villefranche-sur-Sa\u00f4ne<\/strong> (<a href=\"https:\/\/actu.fr\/auvergne-rhone-alpes\/rhone_69\" target=\"_blank\" rel=\"noopener\">Rh\u00f4ne<\/a>), dans la soir\u00e9e du mardi 13 janvier.<\/p>\n<p>    <a href=\"https:\/\/www.google.com\/maps\/embed?pb=!1m18!1m12!1m3!1d11088.155990094296!2d4.700262898186205!3d45.990450623607686!2m3!1f0!2f0!3f0!3m2!1i1024!2i768!4f13.1!3m3!1m2!1s0x47f485225bc36fc1%3A0x60789e3b9d2cfb88!2sRue%20nationale%2C%2069400%20Villefranche-sur-Sa%C3%B4ne!5e0!3m2!1sfr!2sfr!4v1768496037742!5m2!1sfr!2sfr\" title=\"Ouvrie le lien\" target=\"_blank\" rel=\"noopener\">Cliquez ici pour visualiser le contenu<\/a><\/p>\n<p>Des traces de sang et des pr\u00e9servatifs dans un appartement<\/p>\n<p class=\" wall-content\">Les policiers ont remarqu\u00e9 que les traces de sang remontaient jusqu\u2019\u00e0 un appartement du deuxi\u00e8me \u00e9tage. En ouvrant la porte, ils ont d\u00e9couvert du sang dans le logement, qui serait une location type <a href=\"https:\/\/actu.fr\/auvergne-rhone-alpes\/oullins-pierre-benite_69149\/pres-de-lyon-un-local-transforme-en-sauna-love-room-sur-airbnb-rend-fou-les-voisins_62942799.html\" target=\"_blank\" rel=\"noopener\">Airbnb<\/a>.<\/p>\n<p class=\" wall-content\">La pr\u00e9sence de nombreux pr\u00e9servatifs dans l\u2019habitation laisserait penser aux enqu\u00eateurs qu\u2019il s\u2019agissait d\u2019un lieu servant \u00e0 la prostitution.<\/p>\n<p class=\" wall-content\">Selon nos informations, la victime est une femme de nationalit\u00e9 chinoise. Elle pr\u00e9sentait de potentielles <strong>fractures au niveau des deux pommettes et des dents cass\u00e9es<\/strong>. Elle pr\u00e9sentait \u00e9galement plusieurs plaies au bras gauche et derri\u00e8re la t\u00eate.<\/p>\n<p>Victime d\u2019un viol ? Une enqu\u00eate ouverte<\/p>\n<p class=\" wall-content\">Elle pourrait avoir \u00e9t\u00e9 victime d\u2019un viol, mais l\u2019enqu\u00eate devrait permettre de le d\u00e9terminer v\u00e9ritablement. La victime a \u00e9t\u00e9 transport\u00e9e \u00e0 l\u2019h\u00f4pital de Villefranche-sur-Sa\u00f4ne.<\/p>\n<p class=\" wall-content\">Sollicit\u00e9 par actu Lyon, le parquet de Villefranche-sur-Sa\u00f4ne n\u2019a pas souhait\u00e9 r\u00e9pondre sur cette affaire. Selon nos informations, <strong>la police judiciaire de Lyon a repris l\u2019enqu\u00eate.<\/strong><\/p>\n<p class=\" wall-content\">Personnalisez votre actualit\u00e9 en ajoutant vos villes et m\u00e9dias en favori avec <a href=\"https:\/\/moncompte.actu.fr\" title=\"D\u00e9couvez Mon Actu\" rel=\"nofollow noopener\" data-trk=\"{&quot;cta&quot;:{&quot;action&quot;:&quot;https:\\\/\\\/moncompte.actu.fr&quot;,&quot;category&quot;:&quot;mon compte&quot;,&quot;from&quot;:&quot;article footer&quot;,&quot;name&quot;:&quot;Mon actu&quot;,&quot;type&quot;:&quot;cta&quot;}}\" target=\"_blank\">Mon Actu<\/a>.<\/p>\n","protected":false},"excerpt":{"rendered":"Par Anthony Soudani Publi\u00e9 le 15 janv. 2026 \u00e0 18h28 INFO ACTU LYON. Une femme a \u00e9t\u00e9 d\u00e9couverte&hellip;\n","protected":false},"author":2,"featured_media":656709,"comment_status":"","ping_status":"","sticky":false,"template":"","format":"standard","meta":{"footnotes":""},"categories":[1889],"tags":[1111,11,2430,1777,674,118,1011,27,2428,12,1072,2899,25],"class_list":{"0":"post-666523","1":"post","2":"type-post","3":"status-publish","4":"format-standard","5":"has-post-thumbnail","7":"category-lyon","8":"tag-actu","9":"tag-actualites","10":"tag-auvergne-rhone-alpes","11":"tag-eu","12":"tag-europe","13":"tag-faits-divers","14":"tag-fr","15":"tag-france","16":"tag-lyon","17":"tag-news","18":"tag-police","19":"tag-prostitution","20":"tag-republique-francaise"},"share_on_mastodon":{"url":"https:\/\/pubeurope.com\/@fr\/115901941937332781","error":""},"_links":{"self":[{"href":"https:\/\/www.europesays.com\/fr\/wp-json\/wp\/v2\/posts\/666523","targetHints":{"allow":["GET"]}}],"collection":[{"href":"https:\/\/www.europesays.com\/fr\/wp-json\/wp\/v2\/posts"}],"about":[{"href":"https:\/\/www.europesays.com\/fr\/wp-json\/wp\/v2\/types\/post"}],"author":[{"embeddable":true,"href":"https:\/\/www.europesays.com\/fr\/wp-json\/wp\/v2\/users\/2"}],"replies":[{"embeddable":true,"href":"https:\/\/www.europesays.com\/fr\/wp-json\/wp\/v2\/comments?post=666523"}],"version-history":[{"count":0,"href":"https:\/\/www.europesays.com\/fr\/wp-json\/wp\/v2\/posts\/666523\/revisions"}],"wp:featuredmedia":[{"embeddable":true,"href":"https:\/\/www.europesays.com\/fr\/wp-json\/wp\/v2\/media\/656709"}],"wp:attachment":[{"href":"https:\/\/www.europesays.com\/fr\/wp-json\/wp\/v2\/media?parent=666523"}],"wp:term":[{"taxonomy":"category","embeddable":true,"href":"https:\/\/www.europesays.com\/fr\/wp-json\/wp\/v2\/categories?post=666523"},{"taxonomy":"post_tag","embeddable":true,"href":"https:\/\/www.europesays.com\/fr\/wp-json\/wp\/v2\/tags?post=666523"}],"curies":[{"name":"wp","href":"https:\/\/api.w.org\/{rel}","templated":true}]}}