{"id":666526,"date":"2026-01-16T00:29:10","date_gmt":"2026-01-16T00:29:10","guid":{"rendered":"https:\/\/www.europesays.com\/fr\/666526\/"},"modified":"2026-01-16T00:29:10","modified_gmt":"2026-01-16T00:29:10","slug":"autopartage-valerie-pecresse-veut-reussir-en-ile-de-france-la-ou-anne-hidalgo-a-echoue","status":"publish","type":"post","link":"https:\/\/www.europesays.com\/fr\/666526\/","title":{"rendered":"Autopartage : Val\u00e9rie P\u00e9cresse veut r\u00e9ussir en \u00cele-de-France l\u00e0 o\u00f9 Anne Hidalgo a \u00e9chou\u00e9"},"content":{"rendered":"<p>La R\u00e9gion \u00cele-de-France s\u2019appr\u00eate \u00e0 relancer un vieux r\u00eave de mobilit\u00e9 partag\u00e9e : un service d\u2019autopartage r\u00e9gional \u00ab en boucle \u00bb, pens\u00e9 pour les particuliers et destin\u00e9 aux locations de courte ou moyenne dur\u00e9e. L\u2019annonce, faite par Val\u00e9rie P\u00e9cresse lors de la c\u00e9r\u00e9monie de v\u0153ux d\u2019\u00cele-de-France Mobilit\u00e9s, marque une nouvelle tentative publique pour proposer une alternative cr\u00e9dible \u00e0 une mobilit\u00e9 francilienne fragilis\u00e9e par les pannes r\u00e9currentes du r\u00e9seau et par l\u2019\u00e9chec des solutions de covoiturage subventionn\u00e9es. Mais elle s\u2019inscrit aussi dans un contexte politique br\u00fblant, o\u00f9 la pr\u00e9sidente de R\u00e9gion entend r\u00e9ussir l\u00e0 o\u00f9 Anne Hidalgo a \u00e9chou\u00e9, notamment apr\u00e8s le fiasco d\u2019Autolib\u2019.<\/p>\n<p>Le projet d\u2019<strong>autopartage<\/strong> lanc\u00e9 par <strong>Val\u00e9rie P\u00e9cresse<\/strong> pour l\u2019<a href=\"https:\/\/lesvoitures.fr\/pneus-4-saisons-chaussettes-a-neige\/\" target=\"_blank\" rel=\"noopener\"><strong>\u00cele-de-France<\/strong><\/a>, encore largement \u00e0 l\u2019\u00e9tat d\u2019intention, repose sur un principe simple : des <strong>v\u00e9hicules emprunt\u00e9s et restitu\u00e9s dans la m\u00eame station<\/strong>. Un mod\u00e8le <strong>\u00ab en boucle \u00bb<\/strong> qui tranche avec les <strong>syst\u00e8mes en free-floating<\/strong>, mais dont les <strong>contours restent flous<\/strong>. <strong>Aucun d\u00e9tail<\/strong> n\u2019a \u00e9t\u00e9 communiqu\u00e9 sur la <strong>nature de la flotte<\/strong>, les <strong>modalit\u00e9s d\u2019abonnement<\/strong>, les <strong>tarifs<\/strong> ou les <strong>conditions d\u2019usage<\/strong>. Autant d\u2019<strong>\u00e9l\u00e9ments pourtant essentiels pour \u00e9viter de reproduire les erreurs du pass\u00e9<\/strong>. Les premi\u00e8res implantations de stations ne seront discut\u00e9es avec les \u00e9lus qu\u2019en <strong>2026<\/strong>, pour une mise en service initiale de <strong>500 v\u00e9hicules en 2027<\/strong>, avant une mont\u00e9e en puissance annonc\u00e9e jusqu\u2019\u00e0 <strong>5 000 voitures<\/strong>. Logiquement, il devrait s\u2019agir de <strong>petites voitures \u00e9lectriques<\/strong>, mais pas uniquement. Alors ce <strong>projet peut-il \u00eatre viable \u00e9conomiquement<\/strong>, apr\u00e8s l\u2019<strong>\u00e9chec d\u2019Autolib\u2019<\/strong>, le <strong>service d\u2019autopartage<\/strong> qui restera l\u2019<strong>un des nombreux points noirs du bilan d\u2019Anne Hidalgo<\/strong>, apr\u00e8s ses <strong>deux mandats de maire de <a title=\"Paris\" href=\" https:\/\/secretparisien.com\/\">Paris<\/a> (2010 \u00e0 2026)<\/strong> ?<\/p>\n<p><img loading=\"lazy\" decoding=\"async\" class=\"alignnone wp-image-434337 size-medium\" src=\"https:\/\/www.europesays.com\/fr\/wp-content\/uploads\/2026\/01\/Paris-Fourriere-corruption-2022-785x589.jpeg\" alt=\"Fourri\u00e8re Paris autopartage \u00cele-de-France Val\u00e9rie P\u00e9cresse Autolib Anne Hidalgo\" width=\"785\" height=\"589\"  \/><\/p>\n<p>Cette initiative intervient dans un climat o\u00f9 les <strong>transports franciliens peinent \u00e0 assurer un service fiable<\/strong>. Il est devenu presque banal que le r\u00e9seau de <strong>RER<\/strong> connaisse chaque jour une <strong>perturbation majeure<\/strong>. Le <strong><a title=\"covoiturage\" href=\" https:\/\/lesvoitures.fr\/covoiturage\/\">covoiturage<\/a><\/strong>, malgr\u00e9 des <strong>incitations financi\u00e8res r\u00e9p\u00e9t\u00e9es<\/strong>, n\u2019a <strong>jamais trouv\u00e9 son public<\/strong>. Dans ce paysage, l\u2019<strong>autopartage appara\u00eet comme une solution interm\u00e9diaire<\/strong>, mais son histoire r\u00e9cente en <strong>\u00cele-de-France<\/strong> reste marqu\u00e9e par un traumatisme : <strong>Autolib\u2019<\/strong>, le service de <strong>voitures \u00e9lectriques<\/strong> de <strong>Bollor\u00e9<\/strong>, lanc\u00e9 en <strong>2011,<\/strong> puis <strong>arr\u00eat\u00e9 lamentablement<\/strong> en <strong>2018<\/strong> apr\u00e8s un <strong>gouffre financier<\/strong> estim\u00e9 \u00e0 <strong>plusieurs centaines de millions d\u2019euros<\/strong>.<\/p>\n<p>C\u2019est pr\u00e9cis\u00e9ment ce spectre qu\u2019entend conjurer <strong>Val\u00e9rie P\u00e9cresse <\/strong>l\u00e0 o\u00f9 <strong>Anne Hidalgo avait port\u00e9 Autolib\u2019 avant d\u2019en assumer l\u2019effondrement<\/strong>. Pr\u00e9cisons que la <strong>Pr\u00e9sidente du Conseil r\u00e9gional d\u2019\u00cele-de-France<\/strong> est \u00e9galement <strong>Pr\u00e9sidente d\u2019\u00cele-de-France Mobilit\u00e9s (IDFM<\/strong>). Ainsi, <strong>Val\u00e9rie P\u00e9cresse <\/strong>veut d\u00e9montrer qu\u2019un <strong>mod\u00e8le public d\u2019autopartage peut fonctionner<\/strong>, \u00e0 condition d\u2019\u00eatre <strong>mieux pens\u00e9<\/strong>, <strong>mieux g\u00e9r\u00e9<\/strong> et <strong>mieux dimensionn\u00e9<\/strong>. La <strong>rivalit\u00e9 <a title=\"politique\" href=\" https:\/\/lesvoitures.fr\/politique\/\">politique<\/a><\/strong> entre les deux femmes, d\u00e9j\u00e0 vive sur les <strong>questions de mobilit\u00e9<\/strong>, trouve ici un nouveau terrain d\u2019expression. <strong>P\u00e9cresse<\/strong> veut incarner la <strong>responsable qui r\u00e9ussit<\/strong> l\u00e0 o\u00f9 la <strong>maire de <a title=\"Paris\" href=\" https:\/\/secretparisien.com\/\">Paris<\/a> a tr\u00e9buch\u00e9<\/strong>, tout en se positionnant comme la <strong>garante d\u2019une mobilit\u00e9 r\u00e9gionale modernis\u00e9e<\/strong>.<\/p>\n<p>Mais pour l\u2019heure, le <strong>projet d\u2019autopartage<\/strong> <strong>\u00ab en boucle \u00bb en \u00cele-de-France <\/strong>souffre d\u2019un manque de clart\u00e9. Rien n\u2019a \u00e9t\u00e9 pr\u00e9cis\u00e9 sur la <strong>forme juridique<\/strong> du futur service. S\u2019agira-t-il d\u2019une <strong>d\u00e9l\u00e9gation de service public<\/strong> ou d\u2019un <strong>mod\u00e8le hybride associant op\u00e9rateurs priv\u00e9s et gouvernance publique<\/strong>\u202f? La question de la motorisation reste \u00e9galement ouverte. Un parc compos\u00e9 de <strong>voitures <\/strong> <strong>100 % \u00e9lectriques <\/strong>para\u00eet improbable, compte tenu des <strong>co\u00fbts<\/strong>, des <strong>contraintes d\u2019autonomie<\/strong> et de la <strong>saturation du r\u00e9seau de recharge<\/strong>. L\u2019hypoth\u00e8se d\u2019une <strong>flotte<\/strong>, int\u00e9grant des <strong>citadines thermiques, hybrides, 100 % \u00e9lectriques<\/strong>, <strong>utilitaires l\u00e9gers<\/strong> et <strong>v\u00e9hicules interm\u00e9diaires<\/strong>, semble plus r\u00e9aliste, mais aucune confirmation n\u2019a \u00e9t\u00e9 donn\u00e9e. Si cette <strong>voie \u00e0 multiples motorisations et mod\u00e8les<\/strong> est prise, elle pose la question de son <strong>financement<\/strong>, car il est toujours <strong>plus simple de proposer un unique v\u00e9hicule<\/strong>. Cependant, \u00e0 l\u2019oppos\u00e9, une <strong>offre multiple \u00e0 des prix diff\u00e9rents, selon les besoins<\/strong>, pourrait avoir <strong>plus de succ\u00e8s<\/strong> qu\u2019une simple <strong>petite voiture \u00e9lectrique<\/strong> comme la <strong>Bluecar<\/strong> d\u2019antan.<\/p>\n<p>Le flou persiste donc sur le <strong>mod\u00e8le \u00e9conomique <\/strong>du <strong>futur service d\u2019autopartage<\/strong> voulu par <strong>Val\u00e9rie P\u00e9cresse en \u00cele-de-France<\/strong>, un point pourtant <strong>crucial<\/strong> dans un secteur o\u00f9 les <strong>marges sont faibles<\/strong> et les <strong>investissements lourds<\/strong>. Autolib\u2019 s\u2019\u00e9tait effondr\u00e9 pr\u00e9cis\u00e9ment parce que son \u00e9quilibre financier reposait sur des hypoth\u00e8ses irr\u00e9alistes. Pour \u00e9viter un nouveau naufrage, il faudra d\u00e9finir un syst\u00e8me tarifaire soutenable, un niveau d\u2019abonnement acceptable et une strat\u00e9gie d\u2019entretien et de renouvellement de flotte compatible avec les finances publiques. Rien de tout cela n\u2019a encore \u00e9t\u00e9 d\u00e9voil\u00e9.<\/p>\n<p>\u00c0 long terme, <strong>\u00cele-de-France Mobilit\u00e9s<\/strong> imagine un parc de <strong>5 000 v\u00e9hicules<\/strong> couvrant l\u2019<strong>ensemble du territoire r\u00e9gional<\/strong>, avec des <strong>cat\u00e9gories adapt\u00e9es aux usages du quotidien<\/strong>. L\u2019objectif affich\u00e9 est ambitieux : permettre aux Parisiens de <strong>renoncer \u00e0 l\u2019achat d\u2019une voiture<\/strong>, et aux <strong>habitants de grande couronne<\/strong> de ne <strong>plus multiplier les v\u00e9hicules familiaux<\/strong>. Une <strong>vision s\u00e9duisante<\/strong> sur le papier, mais qui intervient au <strong>moment o\u00f9 l\u2019industrie automobile traverse une crise profonde<\/strong>. Les <strong>constructeurs automobiles peinent \u00e0 \u00e9couler leurs stocks<\/strong>, les <strong>ventes de v\u00e9hicules neufs stagnent<\/strong>, et la <strong>transition \u00e9lectrique impose des co\u00fbts colossaux<\/strong>. Dans ce contexte, un <strong>service public<\/strong> visant explicitement \u00e0 <strong>r\u00e9duire la possession automobile<\/strong> pourrait \u00eatre accueilli avec une <strong>certaine froideur par les marques d\u00e9j\u00e0 fragilis\u00e9es<\/strong>.<\/p>\n<p>Enfin, reste que la volont\u00e9 <a title=\"politique\" href=\" https:\/\/lesvoitures.fr\/politique\/\">politique<\/a> est l\u00e0 pour ce <strong>projet d\u2019autopartage<\/strong> en <strong>\u00cele-de-France<\/strong>. <strong>Val\u00e9rie P\u00e9cresse<\/strong> veut inscrire son <strong>mandat<\/strong> dans une <strong>transformation profonde de la mobilit\u00e9 francilienne<\/strong>, en assumant une <strong>rupture<\/strong> avec les <strong>mod\u00e8les du pass\u00e9<\/strong>, dont celui d\u2019<strong>Anne Hidalgo<\/strong> li\u00e9 \u00e0 <strong>Autolib\u2019<\/strong>. Mais pour convaincre, il faudra rapidement <strong>apporter des r\u00e9ponses concr\u00e8tes aux nombreuses zones d\u2019ombre<\/strong> qui entourent ce <strong>futur servic<\/strong>e. Sans cela, le projet risque de rejoindre la longue liste des <strong>ambitions de mobilit\u00e9 qui n\u2019ont jamais d\u00e9pass\u00e9 le stade de l\u2019annonce<\/strong>.<\/p>\n<p>La r\u00e9daction<\/p>\n<p>Photos : LesVoitures.com et image g\u00e9n\u00e9r\u00e9e par Microsoft Copilot (IA)<\/p>\n","protected":false},"excerpt":{"rendered":"La R\u00e9gion \u00cele-de-France s\u2019appr\u00eate \u00e0 relancer un vieux r\u00eave de mobilit\u00e9 partag\u00e9e : un service d\u2019autopartage r\u00e9gional \u00ab&hellip;\n","protected":false},"author":2,"featured_media":666527,"comment_status":"","ping_status":"","sticky":false,"template":"","format":"standard","meta":{"footnotes":""},"categories":[1592],"tags":[1111,11,2618,76676,76677,1777,674,1011,27,21594,662,10883,12,626,25,2328],"class_list":{"0":"post-666526","1":"post","2":"type-post","3":"status-publish","4":"format-standard","5":"has-post-thumbnail","7":"category-ile-de-france","8":"tag-actu","9":"tag-actualites","10":"tag-anne-hidalgo","11":"tag-autolib","12":"tag-bluecar","13":"tag-eu","14":"tag-europe","15":"tag-fr","16":"tag-france","17":"tag-idfm","18":"tag-ile-de-france","19":"tag-ile-de-france-mobilites","20":"tag-news","21":"tag-paris","22":"tag-republique-francaise","23":"tag-valerie-pecresse"},"share_on_mastodon":{"url":"https:\/\/pubeurope.com\/@fr\/115901953834864084","error":""},"_links":{"self":[{"href":"https:\/\/www.europesays.com\/fr\/wp-json\/wp\/v2\/posts\/666526","targetHints":{"allow":["GET"]}}],"collection":[{"href":"https:\/\/www.europesays.com\/fr\/wp-json\/wp\/v2\/posts"}],"about":[{"href":"https:\/\/www.europesays.com\/fr\/wp-json\/wp\/v2\/types\/post"}],"author":[{"embeddable":true,"href":"https:\/\/www.europesays.com\/fr\/wp-json\/wp\/v2\/users\/2"}],"replies":[{"embeddable":true,"href":"https:\/\/www.europesays.com\/fr\/wp-json\/wp\/v2\/comments?post=666526"}],"version-history":[{"count":0,"href":"https:\/\/www.europesays.com\/fr\/wp-json\/wp\/v2\/posts\/666526\/revisions"}],"wp:featuredmedia":[{"embeddable":true,"href":"https:\/\/www.europesays.com\/fr\/wp-json\/wp\/v2\/media\/666527"}],"wp:attachment":[{"href":"https:\/\/www.europesays.com\/fr\/wp-json\/wp\/v2\/media?parent=666526"}],"wp:term":[{"taxonomy":"category","embeddable":true,"href":"https:\/\/www.europesays.com\/fr\/wp-json\/wp\/v2\/categories?post=666526"},{"taxonomy":"post_tag","embeddable":true,"href":"https:\/\/www.europesays.com\/fr\/wp-json\/wp\/v2\/tags?post=666526"}],"curies":[{"name":"wp","href":"https:\/\/api.w.org\/{rel}","templated":true}]}}