{"id":666528,"date":"2026-01-16T00:30:10","date_gmt":"2026-01-16T00:30:10","guid":{"rendered":"https:\/\/www.europesays.com\/fr\/666528\/"},"modified":"2026-01-16T00:30:10","modified_gmt":"2026-01-16T00:30:10","slug":"les-bonnes-soeurs-de-montmartre-etaient-gavees-jusquaux-vomissements-par-la-mere-superieure","status":"publish","type":"post","link":"https:\/\/www.europesays.com\/fr\/666528\/","title":{"rendered":"les bonnes s\u0153urs de Montmartre \u00e9taient \u00ab\u00a0gav\u00e9es jusqu&rsquo;aux vomissements\u00a0\u00bb par la m\u00e8re sup\u00e9rieure"},"content":{"rendered":"<p>                    Par<br \/>\n        <strong><br \/>\n            <a href=\"https:\/\/actu.fr\/auteur\/redaction-paris\" title=\"Consulter tous les articles de R\u00e9daction Paris\" target=\"_blank\" rel=\"noopener\">R\u00e9daction Paris<\/a><br \/>\n                    <\/strong><\/p>\n<p>        Publi\u00e9 le<\/p>\n<p>            15 janv. 2026 \u00e0 17h42        <\/p>\n<p><strong>Des d\u00e9cennies d\u2019emprise<\/strong>. De violences physiques et psychologiques. D\u2019abus\u2026 Dans son rapport paru ce jeudi 15 janvier 2026, la Commission ind\u00e9pendante sur <strong>les abus spirituels <\/strong>et les emprises psychologiques (<strong>Ciasep<\/strong>) mise en place \u00e0 la demande des s\u0153urs b\u00e9n\u00e9dictines du <a href=\"https:\/\/actu.fr\/tag\/sacre-coeur\" target=\"_blank\" rel=\"noopener\">Sacr\u00e9-C\u0153ur<\/a> d\u00e9voilent les violences dont ont \u00e9t\u00e9 victimes les bonnes s\u0153urs \u00e0 Montmartre (<a href=\"https:\/\/actu.fr\/ile-de-france\/paris_75056\" target=\"_blank\" rel=\"noopener\">Paris<\/a>) \u00e0 partir des ann\u00e9es 70.<\/p>\n<p>Elle for\u00e7ait les bonnes soeurs \u00e0 manger<\/p>\n<p class=\" wall-content\">Un immense travail a \u00e9t\u00e9 fourni par cette commission <a href=\"https:\/\/actu.fr\/societe\/soeurs-benedictines-de-montmartre-la-congregation-leve-le-voile-sur-des-decennies-d-emprise_59456143.html\" target=\"_blank\" rel=\"noopener\">entam\u00e9e en 2024<\/a> pour documenter le syst\u00e8me d\u2019emprise dont ont \u00e9t\u00e9 victimes les s\u0153urs. Le personnage cl\u00e9 de ces violences syst\u00e9miques\u2009? <strong>La prieure g\u00e9n\u00e9rale<\/strong> des b\u00e9n\u00e9dictines du Sacr\u00e9-C\u0153ur, Marie Agn\u00e8s, d\u00e9c\u00e9d\u00e9e il y a dix ans.<\/p>\n<p class=\" wall-content\">\u00ab\u2009De janvier \u00e0 juillet\u00a02025, la commission a conduit 159 entretiens (310\u00a0heures) avec les 86 s\u0153urs actuellement membres des BSCM, <strong>28 anciennes s\u0153urs et 45 autres t\u00e9moins<\/strong> (\u00e9v\u00eaques, pr\u00eatres, religieuses, la\u00efcs)\u2009\u00bb, pr\u00e9cise la Ciasep. Et que ressort de ces t\u00e9moignages\u2009? Pas moins de 1\u2009489 \u00ab\u2009dysfonctionnements\u2009\u00bb.<\/p>\n<p class=\" wall-content\">\u00ab\u2009La place de M\u00e8re-Marie-Agn\u00e8s (MMA) dans la gouvernance de la congr\u00e9gation s\u2019est av\u00e9r\u00e9e primordiale, absolue et unique, marqu\u00e9e par l\u2019exercice d\u2019une autorit\u00e9 excessive et inappropri\u00e9e sur la communaut\u00e9, r\u00e9v\u00e9lant une d\u00e9rive manifeste dans tous les domaines\u2009\u00bb, analyse la Ciasep. <strong>Espionnage, contr\u00f4le du courrier<\/strong>, interdiction d\u2019\u00e9changer entre les s\u0153urs\u2026 Ce sont des d\u00e9rives sectaires que met en avant la commission. Car il est aussi question du culte de la personnalit\u00e9 cultiv\u00e9 par MMA.<\/p>\n<p class=\" wall-content\">\u00ab\u2009Votre m\u00e8re sur terre c\u2019est MMA qui se sacrifie pour vous\u2009\u00bb\u2009; \u00ab\u2009MMA a toujours raison, c\u2019est moi qui ne comprends pas\u2009\u00bb\u2009; \u00ab<strong>\u2009On nous apprenait sans cesse \u00e0 glorifier MMA<\/strong>\u2009\u00bb, indiquent certains t\u00e9moignages relev\u00e9 par la commission.<\/p>\n<p class=\" wall-content\">Des maltraitances physiques prenaient \u00e9galement place. \u00ab\u2009La maltraitance physique, justifi\u00e9e au nom d\u2019un pr\u00e9tendu bien spirituel, faisait partie du quotidien des s\u0153urs, en particulier autour de la nourriture. <strong>Les repas forc\u00e9s et d\u00e9s\u00e9quilibr\u00e9s<\/strong>, les gavages allant jusqu\u2019aux vomissements, ainsi que les pes\u00e9es obligatoires et r\u00e9guli\u00e8res sans droit de conna\u00eetre son poids en sont des exemples\u2009\u00bb, pr\u00e9cise le rapport.<\/p>\n<p class=\" wall-content\">Derri\u00e8re les murs d\u2019un des monuments les plus c\u00e9l\u00e8bres de la capitale, une dictature r\u00e9gnait. En conclusion de son rapport, la Ciasep propose une soixantaine de r\u00e9formes pour assainir le fonctionnement des <a href=\"https:\/\/actu.fr\/tag\/montmartre\" target=\"_blank\" rel=\"noopener\">B\u00e9n\u00e9dictines du Sacr\u00e9-C\u0153ur Montmartre<\/a> et surtout, \u00e9viter l\u2019arriv\u00e9e d\u2019une nouvelle MMA.<\/p>\n<p>Votre r\u00e9gion, votre actu !<\/p>\n<p>Recevez chaque jour les infos qui comptent pour vous.<\/p>\n<p>\t<a href=\"https:\/\/actu.fr\/newsletter\" class=\"ac-btn ac-btn--corner ac-btn--medium ac-btn--blue800\" target=\"_blank\" rel=\"noopener\">S&rsquo;incrire<\/a><br \/>\nDes suites ?<\/p>\n<p class=\" wall-content\">La <strong>commission<\/strong> se propose \u00ab\u2009de revenir entre mars et juin\u00a02027 pour visiter les prieur\u00e9s et la maison m\u00e8re, mesurer l\u2019application des pr\u00e9conisations et publier un rapport compl\u00e9mentaire\u2009\u00bb.<\/p>\n<p class=\" wall-content\">Dans un communiqu\u00e9, le dioc\u00e8se Paris \u00ab\u2009tient \u00e0 souligner le caract\u00e8re d\u00e9terminant de leur intervention pour <strong>alerter sur les graves manquements<\/strong> dont elles ont \u00e9t\u00e9 victimes et t\u00e9moins\u2009\u00bb avant de reconna\u00eetre que le dioc\u00e8se de Paris \u00ab\u2009pendant de nombreuses ann\u00e9es, n\u2019a pas exerc\u00e9, en ses responsables, son propre devoir de vigilance \u00e0 l\u2019\u00e9gard de la congr\u00e9gation et des graves abus qui s\u2019y sont d\u00e9roul\u00e9s\u2009\u00bb.<\/p>\n<p class=\" wall-content\">Personnalisez votre actualit\u00e9 en ajoutant vos villes et m\u00e9dias en favori avec <a href=\"https:\/\/moncompte.actu.fr\" title=\"D\u00e9couvez Mon Actu\" rel=\"nofollow noopener\" data-trk=\"{&quot;cta&quot;:{&quot;action&quot;:&quot;https:\\\/\\\/moncompte.actu.fr&quot;,&quot;category&quot;:&quot;mon compte&quot;,&quot;from&quot;:&quot;article footer&quot;,&quot;name&quot;:&quot;Mon actu&quot;,&quot;type&quot;:&quot;cta&quot;}}\" target=\"_blank\">Mon Actu<\/a>.<\/p>\n","protected":false},"excerpt":{"rendered":"Par R\u00e9daction Paris Publi\u00e9 le 15 janv. 2026 \u00e0 17h42 Des d\u00e9cennies d\u2019emprise. De violences physiques et psychologiques.&hellip;\n","protected":false},"author":2,"featured_media":666529,"comment_status":"","ping_status":"","sticky":false,"template":"","format":"standard","meta":{"footnotes":""},"categories":[1888],"tags":[1111,1928,11,1927,1777,674,118,1011,27,7661,12,1926,626,1925,4020,25,61084],"class_list":{"0":"post-666528","1":"post","2":"type-post","3":"status-publish","4":"format-standard","5":"has-post-thumbnail","7":"category-paris","8":"tag-actu","9":"tag-actu-paris","10":"tag-actualites","11":"tag-actualites-paris","12":"tag-eu","13":"tag-europe","14":"tag-faits-divers","15":"tag-fr","16":"tag-france","17":"tag-montmartre","18":"tag-news","19":"tag-news-paris","20":"tag-paris","21":"tag-paris-news","22":"tag-religion","23":"tag-republique-francaise","24":"tag-sacre-coeur"},"share_on_mastodon":{"url":"https:\/\/pubeurope.com\/@fr\/115901957655403556","error":""},"_links":{"self":[{"href":"https:\/\/www.europesays.com\/fr\/wp-json\/wp\/v2\/posts\/666528","targetHints":{"allow":["GET"]}}],"collection":[{"href":"https:\/\/www.europesays.com\/fr\/wp-json\/wp\/v2\/posts"}],"about":[{"href":"https:\/\/www.europesays.com\/fr\/wp-json\/wp\/v2\/types\/post"}],"author":[{"embeddable":true,"href":"https:\/\/www.europesays.com\/fr\/wp-json\/wp\/v2\/users\/2"}],"replies":[{"embeddable":true,"href":"https:\/\/www.europesays.com\/fr\/wp-json\/wp\/v2\/comments?post=666528"}],"version-history":[{"count":0,"href":"https:\/\/www.europesays.com\/fr\/wp-json\/wp\/v2\/posts\/666528\/revisions"}],"wp:featuredmedia":[{"embeddable":true,"href":"https:\/\/www.europesays.com\/fr\/wp-json\/wp\/v2\/media\/666529"}],"wp:attachment":[{"href":"https:\/\/www.europesays.com\/fr\/wp-json\/wp\/v2\/media?parent=666528"}],"wp:term":[{"taxonomy":"category","embeddable":true,"href":"https:\/\/www.europesays.com\/fr\/wp-json\/wp\/v2\/categories?post=666528"},{"taxonomy":"post_tag","embeddable":true,"href":"https:\/\/www.europesays.com\/fr\/wp-json\/wp\/v2\/tags?post=666528"}],"curies":[{"name":"wp","href":"https:\/\/api.w.org\/{rel}","templated":true}]}}