{"id":66653,"date":"2025-05-01T10:20:10","date_gmt":"2025-05-01T10:20:10","guid":{"rendered":"https:\/\/www.europesays.com\/fr\/66653\/"},"modified":"2025-05-01T10:20:10","modified_gmt":"2025-05-01T10:20:10","slug":"le-maillot-domicile-2025-2026-du-psg-devoile-en-photo","status":"publish","type":"post","link":"https:\/\/www.europesays.com\/fr\/66653\/","title":{"rendered":"Le maillot domicile 2025-2026 du PSG d\u00e9voil\u00e9 en photo !"},"content":{"rendered":"<p style=\"text-align: left;\"><strong>Alors que la fin de saison approche, avec des rendez-vous excitants dont la demi-finale retour de la Ligue des Champions contre Arsenal, le maillot domicile 2025-2026 du Paris Saint-Germain devrait \u00eatre officialis\u00e9 bient\u00f4t. En attendant, une photo a \u00e9t\u00e9 d\u00e9voil\u00e9e par le tr\u00e8s fiable \u00e0 ce sujet\u00a0La Source Parisienne.<\/strong><\/p>\n<blockquote class=\"twitter-tweet\" data-width=\"550\" data-dnt=\"true\">\n<p lang=\"fr\" dir=\"ltr\">\ud83d\udea8Je vous montre une photo suppl\u00e9mentaire du futur maillot domicile du PSG 2025\/2026 ici \ud83d\udc40 <a href=\"https:\/\/t.co\/WkUfjrRd9X\">pic.twitter.com\/WkUfjrRd9X<\/a><\/p>\n<p>\u2014 La Source Parisienne (@lasource75006) <a href=\"https:\/\/twitter.com\/lasource75006\/status\/1917674710592098563?ref_src=twsrc%5Etfw\" target=\"_blank\" rel=\"noopener\">April 30, 2025<\/a><\/p>\n<\/blockquote>\n<p>Il n\u2019y a plus de doute sur ce nouveau maillot, qui devrait \u00eatre officiel dans les prochaines semaines. L\u2019inspiration autour de la Tour Eiffel est claire et pourrait plaire. Il y a au moins un lien fort avec Paris. Mais chacun peut bien s\u00fbr se faire son avis.<\/p>\n<p>Nous attendons toujours de le voir en match pour une id\u00e9e plus pr\u00e9cise. On sait aussi que les r\u00e9sultats peuvent avoir une influence, comme pour le\u00a0Fourth\u00a0cette saison qui est devenu le symbole d\u2019un grand parcours en Ligue des Champions.<\/p>\n<p>\t\t\t\t\t\t\t\t\t\t\t\t\t\t\t\t\t\t\t\t\t\t\t<img loading=\"lazy\" src=\"https:\/\/www.europesays.com\/fr\/wp-content\/uploads\/2025\/04\/ParisFans_Logo.png\" decoding=\"async\" class=\"lazyload\" width=\"240\" height=\"54\" data-eio-rwidth=\"240\" data-eio-rheight=\"54\"\/><\/p>\n<p>\t\t\t\t\t\t\t\t<script async src=\"https:\/\/platform.twitter.com\/widgets.js\" charset=\"utf-8\"><\/script><\/p>\n","protected":false},"excerpt":{"rendered":"Alors que la fin de saison approche, avec des rendez-vous excitants dont la demi-finale retour de la Ligue&hellip;\n","protected":false},"author":2,"featured_media":66654,"comment_status":"","ping_status":"","sticky":false,"template":"","format":"standard","meta":{"footnotes":""},"categories":[1410],"tags":[63,1011,27,10274,60,96],"class_list":{"0":"post-66653","1":"post","2":"type-post","3":"status-publish","4":"format-standard","5":"has-post-thumbnail","7":"category-football","8":"tag-football","9":"tag-fr","10":"tag-france","11":"tag-maillot","12":"tag-sports","13":"tag-une"},"share_on_mastodon":{"url":"https:\/\/pubeurope.com\/@fr\/114432076955673721","error":""},"_links":{"self":[{"href":"https:\/\/www.europesays.com\/fr\/wp-json\/wp\/v2\/posts\/66653","targetHints":{"allow":["GET"]}}],"collection":[{"href":"https:\/\/www.europesays.com\/fr\/wp-json\/wp\/v2\/posts"}],"about":[{"href":"https:\/\/www.europesays.com\/fr\/wp-json\/wp\/v2\/types\/post"}],"author":[{"embeddable":true,"href":"https:\/\/www.europesays.com\/fr\/wp-json\/wp\/v2\/users\/2"}],"replies":[{"embeddable":true,"href":"https:\/\/www.europesays.com\/fr\/wp-json\/wp\/v2\/comments?post=66653"}],"version-history":[{"count":0,"href":"https:\/\/www.europesays.com\/fr\/wp-json\/wp\/v2\/posts\/66653\/revisions"}],"wp:featuredmedia":[{"embeddable":true,"href":"https:\/\/www.europesays.com\/fr\/wp-json\/wp\/v2\/media\/66654"}],"wp:attachment":[{"href":"https:\/\/www.europesays.com\/fr\/wp-json\/wp\/v2\/media?parent=66653"}],"wp:term":[{"taxonomy":"category","embeddable":true,"href":"https:\/\/www.europesays.com\/fr\/wp-json\/wp\/v2\/categories?post=66653"},{"taxonomy":"post_tag","embeddable":true,"href":"https:\/\/www.europesays.com\/fr\/wp-json\/wp\/v2\/tags?post=66653"}],"curies":[{"name":"wp","href":"https:\/\/api.w.org\/{rel}","templated":true}]}}