{"id":666530,"date":"2026-01-16T00:31:11","date_gmt":"2026-01-16T00:31:11","guid":{"rendered":"https:\/\/www.europesays.com\/fr\/666530\/"},"modified":"2026-01-16T00:31:11","modified_gmt":"2026-01-16T00:31:11","slug":"paris-sportifs-plusieurs-jeunes-joueurs-du-rc-lens-epingles-par-la-commission","status":"publish","type":"post","link":"https:\/\/www.europesays.com\/fr\/666530\/","title":{"rendered":"Paris sportifs : plusieurs jeunes joueurs du RC Lens \u00e9pingl\u00e9s par la commission"},"content":{"rendered":"<p>La commission de discipline a r\u00e9cemment prononc\u00e9 des sanctions en lien avec les paris sportifs. Plusieurs jeunes joueurs du <a href=\"https:\/\/onefootball.com\/fr\/equipe\/rc-lens-256\" target=\"_blank\" rel=\"noopener\">RC Lens<\/a> ont \u00e9t\u00e9 \u00e9pingl\u00e9s.<\/p>\n<p>Pour rappel, le Code du sport ainsi que les r\u00e8glements de la FFF et de la LFP stipulent que les joueurs, entra\u00eeneurs et dirigeants des clubs de football professionnel ont une interdiction g\u00e9n\u00e9rale de parier, en ligne comme dans les r\u00e9seaux physiques, sur l\u2019ensemble des comp\u00e9titions de football, qu\u2019elles soient nationales ou \u00e9trang\u00e8res.<\/p>\n<p>Ainsi, \u00e0 la suite d\u2019un croisement de fichiers r\u00e9alis\u00e9 avec le concours de l\u2019ANJ et de la FDJ, la Commission de discipline a sanctionn\u00e9 de nombreux joueurs au titre de la saison 2024-2025. Parmi les joueurs sanctionn\u00e9s figurent <strong>Mohamed Seddik<\/strong> (RC Lens B), mais aussi la recrue <strong>Erawan Garnier qui \u00e9voluait \u00e0 Lyon la saison pass\u00e9e<\/strong>.<\/p>\n<p>Le premier a \u00e9cop\u00e9 d\u2019un simple rappel \u00e0 l\u2019ordre, tout comme <strong>l\u2019ancien Art\u00e9sien Herv\u00e9 Boua Di\u00e9<\/strong>, d\u00e9sormais \u00e0 Valenciennes, tandis que le second, pr\u00e9sent cette semaine \u00e0 l\u2019entra\u00eenement du groupe professionnel, <strong>sera suspendu pour deux matches.<\/strong><\/p>\n","protected":false},"excerpt":{"rendered":"La commission de discipline a r\u00e9cemment prononc\u00e9 des sanctions en lien avec les paris sportifs. Plusieurs jeunes joueurs&hellip;\n","protected":false},"author":2,"featured_media":666531,"comment_status":"","ping_status":"","sticky":false,"template":"","format":"standard","meta":{"footnotes":""},"categories":[1888],"tags":[1111,1928,11,1927,1777,674,1011,27,12,1926,626,1925,25],"class_list":{"0":"post-666530","1":"post","2":"type-post","3":"status-publish","4":"format-standard","5":"has-post-thumbnail","7":"category-paris","8":"tag-actu","9":"tag-actu-paris","10":"tag-actualites","11":"tag-actualites-paris","12":"tag-eu","13":"tag-europe","14":"tag-fr","15":"tag-france","16":"tag-news","17":"tag-news-paris","18":"tag-paris","19":"tag-paris-news","20":"tag-republique-francaise"},"share_on_mastodon":{"url":"https:\/\/pubeurope.com\/@fr\/115901961576830855","error":""},"_links":{"self":[{"href":"https:\/\/www.europesays.com\/fr\/wp-json\/wp\/v2\/posts\/666530","targetHints":{"allow":["GET"]}}],"collection":[{"href":"https:\/\/www.europesays.com\/fr\/wp-json\/wp\/v2\/posts"}],"about":[{"href":"https:\/\/www.europesays.com\/fr\/wp-json\/wp\/v2\/types\/post"}],"author":[{"embeddable":true,"href":"https:\/\/www.europesays.com\/fr\/wp-json\/wp\/v2\/users\/2"}],"replies":[{"embeddable":true,"href":"https:\/\/www.europesays.com\/fr\/wp-json\/wp\/v2\/comments?post=666530"}],"version-history":[{"count":0,"href":"https:\/\/www.europesays.com\/fr\/wp-json\/wp\/v2\/posts\/666530\/revisions"}],"wp:featuredmedia":[{"embeddable":true,"href":"https:\/\/www.europesays.com\/fr\/wp-json\/wp\/v2\/media\/666531"}],"wp:attachment":[{"href":"https:\/\/www.europesays.com\/fr\/wp-json\/wp\/v2\/media?parent=666530"}],"wp:term":[{"taxonomy":"category","embeddable":true,"href":"https:\/\/www.europesays.com\/fr\/wp-json\/wp\/v2\/categories?post=666530"},{"taxonomy":"post_tag","embeddable":true,"href":"https:\/\/www.europesays.com\/fr\/wp-json\/wp\/v2\/tags?post=666530"}],"curies":[{"name":"wp","href":"https:\/\/api.w.org\/{rel}","templated":true}]}}