{"id":666534,"date":"2026-01-16T00:33:24","date_gmt":"2026-01-16T00:33:24","guid":{"rendered":"https:\/\/www.europesays.com\/fr\/666534\/"},"modified":"2026-01-16T00:33:24","modified_gmt":"2026-01-16T00:33:24","slug":"la-confederation-paysanne-mobilisee-a-redon","status":"publish","type":"post","link":"https:\/\/www.europesays.com\/fr\/666534\/","title":{"rendered":"la Conf\u00e9d\u00e9ration paysanne mobilis\u00e9e \u00e0 Redon"},"content":{"rendered":"<p>                    Par<br \/>\n        <strong><br \/>\n            <a href=\"https:\/\/actu.fr\/auteur\/gwenael-merret\" title=\"Consulter tous les articles de Gwena\u00ebl Merret\" target=\"_blank\" rel=\"noopener\">Gwena\u00ebl Merret<\/a><br \/>\n                    <\/strong><\/p>\n<p>        Publi\u00e9 le<\/p>\n<p>            15 janv. 2026 \u00e0 22h33        <\/p>\n<p>\u00ab\u2009Nous ne sommes <b>pas entendus<\/b>\u2009!\u2009\u00bb, d\u00e9nonce la vingtaine d\u2019agriculteurs et de sympathisants de la <b>Conf\u00e9d\u00e9ration paysanne<\/b> r\u00e9unis \u00e0 Redon (Ille-et-Vilaine), devant la sous-pr\u00e9fecture, ce jeudi 15\u00a0janvier \u00e0 20\u2009h\u200930.<\/p>\n<p class=\" wall-content\">Ils d\u00e9noncent \u00ab\u2009la mise en <b>garde \u00e0 vue<\/b>, mercredi 14\u00a0janvier \u00e0 Paris, de <b>52 syndicalistes<\/b>\u2009\u00bb dont deux d\u2019Ille-et-Vilaine et \u00ab\u2009la coordinatrice de Via Campecina, r\u00e9seau paysan international dont fait partie la Conf\u00e9d\u00e9ration paysanne, venus <b>manifester pacifiquement<\/b> avec une centaine d\u2019autres dans un <b>b\u00e2timent du minist\u00e8re de l\u2019Agriculture<\/b>\u2009\u00bb, celui de la Direction g\u00e9n\u00e9rale de la performance \u00e9conomique et environnementale des entreprises (DGPE). Parmi les manifestants se trouvait une forte d\u00e9l\u00e9gation des d\u00e9partements et r\u00e9gions d\u2019outre-mer (DROM). Ils ont notamment d\u00e9ploy\u00e9 des banderoles pour exiger \u00ab\u2009la d\u00e9colonisation\u2009\u00bb\u00a0de l\u2019agriculture de ces lobbies agro-industriels\u2009\u00bb, pr\u00e9cise un communiqu\u00e9 du syndicat.<\/p>\n<p>La FNSEA \u00ab\u2009obtient ce qu\u2019elle veut\u2009\u00bb<\/p>\n<p class=\" wall-content\">Les personnes rassembl\u00e9es \u00e0 Redon ce jeudi soir pointent \u00ab\u2009un ras-le-bol du <b>d\u00e9sengagement de l\u2019\u00c9tat<\/b>\u2009\u00bb, trop conciliant d\u2019apr\u00e8s eux avec le syndicat agricole majoritaire, la F\u00e9d\u00e9ration nationale des syndicats d\u2019exploitants agricoles (FNSEA). \u00ab\u2009Ils font leur<b> liste au P\u00e8re No\u00ebl au minist\u00e8re de l\u2019Agriculture et obtiennent tout ce qu\u2019ils veulent<\/b>.\u2009\u00bb<\/p>\n<p>Dermatose, Mercosur\u2026<\/p>\n<p class=\" wall-content\">Ces derni\u00e8res semaines et derniers jours, les manifestations d\u2019agriculteurs se sont multipli\u00e9es. Que ce soit contre la gestion de la dermatose nodulaire contagieuse dans le sud de la France avec des abattages syst\u00e9matiques de troupeaux. Ou contre l\u2019adoption par l\u2019Union europ\u00e9enne de l\u2019accord de libre-\u00e9change du Mercosur avec l\u2019Am\u00e9rique du Sud.<\/p>\n<p>Politiques de l\u2019eau\u2009: moratoire<\/p>\n<p class=\" wall-content\">C\u2019est dans ce contexte que le Premier ministre S\u00e9bastien Lecornu a annonc\u00e9, mardi 13\u00a0janvier, un \u00ab<b>\u2009moratoire<\/b> sur toutes les d\u00e9cisions relatives aux questions de la <b>politique de l\u2019eau<\/b> jusqu\u2019\u00e0 l\u2019inscription de la loi d\u2019urgence en Conseil des ministres\u2009\u00bb, pr\u00e9vue avant le d\u00e9but du Salon de l\u2019Agriculture de Paris, attise la col\u00e8re de la Conf\u00e9d\u00e9ration paysanne.<\/p>\n<p>D\u00e9fense du projet de SAGE<\/p>\n<p class=\" wall-content\">\u00ab\u2009C\u2019est inacceptable que le travail men\u00e9 depuis des ann\u00e9es par la Commission locale de l\u2019Eau (CLE) pour r\u00e9viser le Sch\u00e9ma d\u2019Am\u00e9nagement et de Gestion des Eaux (SAGE) de la Vilaine soit bafou\u00e9 ainsi.\u2009\u00bb<\/p>\n<p>Vid\u00e9os : en ce moment sur Actu<\/p>\n<p class=\" wall-content\">Le document est en phase de finalisation. Mais les FDSEA des d\u00e9partements concern\u00e9s sont vent debout contre les mesures d<b>\u2019interdiction de pesticides sur le ma\u00efs autour des captages d\u2019eau les plus sensibles<\/b> du bassin-versant. Alors qu\u2019elles ont \u00e9t\u00e9 propos\u00e9es, \u00e0 l\u2019origine, par les repr\u00e9sentants des Chambres d\u2019agriculture d\u2019Ille-et-Vilaine, du Morbihan et de Loire-Atlantique, \u00e9lus des FDSEA.<\/p>\n<p>Protection des captages\u2009: \u00ab\u2009des solutions techniques\u2009\u00bb<\/p>\n<p class=\" wall-content\">\u00ab\u2009Ces restrictions concernent une partie infime du bassin-versant de la Vilaine. Les solutions techniques pour y faire face existent, le <b>d\u00e9sherbage m\u00e9canique<\/b>, qui n\u2019obligent pas \u00e0 modifier tout le syst\u00e8me des exploitations\u2009\u00bb, affirment des membres de la Conf\u00e9d\u00e9ration paysanne r\u00e9unis autour d\u2019Albine Vaucouloux, responsable du syndicat dans le Pays de Redon, mara\u00eech\u00e8re \u00e0 Avessac (Loire-Atlantique).<\/p>\n<p>Votre r\u00e9gion, votre actu !<\/p>\n<p>Recevez chaque jour les infos qui comptent pour vous.<\/p>\n<p>\t<a href=\"https:\/\/actu.fr\/newsletter\" class=\"ac-btn ac-btn--corner ac-btn--medium ac-btn--blue800\" target=\"_blank\" rel=\"noopener\">S&rsquo;incrire<\/a><\/p>\n<p class=\" wall-content\">\u00ab\u2009Avec les \u00e9lections municipales \u00e0 venir, il faut aussi prendre conscience du <b>co\u00fbt exorbitant du traitement de l\u2019eau potable<\/b> en raison de la<b> pr\u00e9sence des pesticides<\/b>\u2009\u00bb, poursuivent-ils.<\/p>\n<p class=\" wall-content\">Ce vendredi 16\u00a0janvier, la <b>FDSEA<\/b> annonce que ses \u00e9lus repr\u00e9sentants des chambres d\u2019agriculture<b> boycotteront<\/b> la r\u00e9union de la Commission locale de l\u2019Eau.<\/p>\n<p class=\" wall-content\">\u00ab\u2009Cette r\u00e9union ne finalisera pas le vote\u2009\u00bb, indique la Conf\u00e9d\u00e9ration paysanne, qui sera mobilis\u00e9e et appelle ses sympathisants \u00e0, eux aussi, soutenir la CLE. Apr\u00e8s le vote emp\u00each\u00e9 par la FNSEA le 11\u00a0d\u00e9cembre 2025 \u00e0 Ch\u00e2teaubourg (Ille-et-Vilaine), un nouveau vote est, en principe, pr\u00e9vu le 12\u00a0f\u00e9vrier prochain\u2026 \u00c0 moins que ne s\u2019applique le moratoire annonc\u00e9 par le Premier ministre.<\/p>\n<p class=\" wall-content\">Personnalisez votre actualit\u00e9 en ajoutant vos villes et m\u00e9dias en favori avec <a href=\"https:\/\/moncompte.actu.fr\" title=\"D\u00e9couvez Mon Actu\" rel=\"nofollow noopener\" data-trk=\"{&quot;cta&quot;:{&quot;action&quot;:&quot;https:\\\/\\\/moncompte.actu.fr&quot;,&quot;category&quot;:&quot;mon compte&quot;,&quot;from&quot;:&quot;article footer&quot;,&quot;name&quot;:&quot;Mon actu&quot;,&quot;type&quot;:&quot;cta&quot;}}\" target=\"_blank\">Mon Actu<\/a>.<\/p>\n","protected":false},"excerpt":{"rendered":"Par Gwena\u00ebl Merret Publi\u00e9 le 15 janv. 2026 \u00e0 22h33 \u00ab\u2009Nous ne sommes pas entendus\u2009!\u2009\u00bb, d\u00e9nonce la vingtaine&hellip;\n","protected":false},"author":2,"featured_media":666535,"comment_status":"","ping_status":"","sticky":false,"template":"","format":"standard","meta":{"footnotes":""},"categories":[1888],"tags":[11,327,34638,1777,674,24728,1011,27,12,626,25,104],"class_list":{"0":"post-666534","1":"post","2":"type-post","3":"status-publish","4":"format-standard","5":"has-post-thumbnail","7":"category-paris","8":"tag-actualites","9":"tag-agriculture","10":"tag-confederation-paysanne","11":"tag-eu","12":"tag-europe","13":"tag-fnsea","14":"tag-fr","15":"tag-france","16":"tag-news","17":"tag-paris","18":"tag-republique-francaise","19":"tag-societe"},"share_on_mastodon":{"url":"https:\/\/pubeurope.com\/@fr\/115901969475368695","error":""},"_links":{"self":[{"href":"https:\/\/www.europesays.com\/fr\/wp-json\/wp\/v2\/posts\/666534","targetHints":{"allow":["GET"]}}],"collection":[{"href":"https:\/\/www.europesays.com\/fr\/wp-json\/wp\/v2\/posts"}],"about":[{"href":"https:\/\/www.europesays.com\/fr\/wp-json\/wp\/v2\/types\/post"}],"author":[{"embeddable":true,"href":"https:\/\/www.europesays.com\/fr\/wp-json\/wp\/v2\/users\/2"}],"replies":[{"embeddable":true,"href":"https:\/\/www.europesays.com\/fr\/wp-json\/wp\/v2\/comments?post=666534"}],"version-history":[{"count":0,"href":"https:\/\/www.europesays.com\/fr\/wp-json\/wp\/v2\/posts\/666534\/revisions"}],"wp:featuredmedia":[{"embeddable":true,"href":"https:\/\/www.europesays.com\/fr\/wp-json\/wp\/v2\/media\/666535"}],"wp:attachment":[{"href":"https:\/\/www.europesays.com\/fr\/wp-json\/wp\/v2\/media?parent=666534"}],"wp:term":[{"taxonomy":"category","embeddable":true,"href":"https:\/\/www.europesays.com\/fr\/wp-json\/wp\/v2\/categories?post=666534"},{"taxonomy":"post_tag","embeddable":true,"href":"https:\/\/www.europesays.com\/fr\/wp-json\/wp\/v2\/tags?post=666534"}],"curies":[{"name":"wp","href":"https:\/\/api.w.org\/{rel}","templated":true}]}}