{"id":666550,"date":"2026-01-16T00:42:12","date_gmt":"2026-01-16T00:42:12","guid":{"rendered":"https:\/\/www.europesays.com\/fr\/666550\/"},"modified":"2026-01-16T00:42:12","modified_gmt":"2026-01-16T00:42:12","slug":"les-agriculteurs-manifestent-ce-vendredi-matin-a-aix-en-provence","status":"publish","type":"post","link":"https:\/\/www.europesays.com\/fr\/666550\/","title":{"rendered":"les agriculteurs manifestent ce vendredi matin \u00e0 Aix-en-Provence"},"content":{"rendered":"<p>Leur col\u00e8re ne retombe pas. Apr\u00e8s les actions men\u00e9es \u00e0 Paris ces derniers jours, les agriculteurs d\u00e9centralisent le mouvement. Des dizaines d\u2019agriculteurs de la FDSEA et des JA 83 ont proc\u00e9d\u00e9, mercredi \u00e0 l\u2019aube, \u00e0 une <a href=\"https:\/\/www.laprovence.com\/article\/region\/1836533079371314\/colere-des-agriculteurs-deux-convois-selancent-sur-la50-dans-le-var-dont-lun-en-direction-de-marseille\" target=\"_blank\" rel=\"noopener\">double op\u00e9ration escargot dans le Var<\/a>, l\u2019une dans le sens Bandol &#8211; Marseille, l\u2019autre dans le sens Saint-Cyr &#8211; Toulon.<\/p>\n<p>Ce vendredi matin, c\u2019est la ville d\u2019Aix-en-Provence que les antennes de ces syndicats ont cibl\u00e9e. Pour dire \u00ab\u00a0non \u00e0 l\u2019enfumage\u00a0\u00bb et \u00e0 \u00ab\u00a0la concurrence d\u00e9loyale\u00a0\u00bb, mais \u00ab\u00a0oui \u00e0 une agriculture forte et r\u00e9mun\u00e9ratrice\u00a0\u00bb et \u00e0 \u00ab\u00a0la souverainet\u00e9 alimentaire\u00a0\u00bb, elles appellent \u00e0 un rassemblement vendredi matin au <a href=\"https:\/\/www.laprovence.com\/article\/sports\/52204599385683\/c-est-un-enfer-quand-les-matchs-de-provence-rugby-font-la-fierte-d-aix-et-la-colere-des-riverains\" target=\"_blank\" rel=\"noopener\">stade Maurice-David<\/a>, au Jas de Bouffan d\u00e8s 8\u00a0heures.<\/p>\n<p>Un convoi devrait ensuite se diriger vers le centre-ville, pour rejoindre l\u2019avenue de l\u2019Europe. Apr\u00e8s une \u00ab\u00a0op\u00e9ration coup de poing\u00a0\u00bb dont les d\u00e9tails ne sont pas communiqu\u00e9s, les agriculteurs envisagent de diriger leurs engins en direction de la sous-pr\u00e9fecture, avenue Pierre-Brossolette. Des perturbations sont donc probables dans le secteur, et pas qu\u2019au centre-ville, les manifestants venant de tout le d\u00e9partement\u2026<\/p>\n","protected":false},"excerpt":{"rendered":"Leur col\u00e8re ne retombe pas. Apr\u00e8s les actions men\u00e9es \u00e0 Paris ces derniers jours, les agriculteurs d\u00e9centralisent le&hellip;\n","protected":false},"author":2,"featured_media":666551,"comment_status":"","ping_status":"","sticky":false,"template":"","format":"standard","meta":{"footnotes":""},"categories":[2],"tags":[5734,11,15092,2572,352,1011,27,151,15221,4659,12,316,25,6949],"class_list":{"0":"post-666550","1":"post","2":"type-post","3":"status-publish","4":"format-standard","5":"has-post-thumbnail","7":"category-actualites","8":"tag-5734","9":"tag-actualites","10":"tag-agricole","11":"tag-agriculteurs","12":"tag-crise","13":"tag-fr","14":"tag-france","15":"tag-les","16":"tag-manifestent","17":"tag-matin","18":"tag-news","19":"tag-politique","20":"tag-republique-francaise","21":"tag-vendredi"},"share_on_mastodon":{"url":"https:\/\/pubeurope.com\/@fr\/115902004851177680","error":""},"_links":{"self":[{"href":"https:\/\/www.europesays.com\/fr\/wp-json\/wp\/v2\/posts\/666550","targetHints":{"allow":["GET"]}}],"collection":[{"href":"https:\/\/www.europesays.com\/fr\/wp-json\/wp\/v2\/posts"}],"about":[{"href":"https:\/\/www.europesays.com\/fr\/wp-json\/wp\/v2\/types\/post"}],"author":[{"embeddable":true,"href":"https:\/\/www.europesays.com\/fr\/wp-json\/wp\/v2\/users\/2"}],"replies":[{"embeddable":true,"href":"https:\/\/www.europesays.com\/fr\/wp-json\/wp\/v2\/comments?post=666550"}],"version-history":[{"count":0,"href":"https:\/\/www.europesays.com\/fr\/wp-json\/wp\/v2\/posts\/666550\/revisions"}],"wp:featuredmedia":[{"embeddable":true,"href":"https:\/\/www.europesays.com\/fr\/wp-json\/wp\/v2\/media\/666551"}],"wp:attachment":[{"href":"https:\/\/www.europesays.com\/fr\/wp-json\/wp\/v2\/media?parent=666550"}],"wp:term":[{"taxonomy":"category","embeddable":true,"href":"https:\/\/www.europesays.com\/fr\/wp-json\/wp\/v2\/categories?post=666550"},{"taxonomy":"post_tag","embeddable":true,"href":"https:\/\/www.europesays.com\/fr\/wp-json\/wp\/v2\/tags?post=666550"}],"curies":[{"name":"wp","href":"https:\/\/api.w.org\/{rel}","templated":true}]}}