{"id":666557,"date":"2026-01-16T00:51:12","date_gmt":"2026-01-16T00:51:12","guid":{"rendered":"https:\/\/www.europesays.com\/fr\/666557\/"},"modified":"2026-01-16T00:51:12","modified_gmt":"2026-01-16T00:51:12","slug":"le-tour-de-lavenir-change-de-format-avec-la-participation-des-equipes-professionnelles-de-developpement-lequipe","status":"publish","type":"post","link":"https:\/\/www.europesays.com\/fr\/666557\/","title":{"rendered":"Le Tour de l&#039;Avenir change de format avec la participation des \u00e9quipes professionnelles de d\u00e9veloppement &#8211; L&#039;\u00c9quipe"},"content":{"rendered":"<ol>\n<li><a href=\"https:\/\/news.google.com\/rss\/articles\/CBMi-AFBVV95cUxOTDJiQTIwY0RPX0FGLXlMU2cwTWdxdVZVYW9FUVEtUEVZUzg2NHl2bkE5WkVPMURXRFpwQTlwN3laaFlhYll0YWtyRnBVdThMbUQ1NjFySkYyZU9VREIzQnMybjBzM0tUVTVhT0xoQm5ERktUX1Njai0wTEp1Tlk0TzBfWlRHSnNWa2E2WE0tYXREX3otT0NOWnJsM2tyQVhFMldzMVhKdDVBcEVGVGU1N3M2ZGQzZmE3a3oxb0U0dTB6M3RWcVpnMWNrSFNJelBZd1RDWjlpSWZUbmRMbVJscnRwVmphZThwV3ZzY1FlVy12dXRaNWdBZA?oc=5\" target=\"_blank\" rel=\"noopener\">Le Tour de l&rsquo;Avenir change de format avec la participation des \u00e9quipes professionnelles de d\u00e9veloppement<\/a>&nbsp;&nbsp;L&rsquo;\u00c9quipe<\/li>\n<li><a href=\"https:\/\/news.google.com\/rss\/articles\/CBMib0FVX3lxTE5Yd0hCT01lQndFcXlPMHcyOGs2Sml1Y0lyNDBNQVlRbUtfOHF0YnVPU3JIWjJocmxGbUhRWHQ0VGhkVzRqN0lqNTVsNEw3eTdrYXlMUy1ES1c5aW9PWk84anBHMHppZHBfeGdEMHl5Yw?oc=5\" target=\"_blank\" rel=\"noopener\">Le Tour de l\u2019Avenir change de format<\/a>&nbsp;&nbsp;Tour de l&rsquo;Avenir 2026<\/li>\n<li><a href=\"https:\/\/news.google.com\/rss\/articles\/CBMi0wFBVV95cUxPdFVfajh6bnA1OHhaTHcxTURxQjRhbGZ0LUhMYkVOdmdLSnRPZ1BiTktmRVdDc2pGUHJwWXZvVENEb1UzT1ZrRXV5WTBfM0doT0pwTnFIRWwzYi0yY0kzMk1IZGtJRE9ZcW03cDEybEFGVVhJUnlqcWVUZzFEZGl1cml1NFQ0d0lTcHUxWlFJaFI3WVJhcDdSek4zdW5DZW1RV0JabXBXajJfNnBQVUpxQjFlNk4ydy0teHlTYzQzdFZkNjU3QjdLNGllRGNvZFRPT3Aw?oc=5\" target=\"_blank\" rel=\"noopener\">Avec de nouvelles \u00e9quipes au d\u00e9part en 2026, le Tour de l\u2019Avenir fait sa r\u00e9volution<\/a>&nbsp;&nbsp;Le T\u00e9l\u00e9gramme<\/li>\n<li><a href=\"https:\/\/news.google.com\/rss\/articles\/CBMilwFBVV95cUxOOXRIbVNjSkc1b2ZTQ244MUVIOXVKOF9aR1EtUVFtR1RpdkcxdDJYT2RmV1pYR1hiRTV1ZHRabFpscjlMV3Nia3ZCbzZjVFJuUVVaWFM0RWpPbkt5UVlSOEdCaTdpNnBWOThwZTVGaTZJX24yQi05UFgzWW02WVRUMGl0ZS1SRTV3bXhDYmJqQXFfcWF5bHRR?oc=5\" target=\"_blank\" rel=\"noopener\">Tour de l\u2019Avenir : Des \u00e9quipes de d\u00e9veloppement seront au d\u00e9part<\/a>&nbsp;&nbsp;DirectVelo<\/li>\n<li><a href=\"https:\/\/news.google.com\/rss\/articles\/CBMihgJBVV95cUxOdGk5dEFmbTl5MTlhSUhEUkJnVTRodUtjZWtPSGtHVV9UMmZuQ2FiUTBTRnJ2aUc0S2RaMlVlTmZaQ1Npek5xZXc0ZVVtRVRpajZTNDlJLXFWVWpqVXF1M0NaV2pMWGVlc3BFMWk3dHI1bkZKX29kRjEwOUQ5dUhuZWp1MzlvZnA3eVAxY1lGTFFmNFRRaS1MQkFNUzV5OU12bWo0VnNvQnRfVHFqdkhQVUNYV1ZDbzV3OW5GMTk2WGsxcmtyTEpIMlY0QW9aS2JpZXpuM0UzbXI0VE5DUS15NWliY1F5bHFEYmlCeDRGMmNjeHBCd0ZLM3hMb21wRnFMS0lWS21R?oc=5\" target=\"_blank\" rel=\"noopener\">Tour de l\u2019Avenir 2026, changement de r\u00e8gles : participation \u00e9galement ouverte aux \u00e9quipes WorldTour et aux \u00e9quipes de jeunes professionnelles.<\/a>&nbsp;&nbsp;| CyclingPro.Net<\/li>\n<\/ol>\n","protected":false},"excerpt":{"rendered":"Le Tour de l&rsquo;Avenir change de format avec la participation des \u00e9quipes professionnelles de d\u00e9veloppement&nbsp;&nbsp;L&rsquo;\u00c9quipe Le Tour de&hellip;\n","protected":false},"author":2,"featured_media":395849,"comment_status":"","ping_status":"","sticky":false,"template":"","format":"standard","meta":{"footnotes":""},"categories":[1411],"tags":[1154,207,1011,27,60],"class_list":{"0":"post-666557","1":"post","2":"type-post","3":"status-publish","4":"format-standard","5":"has-post-thumbnail","7":"category-cyclisme","8":"tag-cycling","9":"tag-cyclisme","10":"tag-fr","11":"tag-france","12":"tag-sports"},"share_on_mastodon":{"url":"https:\/\/pubeurope.com\/@fr\/115902040296062010","error":""},"_links":{"self":[{"href":"https:\/\/www.europesays.com\/fr\/wp-json\/wp\/v2\/posts\/666557","targetHints":{"allow":["GET"]}}],"collection":[{"href":"https:\/\/www.europesays.com\/fr\/wp-json\/wp\/v2\/posts"}],"about":[{"href":"https:\/\/www.europesays.com\/fr\/wp-json\/wp\/v2\/types\/post"}],"author":[{"embeddable":true,"href":"https:\/\/www.europesays.com\/fr\/wp-json\/wp\/v2\/users\/2"}],"replies":[{"embeddable":true,"href":"https:\/\/www.europesays.com\/fr\/wp-json\/wp\/v2\/comments?post=666557"}],"version-history":[{"count":0,"href":"https:\/\/www.europesays.com\/fr\/wp-json\/wp\/v2\/posts\/666557\/revisions"}],"wp:featuredmedia":[{"embeddable":true,"href":"https:\/\/www.europesays.com\/fr\/wp-json\/wp\/v2\/media\/395849"}],"wp:attachment":[{"href":"https:\/\/www.europesays.com\/fr\/wp-json\/wp\/v2\/media?parent=666557"}],"wp:term":[{"taxonomy":"category","embeddable":true,"href":"https:\/\/www.europesays.com\/fr\/wp-json\/wp\/v2\/categories?post=666557"},{"taxonomy":"post_tag","embeddable":true,"href":"https:\/\/www.europesays.com\/fr\/wp-json\/wp\/v2\/tags?post=666557"}],"curies":[{"name":"wp","href":"https:\/\/api.w.org\/{rel}","templated":true}]}}