{"id":666567,"date":"2026-01-16T00:58:30","date_gmt":"2026-01-16T00:58:30","guid":{"rendered":"https:\/\/www.europesays.com\/fr\/666567\/"},"modified":"2026-01-16T00:58:30","modified_gmt":"2026-01-16T00:58:30","slug":"harry-potter-une-legende-oscarisee-succede-a-john-williams-pour-mettre-en-musique-la-serie","status":"publish","type":"post","link":"https:\/\/www.europesays.com\/fr\/666567\/","title":{"rendered":"\u00ab\u00a0Harry Potter\u00a0\u00bb : une l\u00e9gende oscaris\u00e9e succ\u00e8de \u00e0 John Williams pour mettre en musique la s\u00e9rie"},"content":{"rendered":"<ul class=\"jsx-862013697 ArticleChapo__List\">\n<li class=\"jsx-862013697 ArticleChapo__List_Item flex\">En tournage depuis l\u2019\u00e9t\u00e9 au Royaume-Uni, la nouvelle adaptation des romans de J.K. Rowling a encore plus d\u2019un tour dans son sac.<\/li>\n<li class=\"jsx-862013697 ArticleChapo__List_Item flex\">HBO Max annonce ce jeudi le nom des compositeurs qui seront charg\u00e9s d\u2019habiller musicalement la s\u00e9rie.<\/li>\n<li class=\"jsx-862013697 ArticleChapo__List_Item flex\">\u00ab\u00a0Avec cette bande originale, nous esp\u00e9rons rapprocher un peu plus le public de cette magie, tout en rendant hommage \u00e0 ce qui a \u00e9t\u00e9 cr\u00e9\u00e9 auparavant\u00a0\u00bb, pr\u00e9cisent les heureux \u00e9lus dans un communiqu\u00e9.<\/li>\n<\/ul>\n<p data-module=\"article-paragraph\" class=\"jsx-157965717 Paragraph Paragraph__End\">Quelques notes suffisent pour \u00eatre transport\u00e9 \u00e0 Poudlard. La musique compos\u00e9e par John Williams pour les trois premiers films Harry Potter reste indissociable de l\u2019univers du petit sorcier. Alors pour habiller <a href=\"https:\/\/www.tf1info.fr\/culture\/harry-potter-le-casting-de-la-future-serie-hbo-se-devoile-2365094.html\" target=\"_blank\" rel=\"noopener\">sa s\u00e9rie adapt\u00e9e \u00e0 son tour des romans de J.K. Rowling<\/a>, HBO Max se devait de frapper un grand coup dans la partition. Et quel coup ! La plateforme am\u00e9ricaine annonce ce jeudi 15 janvier qu\u2019elle a choisi de confier cette mission \u00e0 la l\u00e9gende Hans Zimmer et au collectif Bleeding Fingers.<\/p>\n<blockquote class=\"jsx-2786790838 Quote__Text\"><p>La magie nous entoure, souvent juste hors de port\u00e9e, mais comme dans l&rsquo;univers de Harry Potter, il suffit de savoir la chercher<\/p><\/blockquote>\n<p>Hans Zimmer<\/p>\n<p data-module=\"article-paragraph\" class=\"jsx-157965717 Paragraph Paragraph__End\">\u00ab\u00a0L&rsquo;h\u00e9ritage musical de Harry Potter est une r\u00e9f\u00e9rence pour les compositeurs du monde entier, et nous sommes honor\u00e9s de rejoindre une \u00e9quipe aussi remarquable pour un projet d&rsquo;une telle envergure. Cette responsabilit\u00e9 est quelque chose que Kara Talve, An\u017ee Rozman et moi-m\u00eame prenons tr\u00e8s au s\u00e9rieux\u00a0\u00bb, d\u00e9clarent Hans Zimmer et ses deux camarades dans un communiqu\u00e9. Nomm\u00e9 douze fois aux Oscars, le compositeur allemand en a remport\u00e9 deux pour Le Roi Lion et Dune. On lui doit notamment les bandes originales de Gladiator, Inception et <a href=\"https:\/\/www.tf1info.fr\/culture\/cinema-dans-les-coulisses-de-f1-la-superproduction-pilotee-par-brad-pitt-c-est-rocky-sous-steroides-2378936.html\" target=\"_blank\" rel=\"noopener\">plus r\u00e9cemment de F1 avec Brad Pitt<\/a>.<\/p>\n<p data-module=\"article-paragraph\" class=\"jsx-157965717 Paragraph\">\u00ab\u00a0La magie nous entoure, souvent juste hors de port\u00e9e, mais comme dans l&rsquo;univers de Harry Potter, il suffit de savoir la chercher. Avec cette bande originale, nous esp\u00e9rons rapprocher un peu plus le public de cette magie, tout en rendant hommage \u00e0 ce qui a \u00e9t\u00e9 cr\u00e9\u00e9 auparavant\u00a0\u00bb, concluent les musiciens.\u00a0<\/p>\n<p data-module=\"article-paragraph\" class=\"jsx-157965717 Paragraph Paragraph__End\">Il faudra patienter jusqu\u2019en 2027 pour d\u00e9couvrir les fruits de l\u2019association entre Hans Zimmer et Bleeding Fingers. Le tournage de la s\u00e9rie Harry Potter a d\u00e9but\u00e9 mi-juillet au Royaume-Uni, s\u2019accompagnant <a href=\"https:\/\/www.tf1info.fr\/culture\/le-tournage-de-la-serie-harry-potter-debute-enfin-decouvrez-le-jeune-harry-en-costume-2382862.html\" target=\"_blank\" rel=\"noopener\">d\u2019une premi\u00e8re photo du jeune Dominic McLaughlin derri\u00e8re les lunettes rondes du h\u00e9ros<\/a>. Lui, Arabella Stanton (Hermione Granger) et Alastair Stout (Ron Weasley) <a href=\"https:\/\/www.tf1info.fr\/culture\/la-serie-hbo-harry-potter-devoile-les-nouveaux-visages-de-harry-ron-et-hermione-2373400.html\" target=\"_blank\" rel=\"noopener\">ont \u00e9t\u00e9 s\u00e9lectionn\u00e9s parmi plus de 30.000 postulants<\/a>.<\/p>\n<p><a href=\"https:\/\/www.tf1info.fr\/culture\/serie-harry-potter-un-celebre-professeur-fait-son-retour-a-poudlard-2392267.html\" rel=\"noopener\" class=\"jsx-3308031228 Link flex\" target=\"_blank\"><img decoding=\"async\" src=\"https:\/\/www.europesays.com\/fr\/wp-content\/uploads\/2026\/01\/dominic-mclaughlin-harry-potter-de5e0c-0@1x.jpeg\" alt=\"Dominic McLaughlin, le nouveau Harry Potter dans la s\u00e9rie en cours de tournage.\" loading=\"lazy\" importance=\"low\" fetchpriority=\"low\" class=\"\" aria-hidden=\"true\"\/><\/p>\n<p class=\"jsx-3657663356 ReadMoreArticle__Title\">Lire aussi<\/p>\n<p class=\"jsx-3657663356\">S\u00e9rie \u00ab\u00a0Harry Potter\u00a0\u00bb : un c\u00e9l\u00e8bre professeur fait son retour \u00e0 Poudlard<\/p>\n<p><\/a><\/p>\n<p data-module=\"article-paragraph\" class=\"jsx-157965717 Paragraph Paragraph__End\">Pour incarner leurs professeurs de Poudlard, les producteurs ont notamment fait appel \u00e0 John Lithgow <a href=\"https:\/\/www.tf1info.fr\/culture\/harry-potter-le-celebre-acteur-americain-john-lithgow-revele-qu-il-jouera-dumbledore-dans-la-prochaine-serie-2356281.html\" target=\"_blank\" rel=\"noopener\">qui sera le directeur Albus Dumbledore<\/a>, Janet McTeer qui sera Minerva McGonagall, Paapa Essiedu qui sera Severus Rogue tandis que Nick Frost sera le garde-chasse Hagrid. Warwick Davis,<a href=\"https:\/\/www.tf1info.fr\/culture\/serie-harry-potter-un-celebre-professeur-fait-son-retour-a-poudlard-2392267.html\" target=\"_blank\" rel=\"noopener\"> professeur Flitwick dans les films<\/a>, est le seul membre du casting original \u00e0 avoir accept\u00e9 de reprendre son r\u00f4le. D\u2019apr\u00e8s les rumeurs, l\u2019interpr\u00e8te de Lord Voldemort aurait d\u00e9j\u00e0 \u00e9t\u00e9 choisi. Mais son nom pourrait \u00eatre gard\u00e9 secret jusqu\u2019\u00e0 la diffusion.<\/p>\n<p>Delphine DE FREITAS<\/p>\n","protected":false},"excerpt":{"rendered":"En tournage depuis l\u2019\u00e9t\u00e9 au Royaume-Uni, la nouvelle adaptation des romans de J.K. Rowling a encore plus d\u2019un&hellip;\n","protected":false},"author":2,"featured_media":666568,"comment_status":"","ping_status":"","sticky":false,"template":"","format":"standard","meta":{"footnotes":""},"categories":[1354],"tags":[1111,11,1921,58,59,1346,1011,27,1922,10659,2041,1360,873,473,4280,128,133,2040],"class_list":{"0":"post-666567","1":"post","2":"type-post","3":"status-publish","4":"format-standard","5":"has-post-thumbnail","7":"category-films","8":"tag-actu","9":"tag-actualites","10":"tag-article-video","11":"tag-divertissement","12":"tag-entertainment","13":"tag-films","14":"tag-fr","15":"tag-france","16":"tag-info","17":"tag-j-k-rowling","18":"tag-medias-et-divertissement","19":"tag-movies","20":"tag-musique","21":"tag-royaume-uni","22":"tag-series-tele","23":"tag-streaming","24":"tag-video","25":"tag-video-culture"},"share_on_mastodon":{"url":"https:\/\/pubeurope.com\/@fr\/115902067767284946","error":""},"_links":{"self":[{"href":"https:\/\/www.europesays.com\/fr\/wp-json\/wp\/v2\/posts\/666567","targetHints":{"allow":["GET"]}}],"collection":[{"href":"https:\/\/www.europesays.com\/fr\/wp-json\/wp\/v2\/posts"}],"about":[{"href":"https:\/\/www.europesays.com\/fr\/wp-json\/wp\/v2\/types\/post"}],"author":[{"embeddable":true,"href":"https:\/\/www.europesays.com\/fr\/wp-json\/wp\/v2\/users\/2"}],"replies":[{"embeddable":true,"href":"https:\/\/www.europesays.com\/fr\/wp-json\/wp\/v2\/comments?post=666567"}],"version-history":[{"count":0,"href":"https:\/\/www.europesays.com\/fr\/wp-json\/wp\/v2\/posts\/666567\/revisions"}],"wp:featuredmedia":[{"embeddable":true,"href":"https:\/\/www.europesays.com\/fr\/wp-json\/wp\/v2\/media\/666568"}],"wp:attachment":[{"href":"https:\/\/www.europesays.com\/fr\/wp-json\/wp\/v2\/media?parent=666567"}],"wp:term":[{"taxonomy":"category","embeddable":true,"href":"https:\/\/www.europesays.com\/fr\/wp-json\/wp\/v2\/categories?post=666567"},{"taxonomy":"post_tag","embeddable":true,"href":"https:\/\/www.europesays.com\/fr\/wp-json\/wp\/v2\/tags?post=666567"}],"curies":[{"name":"wp","href":"https:\/\/api.w.org\/{rel}","templated":true}]}}