{"id":66657,"date":"2025-05-01T10:23:10","date_gmt":"2025-05-01T10:23:10","guid":{"rendered":"https:\/\/www.europesays.com\/fr\/66657\/"},"modified":"2025-05-01T10:23:10","modified_gmt":"2025-05-01T10:23:10","slug":"loire-pour-cet-ancien-libraire-saint-etienne-est-une-ville-qui-aime-le-livre","status":"publish","type":"post","link":"https:\/\/www.europesays.com\/fr\/66657\/","title":{"rendered":"Loire. Pour cet ancien libraire, \u00ab\u00a0Saint-\u00c9tienne est une ville qui aime le livre\u00a0\u00bb"},"content":{"rendered":"<p>Libraire et programmateur pour le Festival BD\u2019Art de Rive-de-Gier, m\u00e9diateur et jury pour le prix BD lors de la F\u00eate du livre \u00e0 Saint-\u00c9tienne, chroniqueur musique\/BD sur Radio Dio\u2026<\/p>\n<p>Rencontre avec G\u00e9rard Girard, ancien g\u00e9rant de l\u2019embl\u00e9matique librairie L\u2019\u00c9trange Rendez-Vous.<\/p>\n<blockquote class=\"question\"><p>En tant qu\u2019ancien commer\u00e7ant de l\u2019hypercentre, que pensez-vous du cadre de vie st\u00e9phanois\u00a0?<\/p><\/blockquote>\n<p>\u00ab\u00a0Je n\u2019ai pas envie d\u2019\u00eatre n\u00e9gatif, j\u2019aime Saint-\u00c9tienne\u00a0! C\u2019est une ancienne ville ouvri\u00e8re dans laquelle les gens se parlent, mais il y a quand m\u00eame une certaine d\u00e9sertification. La politique commerciale de la Ville a beaucoup d\u2019incidence. \u00c0 l\u2019origine, le projet Steel a \u00e9t\u00e9 vendu aux commer\u00e7ants comme compl\u00e9mentaire. Mais aujourd\u2019hui, toutes les enseignes filent \u00e0 Steel,&#8230;<\/p>\n","protected":false},"excerpt":{"rendered":"Libraire et programmateur pour le Festival BD\u2019Art de Rive-de-Gier, m\u00e9diateur et jury pour le prix BD lors de&hellip;\n","protected":false},"author":2,"featured_media":66658,"comment_status":"","ping_status":"","sticky":false,"template":"","format":"standard","meta":{"footnotes":""},"categories":[1357],"tags":[1379,1687,58,7539,59,1011,27,1380,2410,4001,7538],"class_list":{"0":"post-66657","1":"post","2":"type-post","3":"status-publish","4":"format-standard","5":"has-post-thumbnail","7":"category-livres","8":"tag-books","9":"tag-culture-loisirs","10":"tag-divertissement","11":"tag-edition-loire-sud","12":"tag-entertainment","13":"tag-fr","14":"tag-france","15":"tag-livres","16":"tag-livres-bd","17":"tag-saint-etienne","18":"tag-saint-etienne-ville"},"share_on_mastodon":{"url":"https:\/\/pubeurope.com\/@fr\/114432088737293959","error":""},"_links":{"self":[{"href":"https:\/\/www.europesays.com\/fr\/wp-json\/wp\/v2\/posts\/66657","targetHints":{"allow":["GET"]}}],"collection":[{"href":"https:\/\/www.europesays.com\/fr\/wp-json\/wp\/v2\/posts"}],"about":[{"href":"https:\/\/www.europesays.com\/fr\/wp-json\/wp\/v2\/types\/post"}],"author":[{"embeddable":true,"href":"https:\/\/www.europesays.com\/fr\/wp-json\/wp\/v2\/users\/2"}],"replies":[{"embeddable":true,"href":"https:\/\/www.europesays.com\/fr\/wp-json\/wp\/v2\/comments?post=66657"}],"version-history":[{"count":0,"href":"https:\/\/www.europesays.com\/fr\/wp-json\/wp\/v2\/posts\/66657\/revisions"}],"wp:featuredmedia":[{"embeddable":true,"href":"https:\/\/www.europesays.com\/fr\/wp-json\/wp\/v2\/media\/66658"}],"wp:attachment":[{"href":"https:\/\/www.europesays.com\/fr\/wp-json\/wp\/v2\/media?parent=66657"}],"wp:term":[{"taxonomy":"category","embeddable":true,"href":"https:\/\/www.europesays.com\/fr\/wp-json\/wp\/v2\/categories?post=66657"},{"taxonomy":"post_tag","embeddable":true,"href":"https:\/\/www.europesays.com\/fr\/wp-json\/wp\/v2\/tags?post=66657"}],"curies":[{"name":"wp","href":"https:\/\/api.w.org\/{rel}","templated":true}]}}