{"id":666576,"date":"2026-01-16T01:03:16","date_gmt":"2026-01-16T01:03:16","guid":{"rendered":"https:\/\/www.europesays.com\/fr\/666576\/"},"modified":"2026-01-16T01:03:16","modified_gmt":"2026-01-16T01:03:16","slug":"cest-signe-deux-enseignes-vont-debarquer-en-centre-ville","status":"publish","type":"post","link":"https:\/\/www.europesays.com\/fr\/666576\/","title":{"rendered":"c\u2019est sign\u00e9, deux enseignes vont d\u00e9barquer en centre-ville"},"content":{"rendered":"<p>                    Par<br \/>\n        <strong><br \/>\n            <a href=\"https:\/\/actu.fr\/auteur\/maxence-gorregues\" title=\"Consulter tous les articles de Maxence Gorregues\" target=\"_blank\" rel=\"noopener\">Maxence Gorregues<\/a><br \/>\n                    <\/strong><\/p>\n<p>        Publi\u00e9 le<\/p>\n<p>            15 janv. 2026 \u00e0 18h55        <\/p>\n<p>Apr\u00e8s avoir occup\u00e9 <b>pendant 37\u00a0ann\u00e9es<\/b>, les quatre \u00e9tages d\u2019un b\u00e2timent du <b>centre-ville de Caen<\/b> (Calvados), l\u2019<b>enseigne de pr\u00eat-\u00e0-porter C&amp;A<\/b> <a href=\"https:\/\/actu.fr\/normandie\/caen_14118\/a-caen-le-magasin-c-amp-a-ferme-ses-portes-apres-37-ans-d-implantation-dans-le-centre-ville_34272878.html\" target=\"_blank\" rel=\"noopener\">avait ferm\u00e9 ses portes<\/a> en juin\u00a02020. Depuis, il ne s\u2019y passe rien. Ou plut\u00f4t, <b>ne s\u2019y passait rien<\/b>. Depuis le mois de d\u00e9cembre\u00a02025, des travaux ont commenc\u00e9 pour d\u00e9blayer des gravats, avant de r\u00e9am\u00e9nager cette vaste cellule commerciale. En cette mi-janvier\u00a02025, c\u2019est confirm\u00e9\u2009: <b>deux enseignes<\/b> ont <b>chacune sign\u00e9 un bail.<\/b><\/p>\n<p>Ouverture des deux enseignes en ao\u00fbt au mieux<\/p>\n<p class=\" wall-content\">Des<b> autorisations de travaux <\/b>ont bien \u00e9t\u00e9 <b>d\u00e9livr\u00e9es<\/b> par la mairie, pour permettre des d\u00e9molitions \u00e0 l\u2019int\u00e9rieur et des remises aux normes dans un premier temps.<\/p>\n<p class=\" wall-content\">Si des bruits courent sur des noms d\u2019enseigne, avec notamment <b>Mango <\/b>\u00e9voqu\u00e9 sur les r\u00e9seaux sociaux et <b>une salle de sport<\/b>, les porteurs de projets ne veulent pas communiquer pour l\u2019heure sur l\u2019identit\u00e9 des marques qui vont s\u2019y installer. Ni m\u00eame sur leurs secteurs d\u2019activit\u00e9.<\/p>\n<p>    <img   decoding=\"async\" loading=\"lazy\" class=\"size-large\" src=\"https:\/\/www.europesays.com\/fr\/wp-content\/uploads\/2026\/01\/2459655fd86964859655fd8694c596v-960x640.jpeg\" alt=\"Des gravats sont \u00e0 \u00e9vacuer de l'ancien C&amp;A, bouelvard Leclerc \u00e0 Caen.\" width=\"960\" height=\"640\"\/><br \/>\n    Des gravats sont \u00e0 \u00e9vacuer de l\u2019ancien C&amp;A, boulevard Leclerc \u00e0 Caen. \u00a9Mathieu GIRARD<\/p>\n<p class=\" wall-content\">Une chose est s\u00fbre\u2009: des travaux d\u2019am\u00e9nagement sont bel et bien pr\u00e9vus. Ils doivent <b>prendre fin au cours de l\u2019\u00e9t\u00e9<\/b>, pour une<b> ouverture des deux enseignes en ao\u00fbt au mieux<\/b> ou un peu plus tard, au cours de la p\u00e9riode de la rentr\u00e9e scolaire.<\/p>\n<p>Quatre cases commerciales \u00e0 la place de l\u2019ancien Path\u00e9<\/p>\n<p class=\" wall-content\">Ce projet est d\u2019autant plus suivi localement, que le magasin C&amp;A a constitu\u00e9 pendant des ann\u00e9es un<b> vecteur d\u2019attractivit\u00e9 commerciale important<\/b> en centre-ville de Caen, dans un secteur qui a \u00e9galement vu <a href=\"https:\/\/actu.fr\/normandie\/caen_14118\/la-demolition-du-cinema-pathe-a-commence-dans-le-centre-ville-de-caen_61659912.html\" target=\"_blank\" rel=\"noopener\">dispara\u00eetre le cin\u00e9ma Path\u00e9 en 2013<\/a>.<\/p>\n<p class=\" wall-content\">Sur le site de ce dernier, des fouilles arch\u00e9ologiques se poursuivent. \u00c0 l\u2019issue de cette \u00e9tude du sol, sortira de terre <a href=\"https:\/\/actu.fr\/normandie\/caen_14118\/pourquoi-le-projet-immobilier-de-luxe-a-caen-semble-a-larret-apres-la-demolition-de-lex-pathe_62779537.html\" target=\"_blank\" rel=\"noopener\">un immeuble comprenant 12 appartements<\/a> ainsi que <b>quatre cases commerciales en rez-de-chauss\u00e9e<\/b>. De quoi redynamiser cette partie du centre-ville de Caen.<\/p>\n<p class=\" wall-content\">Personnalisez votre actualit\u00e9 en ajoutant vos villes et m\u00e9dias en favori avec <a href=\"https:\/\/moncompte.actu.fr\" title=\"D\u00e9couvez Mon Actu\" rel=\"nofollow noopener\" data-trk=\"{&quot;cta&quot;:{&quot;action&quot;:&quot;https:\\\/\\\/moncompte.actu.fr&quot;,&quot;category&quot;:&quot;mon compte&quot;,&quot;from&quot;:&quot;article footer&quot;,&quot;name&quot;:&quot;Mon actu&quot;,&quot;type&quot;:&quot;cta&quot;}}\" target=\"_blank\">Mon Actu<\/a>.<\/p>\n","protected":false},"excerpt":{"rendered":"Par Maxence Gorregues Publi\u00e9 le 15 janv. 2026 \u00e0 18h55 Apr\u00e8s avoir occup\u00e9 pendant 37\u00a0ann\u00e9es, les quatre \u00e9tages&hellip;\n","protected":false},"author":2,"featured_media":666577,"comment_status":"","ping_status":"","sticky":false,"template":"","format":"standard","meta":{"footnotes":""},"categories":[6],"tags":[35,5164,215,33,34,1011,27],"class_list":{"0":"post-666576","1":"post","2":"type-post","3":"status-publish","4":"format-standard","5":"has-post-thumbnail","7":"category-economie","8":"tag-business","9":"tag-calvados","10":"tag-commerce","11":"tag-economie","12":"tag-economy","13":"tag-fr","14":"tag-france"},"share_on_mastodon":{"url":"https:\/\/pubeurope.com\/@fr\/115902087512419502","error":""},"_links":{"self":[{"href":"https:\/\/www.europesays.com\/fr\/wp-json\/wp\/v2\/posts\/666576","targetHints":{"allow":["GET"]}}],"collection":[{"href":"https:\/\/www.europesays.com\/fr\/wp-json\/wp\/v2\/posts"}],"about":[{"href":"https:\/\/www.europesays.com\/fr\/wp-json\/wp\/v2\/types\/post"}],"author":[{"embeddable":true,"href":"https:\/\/www.europesays.com\/fr\/wp-json\/wp\/v2\/users\/2"}],"replies":[{"embeddable":true,"href":"https:\/\/www.europesays.com\/fr\/wp-json\/wp\/v2\/comments?post=666576"}],"version-history":[{"count":0,"href":"https:\/\/www.europesays.com\/fr\/wp-json\/wp\/v2\/posts\/666576\/revisions"}],"wp:featuredmedia":[{"embeddable":true,"href":"https:\/\/www.europesays.com\/fr\/wp-json\/wp\/v2\/media\/666577"}],"wp:attachment":[{"href":"https:\/\/www.europesays.com\/fr\/wp-json\/wp\/v2\/media?parent=666576"}],"wp:term":[{"taxonomy":"category","embeddable":true,"href":"https:\/\/www.europesays.com\/fr\/wp-json\/wp\/v2\/categories?post=666576"},{"taxonomy":"post_tag","embeddable":true,"href":"https:\/\/www.europesays.com\/fr\/wp-json\/wp\/v2\/tags?post=666576"}],"curies":[{"name":"wp","href":"https:\/\/api.w.org\/{rel}","templated":true}]}}