{"id":666582,"date":"2026-01-16T01:06:11","date_gmt":"2026-01-16T01:06:11","guid":{"rendered":"https:\/\/www.europesays.com\/fr\/666582\/"},"modified":"2026-01-16T01:06:11","modified_gmt":"2026-01-16T01:06:11","slug":"cest-jean-marie-le-pen-qui-decidait-qui-travaillait-pour-qui-et-voila-au-proces-du-rn-la-siderante-legerete-dun-ancien-depute-europeen","status":"publish","type":"post","link":"https:\/\/www.europesays.com\/fr\/666582\/","title":{"rendered":"\u00ab\u00a0C\u2019est Jean-Marie Le\u00a0Pen qui d\u00e9cidait qui travaillait pour qui et voil\u00e0\u00a0\u00bb\u00a0: au proc\u00e8s du RN, la sid\u00e9rante l\u00e9g\u00e8ret\u00e9 d\u2019un ancien d\u00e9put\u00e9 europ\u00e9en"},"content":{"rendered":"<p class=\"paragraph text_align_left lp-f-body-02\">Fernand Le Rachinel le r\u00e9p\u00e8te \u00e0 l\u2019envi : il n\u2019a \u00ab jamais commis d\u2019infractions de [sa] vie \u00bb. L\u2019an dernier, cet ancien d\u00e9put\u00e9 europ\u00e9en Front national (FN) a pourtant \u00e9t\u00e9 condamn\u00e9 \u00e0 2 ans de prison avec sursis et 15 000 euros d\u2019amende pour d\u00e9tournement de fonds publics dans l\u2019affaire des emplois fictifs des assistants du parlement europ\u00e9en.<\/p>\n<p class=\"\">Sa conviction d\u2019\u00eatre innocent l\u2019a donc <a href=\"https:\/\/www.leparisien.fr\/faits-divers\/affaire-des-assistants-parlementaires-europeens-marine-le-pen-joue-son-avenir-politique-devant-la-cour-dappel-12-01-2026-7G57A2OBQZBFDDL432RTOEMH2E.php\" target=\"_self\" rel=\"noopener\">incit\u00e9 \u00e0 faire appel<\/a>. Un choix judicieux ? Pas s\u00fbr. Chacune des phrases prononc\u00e9es ce jeudi apr\u00e8s-midi lors de sa laborieuse audition l\u2019enfonce. Et renforce, par l\u00e0 m\u00eame, les soup\u00e7ons de \u00ab syst\u00e8me de fraude \u00bb reproch\u00e9s au <a href=\"https:\/\/www.leparisien.fr\/politique\/rn\/\" target=\"_blank\" rel=\"noreferrer noopener\">RN,<\/a> reconnu coupable en premi\u00e8re instance d\u2019avoir d\u00e9tourn\u00e9 les financements de Bruxelles en faisant embaucher comme assistants des personnes travaillant en r\u00e9alit\u00e9 pour le parti.<\/p>\n<p>Ses \u00ab assistants \u00bb ? Le garde du corps et la secr\u00e9taire de Jean-Marie Le Pen<\/p>\n<p class=\"\">Ancien chef d\u2019entreprise, Fernand Le Rachinel effectue un premier mandat au parlement europ\u00e9en entre 1994 et 1999. Cet ancien membre du bureau politique du FN y retourne pour une nouvelle p\u00e9riode cinq ans en 2004 lorsqu\u2019il remplace au pied lev\u00e9 une d\u00e9put\u00e9e d\u00e9missionnaire.<\/p>\n<p class=\"\">Tr\u00e8s vite, on lui impose ses deux assistants : Thierry L\u00e9gier, le garde du corps de Jean-Marie Le Pen, et Micheline Bruna, la secr\u00e9taire personnelle du \u00ab Menhir \u00bb. \u00ab C\u2019est Jean-Marie Le Pen qui d\u00e9cidait qui travaillait pour qui et voil\u00e0. Je n\u2019intervenais pas du tout sur les recrutements, ni sur les indemnit\u00e9s \u00bb, expose beno\u00eetement cet homme de 83 ans au style vieille France &#8211; pochette accroch\u00e9e \u00e0 la veste assortie \u00e0 la cravate.<\/p>\n<p class=\"lp-card-podcast-highlighting__title  lp-f-subtitle-05\">[2\/2] Affaire \u00c9velyne Boucher\u00a0: deux d\u00e9cennies pour \u00e9tablir la v\u00e9rit\u00e9<\/p>\n<p><a class=\"lp-card-podcast-highlighting__call-to-action\" data-page-type=\"HP\" data-block-name=\"podcast-highlight\">\u00c9couter<\/a><\/p>\n<p class=\"\">\u00ab Thierry L\u00e9gier ne travaillait pas pour moi. Micheline Bruna non plus \u00bb, ajoute l\u2019ancien \u00e9lu en d\u00e9crivant un syst\u00e8me de pool d\u2019assistants. Ainsi, dans les faits, se reposait-il sur les collaborateurs d\u2019autres d\u00e9put\u00e9s de son parti. \u00ab Ce n\u2019\u00e9taient pas des emplois fictifs. Ils travaillaient r\u00e9ellement mais pas dans les bonnes cases \u00bb, se justifie-t-il.<\/p>\n<p class=\"\">Comme l\u2019a rappel\u00e9 dans la matin\u00e9e le directeur g\u00e9n\u00e9ral des finances du Parlement europ\u00e9en, partie civile dans ce dossier, les r\u00e8gles sont pourtant claires : chaque assistant doit \u00eatre au service exclusif de son d\u00e9put\u00e9 et assurer uniquement des t\u00e2ches en lien avec son mandat. Avec Fernand Le Rachinel, on en est loin. La r\u00e9glementation ? \u00ab Je l\u2019ignorais \u00bb, r\u00e9pond-il sans manifester la moindre g\u00eane.<\/p>\n<p>\u00ab Je ne sais pas quoi r\u00e9pondre \u00bb<\/p>\n<p class=\"\">Face \u00e0 la cour, le pr\u00e9venu pr\u00e9tend n\u2019avoir jamais fait signer de contrat de travail dans ses entreprises. La pr\u00e9sidente de la cour rappelle le parcours professionnel de cet imprimeur qui, en son temps, fut pr\u00e9sident du tribunal de commerce de Saint-L\u00f4 (Manche). \u00ab Vous savez que la personne \u00e0 qui vous versez un salaire vous doit un travail \u00e0 vous et pas au voisin \u00bb, ass\u00e8ne Mich\u00e8le Agi. \u00ab Je ne me souciais pas du tout de l\u2019administratif. Je les signais comme on signe un contrat d\u2019assurance \u00bb, \u00e9vacue l\u2019octog\u00e9naire, d\u2019une incroyable l\u00e9g\u00e8ret\u00e9.<\/p>\n<p class=\"\">\u00ab En tant que pr\u00e9sident du tribunal de commerce, comment auriez-vous accueilli ces propos ? \u00bb relance la magistrate, effar\u00e9e. \u00ab Dans les entreprises ce n\u2019est pas comme au parlement europ\u00e9en, c\u2019est diff\u00e9rent \u00bb, jure Fernand Le Rachinel sans argumenter davantage.<\/p>\n<p class=\"\">L\u2019ex-\u00e9lu plaide le contexte de l\u2019\u00e9poque. \u00ab On n\u2019avait pas le choix \u00bb, glisse-t-il en \u00e9cartant les bras, admettant qu\u2019il n\u2019aurait pas pu s\u2019opposer \u00e0 la r\u00e8gle fix\u00e9e par Jean-Marie Le Pen et que la justice reproche \u00e0 sa fille d\u2019avoir fait perdurer. Fernand Le Rachinel, qui s\u2019est f\u00e2ch\u00e9 avec son parti de c\u0153ur pour une histoire de dette, assure aussi que d\u2019autres mouvements fonctionnaient ainsi. \u00ab Cela ne peut pas \u00eatre une excuse, ni m\u00eame une explication \u00bb, coupe la pr\u00e9sidente. \u00c0 force d\u2019insister, la cour arrache \u00e0 Fernand Le Rachinel de timides concessions. \u00ab Oui, je suis responsable d\u2019avoir accept\u00e9 \u00bb, \u00ab j\u2019ai failli, je n\u2019ai pas v\u00e9rifi\u00e9, c\u2019est une faute bien s\u00fbr \u00bb, marmonne-t-il.<\/p>\n<p class=\"\">L\u2019un des avocats g\u00e9n\u00e9raux recentre les d\u00e9bats sur ce qui appara\u00eet, au fond, comme le c\u0153ur du sujet : \u00ab Pourquoi \u00eates-vous moins vigilant lorsqu\u2019il s\u2019agit d\u2019argent public que quand il s\u2019agit du v\u00f4tre ? \u00bb \u00ab Je ne sais pas quoi r\u00e9pondre \u00bb, bredouille le retrait\u00e9. \u00ab Dans vos interrogatoires, vous dites que le FN vivait gr\u00e2ce \u00e0 ce syst\u00e8me. Vous aviez conscience que c\u2019\u00e9tait ill\u00e9gal ! poursuit le magistrat. \u00c0 force de d\u00e9tourner les yeux, n\u2019avez-vous pas fini par d\u00e9tourner de l\u2019argent public ? \u00bb<\/p>\n<p>\u00ab Je pensais vraiment que c\u2019\u00e9tait normal \u00bb<\/p>\n<p class=\"\">\u00ab Je pensais vraiment que c\u2019\u00e9tait normal. Je n\u2019imaginais pas que nous \u00e9tions dans l\u2019ill\u00e9galit\u00e9 \u00bb, s\u2019accroche le pr\u00e9venu. Son seul regret est de ne pas avoir d\u00e9missionn\u00e9, non au regard des faits reproch\u00e9s, mais de la situation inconfortable dans laquelle il se trouve vingt ans plus tard. \u00ab Si j\u2019avais su\u2026 \u00bb, ressasse-t-il.<\/p>\n<p class=\"\">L\u2019interrogatoire est un tel d\u00e9sastre que l\u2019avocat met les \u00ab r\u00e9ponses \u00e9tonnantes \u00bb de son client sur le compte de l\u2019\u00e2ge et de ses facult\u00e9s intellectuelles d\u00e9clinantes. \u00ab Si c\u2019\u00e9tait \u00e0 refaire, vous agiriez de la m\u00eame mani\u00e8re ? \u00bb, lance Me Robert Ap\u00e9ry en guise de perche. Apr\u00e8s un long silence, Fernand Le Rachinel souffle : \u00ab Je ne sais pas quoi r\u00e9pondre. \u00bb<\/p>\n<p class=\"\">L\u2019audience se poursuit la semaine prochaine.<\/p>\n","protected":false},"excerpt":{"rendered":"Fernand Le Rachinel le r\u00e9p\u00e8te \u00e0 l\u2019envi : il n\u2019a \u00ab jamais commis d\u2019infractions de [sa] vie \u00bb.&hellip;\n","protected":false},"author":2,"featured_media":666583,"comment_status":"","ping_status":"","sticky":false,"template":"","format":"standard","meta":{"footnotes":""},"categories":[2],"tags":[11,118,1011,27,12],"class_list":{"0":"post-666582","1":"post","2":"type-post","3":"status-publish","4":"format-standard","5":"has-post-thumbnail","7":"category-actualites","8":"tag-actualites","9":"tag-faits-divers","10":"tag-fr","11":"tag-france","12":"tag-news"},"share_on_mastodon":{"url":"https:\/\/pubeurope.com\/@fr\/115902099316565272","error":""},"_links":{"self":[{"href":"https:\/\/www.europesays.com\/fr\/wp-json\/wp\/v2\/posts\/666582","targetHints":{"allow":["GET"]}}],"collection":[{"href":"https:\/\/www.europesays.com\/fr\/wp-json\/wp\/v2\/posts"}],"about":[{"href":"https:\/\/www.europesays.com\/fr\/wp-json\/wp\/v2\/types\/post"}],"author":[{"embeddable":true,"href":"https:\/\/www.europesays.com\/fr\/wp-json\/wp\/v2\/users\/2"}],"replies":[{"embeddable":true,"href":"https:\/\/www.europesays.com\/fr\/wp-json\/wp\/v2\/comments?post=666582"}],"version-history":[{"count":0,"href":"https:\/\/www.europesays.com\/fr\/wp-json\/wp\/v2\/posts\/666582\/revisions"}],"wp:featuredmedia":[{"embeddable":true,"href":"https:\/\/www.europesays.com\/fr\/wp-json\/wp\/v2\/media\/666583"}],"wp:attachment":[{"href":"https:\/\/www.europesays.com\/fr\/wp-json\/wp\/v2\/media?parent=666582"}],"wp:term":[{"taxonomy":"category","embeddable":true,"href":"https:\/\/www.europesays.com\/fr\/wp-json\/wp\/v2\/categories?post=666582"},{"taxonomy":"post_tag","embeddable":true,"href":"https:\/\/www.europesays.com\/fr\/wp-json\/wp\/v2\/tags?post=666582"}],"curies":[{"name":"wp","href":"https:\/\/api.w.org\/{rel}","templated":true}]}}