{"id":666585,"date":"2026-01-16T01:08:17","date_gmt":"2026-01-16T01:08:17","guid":{"rendered":"https:\/\/www.europesays.com\/fr\/666585\/"},"modified":"2026-01-16T01:08:17","modified_gmt":"2026-01-16T01:08:17","slug":"lagenda-du-week-end-vos-sorties-dans-la-loire-des-16-17-et-18-janvier-2026","status":"publish","type":"post","link":"https:\/\/www.europesays.com\/fr\/666585\/","title":{"rendered":"L\u2019agenda du week-end, vos sorties dans la Loire des 16, 17 et 18 janvier 2026"},"content":{"rendered":"<p>                <a href=\"https:\/\/cadenceradio.fr\" target=\"_blank\" aria-label=\"Banni\u00e8re Cadence\" rel=\"noopener\"><img loading=\"lazy\" decoding=\"async\" src=\"https:\/\/www.europesays.com\/fr\/wp-content\/uploads\/2026\/01\/Banniere-Cadence-.png\" alt=\"\"   width=\"1536\" height=\"450\"\/><\/a><\/p>\n<p>Entre musique, humour, cin\u00e9ma, th\u00e9\u00e2tre et exp\u00e9riences insolites, ce week-end s\u2019annonce riche en d\u00e9couvertes dans la Loire. Tour d\u2019horizon des rendez-vous \u00e0 ne pas manquer par la r\u00e9daction de 42info.<\/p>\n<p><strong>Soir\u00e9e Tremplin Pro\u2019pulse au Fil<\/strong><\/p>\n<p>Le Fil de Saint-\u00c9tienne accueille la grande finale du Tremplin Pro\u2019pulse ce vendredi 17 janvier \u00e0 20h30. Une soir\u00e9e d\u00e9di\u00e9e \u00e0 la sc\u00e8ne \u00e9mergente locale et r\u00e9gionale, o\u00f9 le public a un r\u00f4le cl\u00e9 :\u00a0<strong>c\u2019est vous qui votez pour votre artiste favorite<\/strong>\u00a0! Sur sc\u00e8ne, trois finalistes aux univers bien distincts : <strong>K\u00e9ziah Ma<\/strong>, une electro-pop sensible et planante, port\u00e9e par des textes intimes et une atmosph\u00e8re d\u00e9licate. <strong>Elia la Boucl\u00e9e<\/strong>, une \u00e9nergie brute, des textes puissants et une musique intense qui \u00e9lectrise la sc\u00e8ne. <strong>La Propri\u00e9t\u00e9<\/strong>, un collectif insolent et cr\u00e9atif, aux synth\u00e9s envo\u00fbtants et \u00e0 l\u2019univers percutant. C\u2019est \u00e0 20h30 au Fil et c\u2019est gratuit. Plus d\u2019infos <a href=\"https:\/\/www.le-fil.com\/evenement\/keziah-ma-elia-la-bouclee-la-propriete\/\" target=\"_blank\" rel=\"noopener\" title=\"\">ICI<\/a>.<\/p>\n<p><strong>\u00c9lodie Poux au Scarab\u00e9e de Riorges<\/strong><\/p>\n<p>L\u2019humoriste \u00c9lodie Poux est en spectacle vendredi 16 janvier \u00e0 20h au Scarab\u00e9e, \u00e0 Riorges, avec\u00a0Le Syndrome du papillon. Elle y raconte avec \u00e9nergie et autod\u00e9rision son parcours atypique, d\u2019animatrice p\u00e9riscolaire \u00e0 figure montante de l\u2019humour fran\u00e7ais. Un spectacle aussi dr\u00f4le qu\u2019inspirant. Plus d\u2019infos <a href=\"https:\/\/42info.fr\/3-spectacles-au-scarabee-de-riorges\/\" target=\"_blank\" rel=\"noopener\" title=\"\">ICI<\/a>.<\/p>\n<p><strong>Les Poly\u2019Sons : bien plus qu\u2019un simple week-end<\/strong><\/p>\n<p>Le festival des Poly\u2019Sons bat son plein au Th\u00e9\u00e2tre des P\u00e9nitents de Montbrison avec une programmation qui s\u2019\u00e9tale jusqu\u2019\u00e0 la fin janvier. D\u00e8s ce jeudi 15 janvier, Terrenoire ouvre le bal. Le samedi 17, place au rap engag\u00e9 de Sniper. Et la suite promet encore de belles \u00e9motions : Pelgag, Marie Jay, Kl\u00f4, Sorci\u00e8res comme les autres, la Chorale des Poly\u2019Sons, Rose, Melba, Thomas Fersen (le 24 janvier), Diva Syndicat, David Lafore et Guilhem Valay\u00e9, La Grande Sophie (30 janvier), sans oublier Les Croquants et Debout sur le Zinc. Plus d\u2019infos <a href=\"https:\/\/www.theatredespenitents.fr\/polysons-24-25\/\" target=\"_blank\" rel=\"noopener\" title=\"\">ICI<\/a>.<\/p>\n<p><strong>Zeist, une s\u00e9rie 100 % locale sur grand \u00e9cran<\/strong><\/p>\n<p>Le collectif st\u00e9phanois Zeist pr\u00e9sente sa s\u00e9rie <a href=\"https:\/\/42info.fr\/tisane-club-une-soiree-cinema-et-musique-au-melies-saint-francois\/\" target=\"_blank\" rel=\"noopener\" title=\"\">Tisane Club<\/a>, une fiction en 7 \u00e9pisodes au parfum r\u00e9tro. L\u2019histoire se d\u00e9roule dans les ann\u00e9es 70 et suit un groupe d\u2019amis animant une \u00e9mission t\u00e9l\u00e9 consacr\u00e9e aux ph\u00e9nom\u00e8nes paranormaux, entre surr\u00e9alisme et absurdit\u00e9. Projection au M\u00e9li\u00e8s Saint-Fran\u00e7ois \u00e0 Saint-\u00c9tienne, samedi 17 janvier \u00e0 partir de 18h45, avec en bonus concert et buvette. Tarif : 5 \u20ac. Plus d\u2019infos <a href=\"https:\/\/42info.fr\/tisane-club-une-soiree-cinema-et-musique-au-melies-saint-francois\/\" target=\"_blank\" rel=\"noopener\" title=\"\">ICI<\/a>.<\/p>\n<p>Vente de plantes<\/p>\n<p>Dans la galerie de Auchan monthieu  \u00e0 Saint-Etienne retrouvez une vente de  plantes verte \u00e0 prix raisonnable. Plus de 100 vari\u00e9t\u00e9s de plantes et v\u00e9g\u00e9taux. Monstera, Cactus, succulentes, Alo\u00e9 Vera et Ficus 1\u20ac \u00e0 12\u20ac pour les petites et moyennes plantes et 15\u20ac \u00e0 60\u20ac pour les grandes plantes. Samedi 17 janvier de 13h \u00e0 18h (selon les stocks).<\/p>\n<p><strong>Raclette \u00e0 cheval : l\u2019exp\u00e9rience insolite<\/strong><\/p>\n<p>Envie d\u2019un m\u00e9lange d\u2019aventure et de gourmandise ? Beltie Ranch organise une \u00ab rando raclette \u00e0 cheval \u00bb \u00e0 Essertines-en-Ch\u00e2telneuf, samedi 17 janvier d\u00e8s 9h30 (retour vers 17h). Apr\u00e8s l\u2019effort, le r\u00e9confort : pause au chaud pour d\u00e9guster une raclette, loin de toute improvisation fa\u00e7on \u00ab Huns fromagers \u00bb. Tarif : 100 \u20ac par adulte, tout compris. R\u00e9servation : 06 99 46 81 91. Plus d\u2019infos <a href=\"https:\/\/beltie-ranch.com\" target=\"_blank\" rel=\"noopener\" title=\"\">ICI<\/a>.<\/p>\n<p><strong>\u00ab Adopte un Jules.com \u00bb \u00e0 la Com\u00e9die Triomphe<\/strong><\/p>\n<p>Le Caf\u00e9-Th\u00e9\u00e2tre La Com\u00e9die Triomphe propose une com\u00e9die l\u00e9g\u00e8re et rythm\u00e9e :\u00a0Adopte un Jules.com, sign\u00e9e Elisa Valentin et Andr\u00e9 Gaston. Trois repr\u00e9sentations : Vendredi 16 janvier \u00e0 21h, samedi 17 janvier \u00e0 19h et dimanche 18 janvier \u00e0 18h Une pi\u00e8ce id\u00e9ale pour rire des relations amoureuses et des codes modernes du couple. Plus d\u2019infos <a href=\"https:\/\/www.comedietriomphe.fr\/events\/adopte-un-jules-com-5\/\" target=\"_blank\" rel=\"noopener\" title=\"\">ICI<\/a>.<\/p>\n","protected":false},"excerpt":{"rendered":"Entre musique, humour, cin\u00e9ma, th\u00e9\u00e2tre et exp\u00e9riences insolites, ce week-end s\u2019annonce riche en d\u00e9couvertes dans la Loire. Tour&hellip;\n","protected":false},"author":2,"featured_media":657021,"comment_status":"","ping_status":"","sticky":false,"template":"","format":"standard","meta":{"footnotes":""},"categories":[9653],"tags":[328,1111,11,4763,2430,1777,674,1011,27,3367,7357,12,25,9838,9669,4001],"class_list":{"0":"post-666585","1":"post","2":"type-post","3":"status-publish","4":"format-standard","5":"has-post-thumbnail","7":"category-saint-etienne","8":"tag-a-la-une","9":"tag-actu","10":"tag-actualites","11":"tag-agenda","12":"tag-auvergne-rhone-alpes","13":"tag-eu","14":"tag-europe","15":"tag-fr","16":"tag-france","17":"tag-loire","18":"tag-montbrison","19":"tag-news","20":"tag-republique-francaise","21":"tag-roanne","22":"tag-saint-chamond","23":"tag-saint-etienne"},"share_on_mastodon":{"url":"https:\/\/pubeurope.com\/@fr\/115902107190438766","error":""},"_links":{"self":[{"href":"https:\/\/www.europesays.com\/fr\/wp-json\/wp\/v2\/posts\/666585","targetHints":{"allow":["GET"]}}],"collection":[{"href":"https:\/\/www.europesays.com\/fr\/wp-json\/wp\/v2\/posts"}],"about":[{"href":"https:\/\/www.europesays.com\/fr\/wp-json\/wp\/v2\/types\/post"}],"author":[{"embeddable":true,"href":"https:\/\/www.europesays.com\/fr\/wp-json\/wp\/v2\/users\/2"}],"replies":[{"embeddable":true,"href":"https:\/\/www.europesays.com\/fr\/wp-json\/wp\/v2\/comments?post=666585"}],"version-history":[{"count":0,"href":"https:\/\/www.europesays.com\/fr\/wp-json\/wp\/v2\/posts\/666585\/revisions"}],"wp:featuredmedia":[{"embeddable":true,"href":"https:\/\/www.europesays.com\/fr\/wp-json\/wp\/v2\/media\/657021"}],"wp:attachment":[{"href":"https:\/\/www.europesays.com\/fr\/wp-json\/wp\/v2\/media?parent=666585"}],"wp:term":[{"taxonomy":"category","embeddable":true,"href":"https:\/\/www.europesays.com\/fr\/wp-json\/wp\/v2\/categories?post=666585"},{"taxonomy":"post_tag","embeddable":true,"href":"https:\/\/www.europesays.com\/fr\/wp-json\/wp\/v2\/tags?post=666585"}],"curies":[{"name":"wp","href":"https:\/\/api.w.org\/{rel}","templated":true}]}}