{"id":666586,"date":"2026-01-16T01:09:27","date_gmt":"2026-01-16T01:09:27","guid":{"rendered":"https:\/\/www.europesays.com\/fr\/666586\/"},"modified":"2026-01-16T01:09:27","modified_gmt":"2026-01-16T01:09:27","slug":"amance-des-voeux-en-toute-confiance","status":"publish","type":"post","link":"https:\/\/www.europesays.com\/fr\/666586\/","title":{"rendered":"Amance. Des v\u0153ux en toute confiance"},"content":{"rendered":"<p>Apr\u00e8s un succulent repas des a\u00een\u00e9s, confectionn\u00e9 par un habitant du village, Olivier Salv\u00e9, le premier \u00e9dile d\u2019Amance pr\u00e9sentait les v\u0153ux de la municipalit\u00e9 aux administr\u00e9s en insistant sur quelques particularit\u00e9s du village\u00a0: \u00ab\u00a0Ici, tout le monde se conna\u00eet, le vivre ensemble n\u2019est pas qu\u2019un concept, c\u2019est une r\u00e9alit\u00e9. Avoir un soutien, un sourire, c\u2019est \u00e7a le bien vivre \u00e0 Amance\u00a0\u00bb.<\/p>\n","protected":false},"excerpt":{"rendered":"Apr\u00e8s un succulent repas des a\u00een\u00e9s, confectionn\u00e9 par un habitant du village, Olivier Salv\u00e9, le premier \u00e9dile d\u2019Amance&hellip;\n","protected":false},"author":2,"featured_media":666587,"comment_status":"","ping_status":"","sticky":false,"template":"","format":"standard","meta":{"footnotes":""},"categories":[9635],"tags":[1111,11,13680,12080,1704,1777,674,1011,27,775,1702,12,316,25],"class_list":{"0":"post-666586","1":"post","2":"type-post","3":"status-publish","4":"format-standard","5":"has-post-thumbnail","7":"category-nancy","8":"tag-actu","9":"tag-actualites","10":"tag-amance","11":"tag-cc-de-seille-et-grand-couronne-54b","12":"tag-edition-nancy-et-agglomeration","13":"tag-eu","14":"tag-europe","15":"tag-fr","16":"tag-france","17":"tag-grand-est","18":"tag-nancy","19":"tag-news","20":"tag-politique","21":"tag-republique-francaise"},"share_on_mastodon":{"url":"https:\/\/pubeurope.com\/@fr\/115902111043284902","error":""},"_links":{"self":[{"href":"https:\/\/www.europesays.com\/fr\/wp-json\/wp\/v2\/posts\/666586","targetHints":{"allow":["GET"]}}],"collection":[{"href":"https:\/\/www.europesays.com\/fr\/wp-json\/wp\/v2\/posts"}],"about":[{"href":"https:\/\/www.europesays.com\/fr\/wp-json\/wp\/v2\/types\/post"}],"author":[{"embeddable":true,"href":"https:\/\/www.europesays.com\/fr\/wp-json\/wp\/v2\/users\/2"}],"replies":[{"embeddable":true,"href":"https:\/\/www.europesays.com\/fr\/wp-json\/wp\/v2\/comments?post=666586"}],"version-history":[{"count":0,"href":"https:\/\/www.europesays.com\/fr\/wp-json\/wp\/v2\/posts\/666586\/revisions"}],"wp:featuredmedia":[{"embeddable":true,"href":"https:\/\/www.europesays.com\/fr\/wp-json\/wp\/v2\/media\/666587"}],"wp:attachment":[{"href":"https:\/\/www.europesays.com\/fr\/wp-json\/wp\/v2\/media?parent=666586"}],"wp:term":[{"taxonomy":"category","embeddable":true,"href":"https:\/\/www.europesays.com\/fr\/wp-json\/wp\/v2\/categories?post=666586"},{"taxonomy":"post_tag","embeddable":true,"href":"https:\/\/www.europesays.com\/fr\/wp-json\/wp\/v2\/tags?post=666586"}],"curies":[{"name":"wp","href":"https:\/\/api.w.org\/{rel}","templated":true}]}}