{"id":666588,"date":"2026-01-16T01:10:18","date_gmt":"2026-01-16T01:10:18","guid":{"rendered":"https:\/\/www.europesays.com\/fr\/666588\/"},"modified":"2026-01-16T01:10:18","modified_gmt":"2026-01-16T01:10:18","slug":"100-asnl-la-quotidienne-las-nancy-lorraine-serait-elle-en-train-de-retrouver-de-la-coherence","status":"publish","type":"post","link":"https:\/\/www.europesays.com\/fr\/666588\/","title":{"rendered":"100% ASNL, la quotidienne\u00a0. L&rsquo;AS Nancy Lorraine serait-elle en train de retrouver de la coh\u00e9rence\u00a0?"},"content":{"rendered":"<p> <img decoding=\"async\" src=\"https:\/\/www.europesays.com\/fr\/wp-content\/uploads\/2026\/01\/1768525818_990_1200x680.jpeg\" alt=\"illustration agrandir l'image\" style=\"--_image-preview:url('data:image\/jpeg;base64,\/9j\/2wBDACgcHiMeGSgjISMtKygwPGRBPDc3PHtYXUlkkYCZlo+AjIqgtObDoKrarYqMyP\/L2u71\/\/\/\/m8H\/\/\/\/6\/+b9\/\/j\/2wBDASstLTw1PHZBQXb4pYyl+Pj4+Pj4+Pj4+Pj4+Pj4+Pj4+Pj4+Pj4+Pj4+Pj4+Pj4+Pj4+Pj4+Pj4+Pj4+Pj4+Pj\/wAARCAAXACoDASIAAhEBAxEB\/8QAGAAAAwEBAAAAAAAAAAAAAAAAAAECAwT\/xAAYEAEBAQEBAAAAAAAAAAAAAAAAARECEv\/EABYBAQEBAAAAAAAAAAAAAAAAAAACAf\/EABURAQEAAAAAAAAAAAAAAAAAAAAR\/9oADAMBAAIRAxEAPwDlnKsVIeJojE2NcTYUZ4XlpgxlU0hgJQMKwAE0gBT\/2Q==');\" loading=\"eager\" fetchpriority=\"high\" class=\"svelte-1cksh76 rounded\" onload=\"this.__e=event\" onerror=\"this.__e=event\"\/> Le retour de Zakaria Fdaouch co\u00efncide aux bons r\u00e9sultats de l&rsquo;ASNL \u00a9 Maxppp &#8211; PHOTOPQR\/LE COURRIER PICARD\/MAXPPP    <\/p>\n<p class=\"g-ici-body-regular-3 info svelte-1tw4hsy\">Diffus\u00e9 le jeudi 15 janvier 2026 \u00e0 18:40 <\/p>\n<p class=\"g-ici-body-regular-3 info svelte-1tw4hsy\">Publi\u00e9 le jeudi 15 janvier 2026 \u00e0 18:40 <\/p>\n<p class=\"g-ici-body-bold-1 standFirst svelte-1gkeky6\">L\u2019AS Nancy Lorraine retrouve des couleurs. Forts d\u2019une s\u00e9rie de quatre matchs sans d\u00e9faite, entre championnat et Coupe de France, les Nanc\u00e9iens affichent un visage plus rassurant. Plus qu\u2019un simple rebond comptable en Ligue 2 apr\u00e8s deux succ\u00e8s de suite, l&rsquo;ASNL a gagn\u00e9 en coh\u00e9rence.<\/p>\n<p>Le vent tourne enfin pour l&rsquo;AS Nancy Lorraine. Invaincue depuis quatre rencontres, toutes comp\u00e9titions confondues, l&rsquo;ASNL\u00a0 confirme son redressement spectaculaire. Cette s\u00e9rie positive est notamment marqu\u00e9e par deux succ\u00e8s probants en championnat face \u00e0 Clermont et Amiens, des victoires qui ont permis de sortir de la zone rouge du classement.<\/p>\n<p>Au-del\u00e0 des points glan\u00e9s, c\u2019est surtout la mani\u00e8re qui rassure. Les Rouge et Blanc semblent avoir gomm\u00e9 des approximations pour laisser place \u00e0 un bloc solidaire et une animation offensive retrouv\u00e9e.\u00a0Ce renouveau tombe \u00e0 point nomm\u00e9 et offre une bouff\u00e9e d&rsquo;oxyg\u00e8ne pr\u00e9pond\u00e9rante avant d&rsquo;aborder la derni\u00e8re ligne droite de Ligue 2 et la venue de Guingamp ce lundi \u00e0 Marcel Picot (20h45). Laurent Pilloni et ses d\u00e9batteurs d\u00e9cryptent les progr\u00e8s\u00a0 de cette \u00e9quipe nanc\u00e9ienne dans <strong>100% ASNL.<\/strong><\/p>\n<ul class=\"SocialNetworks svelte-oam7rq\">\n<li class=\"svelte-oam7rq\"><\/li>\n<li class=\"svelte-oam7rq\"><\/li>\n<li class=\"svelte-oam7rq\"><\/li>\n<li class=\"svelte-oam7rq\"><\/li>\n<li class=\"svelte-oam7rq\"><\/li>\n<\/ul>\n","protected":false},"excerpt":{"rendered":"Le retour de Zakaria Fdaouch co\u00efncide aux bons r\u00e9sultats de l&rsquo;ASNL \u00a9 Maxppp &#8211; PHOTOPQR\/LE COURRIER PICARD\/MAXPPP Diffus\u00e9&hellip;\n","protected":false},"author":2,"featured_media":666589,"comment_status":"","ping_status":"","sticky":false,"template":"","format":"standard","meta":{"footnotes":""},"categories":[9635],"tags":[1111,11,1777,674,1011,27,775,1702,12,25],"class_list":{"0":"post-666588","1":"post","2":"type-post","3":"status-publish","4":"format-standard","5":"has-post-thumbnail","7":"category-nancy","8":"tag-actu","9":"tag-actualites","10":"tag-eu","11":"tag-europe","12":"tag-fr","13":"tag-france","14":"tag-grand-est","15":"tag-nancy","16":"tag-news","17":"tag-republique-francaise"},"share_on_mastodon":{"url":"https:\/\/pubeurope.com\/@fr\/115902114917822280","error":""},"_links":{"self":[{"href":"https:\/\/www.europesays.com\/fr\/wp-json\/wp\/v2\/posts\/666588","targetHints":{"allow":["GET"]}}],"collection":[{"href":"https:\/\/www.europesays.com\/fr\/wp-json\/wp\/v2\/posts"}],"about":[{"href":"https:\/\/www.europesays.com\/fr\/wp-json\/wp\/v2\/types\/post"}],"author":[{"embeddable":true,"href":"https:\/\/www.europesays.com\/fr\/wp-json\/wp\/v2\/users\/2"}],"replies":[{"embeddable":true,"href":"https:\/\/www.europesays.com\/fr\/wp-json\/wp\/v2\/comments?post=666588"}],"version-history":[{"count":0,"href":"https:\/\/www.europesays.com\/fr\/wp-json\/wp\/v2\/posts\/666588\/revisions"}],"wp:featuredmedia":[{"embeddable":true,"href":"https:\/\/www.europesays.com\/fr\/wp-json\/wp\/v2\/media\/666589"}],"wp:attachment":[{"href":"https:\/\/www.europesays.com\/fr\/wp-json\/wp\/v2\/media?parent=666588"}],"wp:term":[{"taxonomy":"category","embeddable":true,"href":"https:\/\/www.europesays.com\/fr\/wp-json\/wp\/v2\/categories?post=666588"},{"taxonomy":"post_tag","embeddable":true,"href":"https:\/\/www.europesays.com\/fr\/wp-json\/wp\/v2\/tags?post=666588"}],"curies":[{"name":"wp","href":"https:\/\/api.w.org\/{rel}","templated":true}]}}