{"id":66659,"date":"2025-05-01T10:24:21","date_gmt":"2025-05-01T10:24:21","guid":{"rendered":"https:\/\/www.europesays.com\/fr\/66659\/"},"modified":"2025-05-01T10:24:21","modified_gmt":"2025-05-01T10:24:21","slug":"david-maries-au-premier-regard-2025-explique-a-marina-comment-ses-filles-ont-reagi-a-lannonce-de-son-mariage-dans-le-prochain-episode-deja-disponible","status":"publish","type":"post","link":"https:\/\/www.europesays.com\/fr\/66659\/","title":{"rendered":"David (Mari\u00e9s au premier regard 2025) explique \u00e0 Marina comment ses filles ont r\u00e9agi \u00e0 l&rsquo;annonce de son mariage dans le prochain \u00e9pisode d\u00e9j\u00e0 disponible"},"content":{"rendered":"<p>La saison 9 de Mari\u00e9s au premier regard a permis \u00e0 Marina et David de se rencontrer. Dans l&rsquo;\u00e9pisode 10 diffus\u00e9 sur M6 lundi 5 mai, mais d\u00e9j\u00e0 disponible sur M6+, le couple a pu faire plus ample connaissance, malgr\u00e9 des doutes subsistants du c\u00f4t\u00e9 de la jeune femme. Attention, spoilers !<\/p>\n<p>L&rsquo;\u00e9pisode 10 de <a href=\"https:\/\/www.programme-tv.net\/news\/tele-realite\/371158-maries-au-premier-regard-2025-date-de-diffusion-deux-expertes-nouveautes-les-premieres-infos-sur-la-saison-9\/\" data-api-deeplink=\"teleloisirs:\/\/news\/371158\" target=\"_blank\" rel=\"noopener\">Mari\u00e9s au premier regard 2025<\/a> sera diffus\u00e9 lundi 5 mai sur M6, mais <b>vous pouvez d\u00e9j\u00e0 le retrouver sur la plateforme M6+<\/b>. Dans ce num\u00e9ro in\u00e9dit, <a href=\"https:\/\/www.programme-tv.net\/news\/tele-realite\/377853-entre-les-silences-les-genes-david-maries-au-premier-regard-se-confie-sur-l-un-de-ses-aspects-les-plus-desagreables-de-son-mariage-avec-marina\/\" data-api-deeplink=\"teleloisirs:\/\/news\/377853\" target=\"_blank\" rel=\"noopener\">Marina et David vont apprendre \u00e0 se conna\u00eetre davantage<\/a>, apr\u00e8s s&rsquo;\u00eatre dit \u00ab\u00a0oui\u00a0\u00bb. Malgr\u00e9 cette r\u00e9ponse positive, <a href=\"https:\/\/www.programme-tv.net\/news\/tele-realite\/376669-j-ai-envie-de-pleurer-c-est-une-catastrophe-marina-maries-au-premier-regard-2025-desemparee-en-apprenant-que-son-futur-mari-ne-correspond-pas-a-ses-criteres-physiques\/\" data-api-deeplink=\"teleloisirs:\/\/news\/376669\" target=\"_blank\" rel=\"noopener\">la jeune femme \u00e9tait tr\u00e8s soucieuse <\/a>avant le jour J puisque Marie Tapernoux lui avait expliqu\u00e9 que son futur \u00e9poux ne remplissait pas tous ses crit\u00e8res physiques. Mais en arrivant devant l&rsquo;autel, la jeune femme a \u00e9t\u00e9 charm\u00e9e par David, qui s&rsquo;est montr\u00e9 rassurant avec elle, qui \u00e9tait tr\u00e8s stress\u00e9e, ce qui l&rsquo;a touch\u00e9e. <b>Attention, la suite de cet article contient des spoilers !<\/b><\/p>\n<p>\u00ab\u00a0On a cette \u00e9quipe \u00e0 trois\u00a0\u00bb : David (Mari\u00e9s au premier regard 9) confie \u00e0 Marina comment ses filles ont r\u00e9agi en apprenant que leur p\u00e8re allait se marier<\/p>\n<p>Marina et David viennent de faire leur s\u00e9ance photo de mari\u00e9s. Durant ce moment, <a href=\"https:\/\/www.programme-tv.net\/news\/tele-realite\/376953-ma-mere-ma-abandonne-david-le-futur-mari-de-marina-maries-au-premier-regard-2025-revient-sur-son-passe-douloureux\/\" data-api-deeplink=\"teleloisirs:\/\/news\/376953\" target=\"_blank\" rel=\"noopener\">David s&rsquo;est montr\u00e9 tr\u00e8s stress\u00e9<\/a>. Alors c&rsquo;est Marina qui a pris les r\u00eanes pour le mettre \u00e0 l&rsquo;aise. Une fois arriv\u00e9e dans la voiture qui doit les mener \u00e0 leur lieu de r\u00e9ception, Marina demande \u00e0 David comment ses filles ont accueilli la nouvelle de ce mariage. \u00ab\u00a0<b>\u00c7a fait des ann\u00e9es o\u00f9 je n&rsquo;ai pas quelqu&rsquo;un qui est rentr\u00e9 dans ma vie<\/b> et que du coup, on a cette \u00e9quipe \u00e0 trois\u00a0\u00bb explique-t-il. Lorsque c&rsquo;est lui qui garde ses filles, ils ne font que des activit\u00e9s ensemble. L&rsquo;arriv\u00e9e d&rsquo;une nouvelle personne fait peur \u00e0 l&rsquo;une de ses filles : \u00ab\u00a0<b>Mia avait peur de perdre \u00e7a<\/b>\u00a0\u00bb dit-il. Mais il s&rsquo;est empress\u00e9 de la rassurer en lui expliquant qu&rsquo;une nouvelle personne, \u00ab\u00a0c&rsquo;est un plus dans nos vies\u00a0\u00bb.<\/p>\n<p>                        \u00ab\u00a0Je ne pouvais vraiment pas faire sans elle\u00a0\u00bb : Marina (MAPR 2025) explique \u00e0 David \u00e0 quel point sa fille compte pour elle<\/p>\n<p>Marina est rassur\u00e9e par les paroles de David qui la conforte dans son id\u00e9e qu&rsquo;il est un homme bien. \u00ab\u00a0Quand on discute dans la voiture de ses filles, de son lien avec ses filles, je vois la fa\u00e7on dont il en parle. C&rsquo;est quelque chose de rassurant parce que c&rsquo;est important qu&rsquo;un papa s&rsquo;occupe de ses enfants\u00a0\u00bb, dit-elle. C&rsquo;est maintenant \u00e0 David de savoir comment la fille de Marina a r\u00e9agi \u00e0 cette annonce. La jeune maman n&rsquo;a pas souhait\u00e9 \u00ab\u00a0mettre la pression\u00a0\u00bb \u00e0 sa fille concernant sa r\u00e9ponse, mais elle explique bien \u00e0 David que <b>si elle n&rsquo;avait pas souhait\u00e9 assister au mariage, \u00e7a ne se serait pas fait<\/b>. \u00ab\u00a0Je ne pouvais pas faire \u00e7a sans elle\u00a0\u00bb, explique-t-elle. Sa fille est toute sa vie, et son avis compte \u00e9norm\u00e9ment. Les mari\u00e9s ont la m\u00eame conception de la parentalit\u00e9. Mais Marina arrivera-t-elle \u00e0 passer au-del\u00e0 du physique ?<\/p>\n","protected":false},"excerpt":{"rendered":"La saison 9 de Mari\u00e9s au premier regard a permis \u00e0 Marina et David de se rencontrer. Dans&hellip;\n","protected":false},"author":2,"featured_media":66660,"comment_status":"","ping_status":"","sticky":false,"template":"","format":"standard","meta":{"footnotes":""},"categories":[1356],"tags":[5635,244,16730,58,59,1011,27,494,16731,16729,5214,252,1364],"class_list":{"0":"post-66659","1":"post","2":"type-post","3":"status-publish","4":"format-standard","5":"has-post-thumbnail","7":"category-television","8":"tag-6play","9":"tag-commentaire","10":"tag-david-mariu00e9s-au-premier-regard-9","11":"tag-divertissement","12":"tag-entertainment","13":"tag-fr","14":"tag-france","15":"tag-m6","16":"tag-marie-tapernoux","17":"tag-marina-mariu00e9s-au-premier-regard-9","18":"tag-mariu00e9s-au-premier-regard","19":"tag-television","20":"tag-tv"},"share_on_mastodon":{"url":"https:\/\/pubeurope.com\/@fr\/114432092597513225","error":""},"_links":{"self":[{"href":"https:\/\/www.europesays.com\/fr\/wp-json\/wp\/v2\/posts\/66659","targetHints":{"allow":["GET"]}}],"collection":[{"href":"https:\/\/www.europesays.com\/fr\/wp-json\/wp\/v2\/posts"}],"about":[{"href":"https:\/\/www.europesays.com\/fr\/wp-json\/wp\/v2\/types\/post"}],"author":[{"embeddable":true,"href":"https:\/\/www.europesays.com\/fr\/wp-json\/wp\/v2\/users\/2"}],"replies":[{"embeddable":true,"href":"https:\/\/www.europesays.com\/fr\/wp-json\/wp\/v2\/comments?post=66659"}],"version-history":[{"count":0,"href":"https:\/\/www.europesays.com\/fr\/wp-json\/wp\/v2\/posts\/66659\/revisions"}],"wp:featuredmedia":[{"embeddable":true,"href":"https:\/\/www.europesays.com\/fr\/wp-json\/wp\/v2\/media\/66660"}],"wp:attachment":[{"href":"https:\/\/www.europesays.com\/fr\/wp-json\/wp\/v2\/media?parent=66659"}],"wp:term":[{"taxonomy":"category","embeddable":true,"href":"https:\/\/www.europesays.com\/fr\/wp-json\/wp\/v2\/categories?post=66659"},{"taxonomy":"post_tag","embeddable":true,"href":"https:\/\/www.europesays.com\/fr\/wp-json\/wp\/v2\/tags?post=66659"}],"curies":[{"name":"wp","href":"https:\/\/api.w.org\/{rel}","templated":true}]}}