{"id":666592,"date":"2026-01-16T01:14:17","date_gmt":"2026-01-16T01:14:17","guid":{"rendered":"https:\/\/www.europesays.com\/fr\/666592\/"},"modified":"2026-01-16T01:14:17","modified_gmt":"2026-01-16T01:14:17","slug":"previsions-du-vendredi-16-janvier-2026-4","status":"publish","type":"post","link":"https:\/\/www.europesays.com\/fr\/666592\/","title":{"rendered":"pr\u00e9visions du vendredi 16 janvier 2026"},"content":{"rendered":"<p>Des averses sont attendues aujourd&rsquo;hui. La ville de Montpellier se retrouvera de temps \u00e0 autre sous la pluie. Le mercure affichera 12\u00b0C en moyenne. Un vent de sud-est soufflera \u00e0 29 km\/h. Les temp\u00e9ratures iront de 11 \u00e0 13\u00b0C sur l&rsquo;ensemble de la matin\u00e9e. Les valeurs afficheront entre 12\u00b0C et 13\u00b0C dans l&rsquo;apr\u00e8s-midi. Le soir, il est probable que de l\u00e9g\u00e8res averses \u00e9clatent. C&rsquo;est un ciel pluvieux que conna\u00eetra la nuit de vendredi \u00e0 samedi.<\/p>\n<p>Des averses tomberont demain, \u00e0 Montpellier. Les temp\u00e9ratures seront comprises entre 11 et 12\u00b0C. La ville sera touch\u00e9e par un vent de sud-est de 28 km\/h. Il fera 12\u00b0C en moyenne le matin. La soir\u00e9e va rester maussade \u00e0 cause de nuages qui persistent dans le ciel. Il va pleuvoir. Il va faire en moyenne 11\u00b0C.<\/p>\n<p>Pour les jours qui suivent, la m\u00e9t\u00e9o ne changera pas. Comptez sur 9\u00b0C en moyenne qui accompagneront des journ\u00e9es pluvieuses.<\/p>\n<p><\/p>\n","protected":false},"excerpt":{"rendered":"Des averses sont attendues aujourd&rsquo;hui. La ville de Montpellier se retrouvera de temps \u00e0 autre sous la pluie.&hellip;\n","protected":false},"author":2,"featured_media":666593,"comment_status":"","ping_status":"","sticky":false,"template":"","format":"standard","meta":{"footnotes":""},"categories":[9599],"tags":[1111,11,1777,674,1011,27,2208,12,2680,2119,25],"class_list":{"0":"post-666592","1":"post","2":"type-post","3":"status-publish","4":"format-standard","5":"has-post-thumbnail","7":"category-montpellier","8":"tag-actu","9":"tag-actualites","10":"tag-eu","11":"tag-europe","12":"tag-fr","13":"tag-france","14":"tag-montpellier","15":"tag-news","16":"tag-occitanie","17":"tag-previsions-meteo","18":"tag-republique-francaise"},"share_on_mastodon":{"url":"https:\/\/pubeurope.com\/@fr\/115902130611155679","error":""},"_links":{"self":[{"href":"https:\/\/www.europesays.com\/fr\/wp-json\/wp\/v2\/posts\/666592","targetHints":{"allow":["GET"]}}],"collection":[{"href":"https:\/\/www.europesays.com\/fr\/wp-json\/wp\/v2\/posts"}],"about":[{"href":"https:\/\/www.europesays.com\/fr\/wp-json\/wp\/v2\/types\/post"}],"author":[{"embeddable":true,"href":"https:\/\/www.europesays.com\/fr\/wp-json\/wp\/v2\/users\/2"}],"replies":[{"embeddable":true,"href":"https:\/\/www.europesays.com\/fr\/wp-json\/wp\/v2\/comments?post=666592"}],"version-history":[{"count":0,"href":"https:\/\/www.europesays.com\/fr\/wp-json\/wp\/v2\/posts\/666592\/revisions"}],"wp:featuredmedia":[{"embeddable":true,"href":"https:\/\/www.europesays.com\/fr\/wp-json\/wp\/v2\/media\/666593"}],"wp:attachment":[{"href":"https:\/\/www.europesays.com\/fr\/wp-json\/wp\/v2\/media?parent=666592"}],"wp:term":[{"taxonomy":"category","embeddable":true,"href":"https:\/\/www.europesays.com\/fr\/wp-json\/wp\/v2\/categories?post=666592"},{"taxonomy":"post_tag","embeddable":true,"href":"https:\/\/www.europesays.com\/fr\/wp-json\/wp\/v2\/tags?post=666592"}],"curies":[{"name":"wp","href":"https:\/\/api.w.org\/{rel}","templated":true}]}}