{"id":666598,"date":"2026-01-16T01:18:17","date_gmt":"2026-01-16T01:18:17","guid":{"rendered":"https:\/\/www.europesays.com\/fr\/666598\/"},"modified":"2026-01-16T01:18:17","modified_gmt":"2026-01-16T01:18:17","slug":"pro-d2-agen-ne-veut-pas-servir-de-sparring-partner-a-grenoble","status":"publish","type":"post","link":"https:\/\/www.europesays.com\/fr\/666598\/","title":{"rendered":"Pro D2 \u2013 Agen ne veut pas servir de sparring-partner \u00e0 Grenoble"},"content":{"rendered":"<p>\n                En Is\u00e8re, Mauricio Reggiardo a d\u00e9cid\u00e9 de faire tourner son effectif en vue des deux prochaines \u00e9ch\u00e9ances \u00e0 Armandie. Mais les Agenais ne peuvent pas se permettre de passer \u00e0 c\u00f4t\u00e9. Certains ont des points \u00e0 gagner.\n            <\/p>\n<p>La d\u00e9cision a \u00e9t\u00e9 prise rapidement durant la derni\u00e8re tr\u00eave. Au regard du calendrier du bloc, Mauricio Reggiardo et son staff ont opt\u00e9 pour le choix de la raison alors qu\u2019ils s\u2019appr\u00eatent \u00e0 recevoir Colomiers jeudi prochain, puis Nevers dans la foul\u00e9e. Ce vendredi soir en Is\u00e8re, ce sont des joueurs en manque de temps de jeu qui vont tenter de se relancer. La charni\u00e8re en est le parfait exemple. Th\u00e9o Idjellidaine n\u2019honore que sa troisi\u00e8me titularisation de la saison quand Franck Pourteau n\u2019a jou\u00e9 que vingt petites minutes depuis le d\u00e9but de l\u2019exercice. C\u2019\u00e9tait d\u2019ailleurs contre Grenoble, lors de la 3e journ\u00e9e.<\/p>\n<p>Bref, Mauricio Reggiardo le sait pertinemment\u00a0: son \u00e9quipe manque clairement de rep\u00e8res et elle ne part pas avec la faveur des pronostics sur ce match. Mais si l\u2019on regarde le probl\u00e8me \u00e0 l\u2019envers, bien des joueurs ont des choses \u00e0 prouver contre les hommes de Jeff Dubois. Notamment ceux qui quitteront le Lot-et-Garonne apr\u00e8s cette saison et qui doivent imp\u00e9rativement se signaler, surtout s\u2019ils veulent rejouer rapidement. Car les prochaines r\u00e9ceptions de Colomiers et Nevers s\u2019annoncent d\u00e9cisives et ce d\u00e9placement \u00e0 Grenoble est la seule possibilit\u00e9 de rebattre les cartes.<\/p>\n<p>La t\u00eate \u00e0 Colomiers\u00a0?<\/p>\n<p>Les Agenais vont tenter de r\u00e9sister en Is\u00e8re mais cette rencontre n\u2019est clairement pas l\u2019objectif num\u00e9ro un du club. Elle va permettre de voir \u00e0 l\u2019\u0153uvre pour la premi\u00e8re fois le jeune flanker Lomig Jouanny. Elle va aussi \u00eatre l\u2019occasion de revoir les Sio Tomkinson, Louis Dupichot ou encore Cyril Deligny, qui ne sont pas encore au niveau attendu lors de leur recrutement. \u00c0 eux de montrer \u00e0 leur staff qu\u2019ils sont loin d\u2019\u00eatre des seconds couteaux.<\/p>\n<p>Apr\u00e8s \u00eatre sorti du top 6 \u00e0 Dax, le SUA ne doit pas faire l\u2019erreur de se tourner trop rapidement vers la future r\u00e9ception de Colomiers. Sinon, elle en paiera le prix cher, contre une formation mal r\u00e9compens\u00e9e \u00e0 Provence Rugby et qui aura \u00e0 c\u0153ur de revenir sur le wagon des qualifiables au classement. Les Agenais sont d\u00e9sormais pr\u00e9venus.<\/p>\n","protected":false},"excerpt":{"rendered":"En Is\u00e8re, Mauricio Reggiardo a d\u00e9cid\u00e9 de faire tourner son effectif en vue des deux prochaines \u00e9ch\u00e9ances \u00e0&hellip;\n","protected":false},"author":2,"featured_media":666599,"comment_status":"","ping_status":"","sticky":false,"template":"","format":"standard","meta":{"footnotes":""},"categories":[9566],"tags":[1111,11,2430,1777,674,1011,27,2731,12,2308,25,68796],"class_list":{"0":"post-666598","1":"post","2":"type-post","3":"status-publish","4":"format-standard","5":"has-post-thumbnail","7":"category-grenoble","8":"tag-actu","9":"tag-actualites","10":"tag-auvergne-rhone-alpes","11":"tag-eu","12":"tag-europe","13":"tag-fr","14":"tag-france","15":"tag-grenoble","16":"tag-news","17":"tag-pro-d2","18":"tag-republique-francaise","19":"tag-rugby-u00e0-xv"},"share_on_mastodon":{"url":"https:\/\/pubeurope.com\/@fr\/115902146291364732","error":""},"_links":{"self":[{"href":"https:\/\/www.europesays.com\/fr\/wp-json\/wp\/v2\/posts\/666598","targetHints":{"allow":["GET"]}}],"collection":[{"href":"https:\/\/www.europesays.com\/fr\/wp-json\/wp\/v2\/posts"}],"about":[{"href":"https:\/\/www.europesays.com\/fr\/wp-json\/wp\/v2\/types\/post"}],"author":[{"embeddable":true,"href":"https:\/\/www.europesays.com\/fr\/wp-json\/wp\/v2\/users\/2"}],"replies":[{"embeddable":true,"href":"https:\/\/www.europesays.com\/fr\/wp-json\/wp\/v2\/comments?post=666598"}],"version-history":[{"count":0,"href":"https:\/\/www.europesays.com\/fr\/wp-json\/wp\/v2\/posts\/666598\/revisions"}],"wp:featuredmedia":[{"embeddable":true,"href":"https:\/\/www.europesays.com\/fr\/wp-json\/wp\/v2\/media\/666599"}],"wp:attachment":[{"href":"https:\/\/www.europesays.com\/fr\/wp-json\/wp\/v2\/media?parent=666598"}],"wp:term":[{"taxonomy":"category","embeddable":true,"href":"https:\/\/www.europesays.com\/fr\/wp-json\/wp\/v2\/categories?post=666598"},{"taxonomy":"post_tag","embeddable":true,"href":"https:\/\/www.europesays.com\/fr\/wp-json\/wp\/v2\/tags?post=666598"}],"curies":[{"name":"wp","href":"https:\/\/api.w.org\/{rel}","templated":true}]}}