{"id":666605,"date":"2026-01-16T01:22:10","date_gmt":"2026-01-16T01:22:10","guid":{"rendered":"https:\/\/www.europesays.com\/fr\/666605\/"},"modified":"2026-01-16T01:22:10","modified_gmt":"2026-01-16T01:22:10","slug":"une-irlandaise-a-strasbourg-un-retour-a-leicester-le-recap-des-infos-mercato-du-15-janvier","status":"publish","type":"post","link":"https:\/\/www.europesays.com\/fr\/666605\/","title":{"rendered":"Une Irlandaise \u00e0 Strasbourg, un retour \u00e0 Leicester, le r\u00e9cap des infos mercato du 15 janvier"},"content":{"rendered":"<p>Les transferts n\u2019arr\u00eatent pas. Ce jeudi, le Racing Strasbourg a officialis\u00e9 une recrue suppl\u00e9mentaire.<\/p>\n<p>Rachel Williams retourne \u00e0 Leicester<\/p>\n<p>La tr\u00e8s exp\u00e9riment\u00e9e arri\u00e8re gauche (38 ans) revient \u00e0 Leicester, club o\u00f9 tout a commenc\u00e9 pour elle et dont le dernier passage remontait \u00e0 16 ans en arri\u00e8re.<\/p>\n<p>Encore une recrue \u00e0 Strasbourg<\/p>\n<p>Belle saison pour le Racing Strasbourg. Au lendemain de<a href=\"https:\/\/footeuses.com\/nantes-epate-et-passe-dauphin-lol-lyonnes-a-du-batailler-le-resume-de-la-journee\/\" target=\"_blank\" rel=\"noopener\"> son succ\u00e8s contre Montpellier,<\/a> le club alsacien a confirm\u00e9 la signature d\u2019Amber Barrett, internationale irlandaise. <\/p>\n<p>Sam Coffey \u00e0 Manchester City<\/p>\n<p>La milieu am\u00e9ricaine de 27 ans arrive en provenance de Portland et renforce le leader du championnat anglais.<\/p>\n<p>Amber Tysiak quitte West Ham<\/p>\n<p>La Belge de 25 ans Tysiak, pr\u00e9sente depuis trois ans au club, quitte West Ham, qui accueille dans l\u2019autre sens la jeune promesse anglaise Ria Bose (19 ans).<\/p>\n<p>Agathe Maetz quitte d\u00e9j\u00e0 Thonon Evian<\/p>\n<p>Elle \u00e9tait arriv\u00e9e d\u00e9termin\u00e9e l\u2019\u00e9t\u00e9 pass\u00e9, finalement, Agathe Maetz s\u2019en va d\u00e9j\u00e0. Apr\u00e8s Vendenheim, Dijon, Marseille, Avignon, Cannes, la d\u00e9fenseure de 27 ans ne jouera pas un autre match de D2 sous les couleurs de Thonon.<\/p>\n<p>Du mouvement \u00e0 Angel City<\/p>\n<p>Macey Hodge s\u2019en va direction Racing Louisville. Dans l\u2019autre sens, la gardienne de 22 ans Faith Nguyen signe un premier contrat court.<\/p>\n<p>Cela bouge pas mal \u00e0 Bourges<\/p>\n<p>Quelques jours apr\u00e8s le double d\u00e9part, important, d\u2019Helena Theriez et L\u00e9ocade Bailly, Bourges a recrut\u00e9 une joueuse, Yrma Mze Issa. L\u2019attaquante de 22 ans arrive en provenance de Monaco Football F\u00e9minin, o\u00f9 la situation semble se d\u00e9grader.<\/p>\n<p>Geyse Ferreira au Club America<\/p>\n<p>L\u2019attaquante de 27 ans, revenue \u00e0 Manchester United o\u00f9 elle ne se sentait pas bien, a trouv\u00e9 une porte de sortie. Geyse part au Club America, qui recrute fort en cette p\u00e9riode.<\/p>\n<p>Mais aussi : Alice Sombath prolonge \u00e0 l\u2019OL Lyonnes jusqu\u2019en 2027. Maya Antoine (d\u00e9fenseure centrale canadienne de 22 ans) signe \u00e0 la Roma. Melissa K\u00f6ssler (attaquante, 25 ans) arrive \u00e0 Denver. Kaitlyn Torpey signe \u00e0 Newcastle.<\/p>\n<p class=\"has-text-align-right\">J\u00e9r\u00f4me Flury<\/p>\n<p class=\"has-text-align-right\">Photo \u00a9<a href=\"https:\/\/x.com\/AmericaFemenil\">AmericaFemenil<\/a><\/p>\n","protected":false},"excerpt":{"rendered":"Les transferts n\u2019arr\u00eatent pas. Ce jeudi, le Racing Strasbourg a officialis\u00e9 une recrue suppl\u00e9mentaire. Rachel Williams retourne \u00e0&hellip;\n","protected":false},"author":2,"featured_media":666606,"comment_status":"","ping_status":"","sticky":false,"template":"","format":"standard","meta":{"footnotes":""},"categories":[2820],"tags":[1111,11,1777,674,1011,27,775,12,25,640],"class_list":{"0":"post-666605","1":"post","2":"type-post","3":"status-publish","4":"format-standard","5":"has-post-thumbnail","7":"category-strasbourg","8":"tag-actu","9":"tag-actualites","10":"tag-eu","11":"tag-europe","12":"tag-fr","13":"tag-france","14":"tag-grand-est","15":"tag-news","16":"tag-republique-francaise","17":"tag-strasbourg"},"share_on_mastodon":{"url":"https:\/\/pubeurope.com\/@fr\/115902162098760085","error":""},"_links":{"self":[{"href":"https:\/\/www.europesays.com\/fr\/wp-json\/wp\/v2\/posts\/666605","targetHints":{"allow":["GET"]}}],"collection":[{"href":"https:\/\/www.europesays.com\/fr\/wp-json\/wp\/v2\/posts"}],"about":[{"href":"https:\/\/www.europesays.com\/fr\/wp-json\/wp\/v2\/types\/post"}],"author":[{"embeddable":true,"href":"https:\/\/www.europesays.com\/fr\/wp-json\/wp\/v2\/users\/2"}],"replies":[{"embeddable":true,"href":"https:\/\/www.europesays.com\/fr\/wp-json\/wp\/v2\/comments?post=666605"}],"version-history":[{"count":0,"href":"https:\/\/www.europesays.com\/fr\/wp-json\/wp\/v2\/posts\/666605\/revisions"}],"wp:featuredmedia":[{"embeddable":true,"href":"https:\/\/www.europesays.com\/fr\/wp-json\/wp\/v2\/media\/666606"}],"wp:attachment":[{"href":"https:\/\/www.europesays.com\/fr\/wp-json\/wp\/v2\/media?parent=666605"}],"wp:term":[{"taxonomy":"category","embeddable":true,"href":"https:\/\/www.europesays.com\/fr\/wp-json\/wp\/v2\/categories?post=666605"},{"taxonomy":"post_tag","embeddable":true,"href":"https:\/\/www.europesays.com\/fr\/wp-json\/wp\/v2\/tags?post=666605"}],"curies":[{"name":"wp","href":"https:\/\/api.w.org\/{rel}","templated":true}]}}