{"id":666611,"date":"2026-01-16T01:26:31","date_gmt":"2026-01-16T01:26:31","guid":{"rendered":"https:\/\/www.europesays.com\/fr\/666611\/"},"modified":"2026-01-16T01:26:31","modified_gmt":"2026-01-16T01:26:31","slug":"defile-des-horreurs-a-la-cite-des-congres","status":"publish","type":"post","link":"https:\/\/www.europesays.com\/fr\/666611\/","title":{"rendered":"d\u00e9fil\u00e9 des horreurs \u00e0 la Cit\u00e9 des Congr\u00e8s"},"content":{"rendered":"<p class=\"has-text-align-center\"><strong>Pierre-\u00c9douard St\u00e9rin, Bruno Retailleau, Aurore Berg\u00e9, Christelle Moran\u00e7ais, Ary Abittan\u2026 cette salle de la m\u00e9tropole socialiste devenue lieu privil\u00e9gi\u00e9 des r\u00e9actionnaires et des misogynes<\/strong><\/p>\n<p><img loading=\"lazy\" decoding=\"async\" width=\"1000\" height=\"1000\" data-attachment-id=\"98591\" data-permalink=\"https:\/\/contre-attaque.net\/2026\/01\/15\/nantes-defile-des-horreurs-a-la-cite-des-congres\/signal-2026-01-15-152505\/\" data-orig-file=\"https:\/\/www.europesays.com\/fr\/wp-content\/uploads\/2026\/01\/signal-2026-01-15-152505.jpeg\" data-orig-size=\"1000,1000\" data-comments-opened=\"0\" data-image-meta=\"{&quot;aperture&quot;:&quot;0&quot;,&quot;credit&quot;:&quot;&quot;,&quot;camera&quot;:&quot;&quot;,&quot;caption&quot;:&quot;&quot;,&quot;created_timestamp&quot;:&quot;0&quot;,&quot;copyright&quot;:&quot;&quot;,&quot;focal_length&quot;:&quot;0&quot;,&quot;iso&quot;:&quot;0&quot;,&quot;shutter_speed&quot;:&quot;0&quot;,&quot;title&quot;:&quot;&quot;,&quot;orientation&quot;:&quot;0&quot;}\" data-image-title=\"signal-2026-01-15-152505\" data-image-description=\"\" data-image-caption=\"\" data-medium-file=\"https:\/\/contre-attaque.net\/wp-content\/uploads\/2026\/01\/signal-2026-01-15-152505-300x300.jpeg\" data-large-file=\"https:\/\/www.europesays.com\/fr\/wp-content\/uploads\/2026\/01\/signal-2026-01-15-152505.jpeg\" src=\"https:\/\/www.europesays.com\/fr\/wp-content\/uploads\/2026\/01\/signal-2026-01-15-152505.jpeg\" alt=\"La Cit\u00e9 des Congr\u00e8s de Nantes en arri\u00e8re-plan des portraits de Pierre-\u00c9douard St\u00e9rin, Bruno Retailleau, Aurore Berg\u00e9, et Ary Abittan\" class=\"wp-image-98591\"  \/><\/p>\n<p>La Cit\u00e9 des Congr\u00e8s de Nantes semble avoir choisi son camp\u00a0: celui des fascistes et des violeurs. En effet, il suffit pour s\u2019en convaincre de s\u2019int\u00e9resser \u00e0 sa programmation des plus immondes. En juin dernier, <a href=\"https:\/\/contre-attaque.net\/2025\/05\/16\/mobilisation-generale-a-nantes-comme-ailleurs-contre-pierre-edouard-sterin\/\" target=\"_blank\" rel=\"noopener\">la salle accueillait la Nuit du Bien Commun<\/a>, ce gala faussement charitable pour la bourgeoisie radicalis\u00e9e.<\/p>\n<p>Ces Nuits du Bien Commun sont en r\u00e9alit\u00e9 l\u2019avant-garde du projet de la 104\u00e8me fortune de France\u00a0: le milliardaire catholique, libertarien et exil\u00e9 fiscal en Belgique, Pierre-\u00c9douard St\u00e9rin. Proche de la Manif pour tous et des mouvements anti-IVG, St\u00e9rin, qui aspire \u00e0 \u00abla saintet\u00e9 et la vie \u00e9ternelle\u00bb selon ses propres mots, a lanc\u00e9 une v\u00e9ritable croisade pour \u00abpermettre la victoire id\u00e9ologique, \u00e9lectorale et politique\u00bb de l\u2019extr\u00eame droite, mais aussi \u00abservir et sauver la France et lutter contre les \u2018maux principaux\u2019 que sont le socialisme, le wokisme, l\u2019islamisme, et l\u2019immigration\u00bb.<\/p>\n<p>Mais la M\u00e9tropole de Nantes, dirig\u00e9e par les socialistes, qui g\u00e8re la Cit\u00e9 des Congr\u00e8s, semble \u00eatre tout \u00e0 fait \u00e0 l\u2019aise avec le n\u00e9ofascisme. Malgr\u00e9 de nombreuses protestations, notamment syndicales, pour faire annuler l\u2019\u00e9v\u00e9nement, <a href=\"https:\/\/contre-attaque.net\/2025\/06\/07\/contre-sterin-nantes-tient-le-terrain\/\" target=\"_blank\" rel=\"noopener\">ce gala avait d\u00fb se tenir dans un b\u00e2timent bunkeris\u00e9e<\/a>, le centre-ville de Nantes quadrill\u00e9 par une vingtaine de camions de CRS et de gendarmerie, rejoints par la BAC. Les transports en commun avaient \u00e9t\u00e9 coup\u00e9s d\u00e8s la fin d\u2019apr\u00e8s-midi. Rarement Nantes avait connu un tel dispositif, qui a probablement co\u00fbt\u00e9 des centaines de milliers d\u2019euros d\u2019argent public. Mais la mairie \u00abde gauche\u00bb n\u2019y voyait aucun probl\u00e8me.<\/p>\n<p>Mercredi 14 janvier, la Cit\u00e9 des Congr\u00e8s accueillait non pas un, ni deux, mais bien trois r\u00e9actionnaires : Christelle Moran\u00e7ais, Aurore Berg\u00e9, et Bruno Retailleau. C\u2019est le lancement de la campagne de Foulques Chombart de Lauwe, le candidat les R\u00e9publicains \u2013 dont le nom \u00e0 particule et le pr\u00e9nom sorti tout droit des Croisades transpire les origines proches du peuple \u2013 qui se pr\u00e9sente aux municipales nantaises. \u00c0 ses c\u00f4t\u00e9s, Christelle Moran\u00e7ais, pr\u00e9sidente des Pays-de-la-Loire \u00e0 l\u2019avant garde du capitalo-fascisme, proche de l\u2019extr\u00eame droite, qui a impos\u00e9 au mois de d\u00e9cembre 2024 <a href=\"https:\/\/contre-attaque.net\/2024\/11\/22\/pays-de-la-loire-la-droite-saigne-la-culture-la-riposte-se-prepare\/\" target=\"_blank\" rel=\"noopener\">un projet de coupes budg\u00e9taires de pr\u00e8s de 100 millions d\u2019euros dans les Pays-de-la-Loire<\/a>. Principalement dans la culture (-73%), le monde associatif et l\u2019\u00e9galit\u00e9 hommes-femmes (-100%). Elle est la pr\u00e9sidente de r\u00e9gion la mieux pay\u00e9e de France, touchant 6.880\u20ac mensuels, mais aussi la plus avide d\u2019argent publique\u00a0: restaurants, nuits d\u2019h\u00f4tel, <a href=\"https:\/\/contre-attaque.net\/2024\/12\/01\/christelle-morancais-une-riche-qui-nous-coute-cher\/\" target=\"_blank\" rel=\"noopener\">elle aurait claqu\u00e9 plus de 40.000\u20ac d\u2019argent public entre 2021 et 2023<\/a>.<\/p>\n<p>Pour elle, l\u2019argent public pour les associations c\u2019est non, mais pour se payer des photographes et du champagne, c\u2019est oui. <a href=\"https:\/\/contre-attaque.net\/2025\/02\/10\/pour-christelle-morancais-le-travail-rend-libre-et-elon-musk-est-un-genie\/\" target=\"_blank\" rel=\"noopener\">Elle n\u2019h\u00e9sitait pas d\u00e9but janvier 2025<\/a> \u00e0 encenser le milliardaire n\u00e9ofasciste Elon Musk, le qualifiant de \u00abg\u00e9nial\u00bb, affirmant \u00abla France r\u00eaverait d\u2019un Musk\u00bb, ou encore \u00e0 reprendre litt\u00e9ralement un slogan utilis\u00e9 par les nazis\u00a0: \u00abLe travail rend libre\u00bb osait-elle publier dans l\u2019hebdomadaire d\u2019extr\u00eame droite Valeurs Actuelles en f\u00e9vrier 2025.<\/p>\n<p>\u00c0 ses c\u00f4t\u00e9s, le n\u00e9ofasciste et ancien ministre de l\u2019int\u00e9rieur Bruno Retailleau, qu\u2019on ne pr\u00e9sente plus. En un an d\u2019exercice, il a multipli\u00e9 les propos et mesures racistes, traqu\u00e9 les \u00e9trangers, d\u00e9ploy\u00e9 la r\u00e9pression la plus dure dans les colonies, brutalis\u00e9 les contestations \u00e9cologistes, sociales et pro-palestiniennes tout en prot\u00e9geant les n\u00e9o-nazis et les plus riches\u2026<\/p>\n<p>Enfin, troisi\u00e8me au tableau, Aurore Berg\u00e9, politicienne issue d\u2019un milieu privil\u00e9gi\u00e9 qui a commenc\u00e9 son engagement politique \u00e0 l\u2019extr\u00eame droite, au sein de l\u2019UNI, un groupuscule \u00e9tudiant qui soutient actuellement Zemmour. Elle a ensuite travaill\u00e9 pour trois agences de communication et de lobbying, puis milit\u00e9 pour Fran\u00e7ois Fillon avant de rejoindre Macron durant la campagne pr\u00e9sidentielle de 2017. D\u00e9put\u00e9e, elle vote en 2019 la proposition de loi d\u2019\u00c9ric Ciotti visant \u00e0 interdire le port du voile aux accompagnantes lors des sorties scolaires. C\u2019est une macroniste de choc, sans \u00e2me ni morale. Sioniste forcen\u00e9e, elle avait m\u00eame appel\u00e9 \u00e0 d\u00e9manteler Amnesty International pour sa d\u00e9nonciation du colonialisme, et appel\u00e9 \u00e0 couper les subventions des associations f\u00e9ministes qui ne seraient pas des porte-paroles de la propagande pro-isra\u00e9lienne.<\/p>\n<p>Voil\u00e0 donc tout ce joli monde qui s\u2019est retrouv\u00e9 ce 14 janvier 2026 \u00e0 la Cit\u00e9 des Congr\u00e8s. Mais le lieu ne s\u2019arr\u00eate pas en si bon chemin\u00a0: le 3 mars prochain, c\u2019est le violeur Ary Abittan qui s\u2019y produit en spectacle. Ce dernier a d\u00e9fray\u00e9 la chronique ces derni\u00e8res semaines en revenant sur les planches. Son spectacle parisien avait \u00e9t\u00e9 chahut\u00e9 par des f\u00e9ministes de Nous Toutes, ses militantes se couvrant le visage avec des masques repr\u00e9sentant le visage du violeur, et scandant \u00abAry Abittan violeur\u00bb, avant d\u2019\u00eatre violemment sorties par des spectateurs et des gardes de s\u00e9curit\u00e9. Brigitte Macron \u00e9tait all\u00e9e le lendemain le soutenir avec sa fille Tiphaine Auzi\u00e8re, affirmant en coulisses : \u00abS\u2019il y a les sales connes, on va les foutre dehors\u00bb, <a href=\"https:\/\/contre-attaque.net\/2025\/12\/08\/brigitte-macron-veut-virer-les-sales-connes-qui-pourraient-perturber-le-spectacle-dary-abittan\/\" target=\"_blank\" rel=\"noopener\">propos qui avaient fait scandale<\/a>.<\/p>\n<p>Ary Abittan a \u00e9t\u00e9 mis en examen en 2021 pour viol. La victime est son ex-compagne de 23 ans, Camille, alors que lui en a 50 pass\u00e9s. Le 31 octobre 2021, il la viole, lui imposant une sodomie non consentie. Elle en sort avec plusieurs plaies vaginales et anales constat\u00e9es par un m\u00e9decin, qui lui donne deux jours d\u2019ITT. Au domicile du violeur, une serviette avec le sang de la victime est retrouv\u00e9e. Un expert psychiatrique confirme que Camille est dans un \u00ab\u00e9tat de stress post-traumatique s\u00e9v\u00e8re en lien direct et certain avec l\u2019agression d\u00e9nonc\u00e9e\u00bb. Mais que vaut la parole d\u2019une jeune fille comme Camille face \u00e0 un homme puissant comme Ary Abittan\u00a0? La justice conclut \u00e0 un non-lieu. Camille fait une tentative de suicide apr\u00e8s l\u2019annonce du non-lieu en 2024, et est hospitalis\u00e9e. En janvier 2025, le non-lieu est confirm\u00e9. Moins d\u2019un an plus tard, le violeur est en tourn\u00e9e dans toute la France.<\/p>\n<p>Ainsi, la Cit\u00e9 des Congr\u00e8s de Nantes semble accueillir ce que le pays a de plus rance\u00a0: des fascistes, des sionistes, des violeurs. Un lieu de culture n\u2019est pas neutre, et en choisissant d\u2019accueillir ces gens, la M\u00e9tropole \u00abrose-verte\u00bb a choisi son camp.<\/p>\n","protected":false},"excerpt":{"rendered":"Pierre-\u00c9douard St\u00e9rin, Bruno Retailleau, Aurore Berg\u00e9, Christelle Moran\u00e7ais, Ary Abittan\u2026 cette salle de la m\u00e9tropole socialiste devenue lieu&hellip;\n","protected":false},"author":2,"featured_media":666612,"comment_status":"","ping_status":"","sticky":false,"template":"","format":"standard","meta":{"footnotes":""},"categories":[2818],"tags":[1111,11,1777,674,16959,1011,27,3434,766,12,3541,2636,25],"class_list":{"0":"post-666611","1":"post","2":"type-post","3":"status-publish","4":"format-standard","5":"has-post-thumbnail","7":"category-nantes","8":"tag-actu","9":"tag-actualites","10":"tag-eu","11":"tag-europe","12":"tag-fascisme","13":"tag-fr","14":"tag-france","15":"tag-municipales-2026","16":"tag-nantes","17":"tag-news","18":"tag-parti-socialiste","19":"tag-pays-de-la-loire","20":"tag-republique-francaise"},"share_on_mastodon":{"url":"https:\/\/pubeurope.com\/@fr\/115902177841668939","error":""},"_links":{"self":[{"href":"https:\/\/www.europesays.com\/fr\/wp-json\/wp\/v2\/posts\/666611","targetHints":{"allow":["GET"]}}],"collection":[{"href":"https:\/\/www.europesays.com\/fr\/wp-json\/wp\/v2\/posts"}],"about":[{"href":"https:\/\/www.europesays.com\/fr\/wp-json\/wp\/v2\/types\/post"}],"author":[{"embeddable":true,"href":"https:\/\/www.europesays.com\/fr\/wp-json\/wp\/v2\/users\/2"}],"replies":[{"embeddable":true,"href":"https:\/\/www.europesays.com\/fr\/wp-json\/wp\/v2\/comments?post=666611"}],"version-history":[{"count":0,"href":"https:\/\/www.europesays.com\/fr\/wp-json\/wp\/v2\/posts\/666611\/revisions"}],"wp:featuredmedia":[{"embeddable":true,"href":"https:\/\/www.europesays.com\/fr\/wp-json\/wp\/v2\/media\/666612"}],"wp:attachment":[{"href":"https:\/\/www.europesays.com\/fr\/wp-json\/wp\/v2\/media?parent=666611"}],"wp:term":[{"taxonomy":"category","embeddable":true,"href":"https:\/\/www.europesays.com\/fr\/wp-json\/wp\/v2\/categories?post=666611"},{"taxonomy":"post_tag","embeddable":true,"href":"https:\/\/www.europesays.com\/fr\/wp-json\/wp\/v2\/tags?post=666611"}],"curies":[{"name":"wp","href":"https:\/\/api.w.org\/{rel}","templated":true}]}}