{"id":666613,"date":"2026-01-16T01:27:15","date_gmt":"2026-01-16T01:27:15","guid":{"rendered":"https:\/\/www.europesays.com\/fr\/666613\/"},"modified":"2026-01-16T01:27:15","modified_gmt":"2026-01-16T01:27:15","slug":"simon-baron-vezilier-leader-de-lunion-saint-bruno","status":"publish","type":"post","link":"https:\/\/www.europesays.com\/fr\/666613\/","title":{"rendered":"Simon Baron-V\u00e9zilier, leader de l\u2019Union Saint-Bruno"},"content":{"rendered":"<p>Apr\u00e8s les cinq rencontres aller, les Bordelais accueillent donc ces Alsaciens prestigieux mais avant-derniers de la poule avec l\u2019intention de faire bonne figure, m\u00eame si les d\u00e9placements chez le leader Strasbourg\u00a0et \u00e0 Aix-en-Provence n\u2019ont pas donn\u00e9 lieu \u00e0 des exploits. \u00ab\u00a0Et pourtant nous nous battons, confirme celui qui est trois fois vainqueur en simple dont deux fois sur le parquet de Bacalan. Je retiens le match contre Noah Haase de Rostrenen (21-18, 14-21,21-10) parce qu\u2019il \u00e9tait en pleine confiance (140e mondial), et parce que\u00a0je l\u2019ai fait craquer dans le troisi\u00e8me en jouant sur la patience que je cultive maintenant plus que mes qualit\u00e9s de vitesse\u2026\u00a0\u00bb<\/p>\n<p>Top 10 fran\u00e7ais et futur infirmier<\/p>\n<p>Les Brunosiens battus\u00a0mais qui d\u00e9crochaient le point du bonus d\u00e9fensif (3-5) puisaient alors l\u2019\u00e9nergie pour tenir une saison Elite pleine d\u2019enseignements en d\u00e9pit de la descente qui se profile. Pas de quoi affoler Simon (10e Fran\u00e7ais et ex 150 mondial en septembre) qui a mis pour l\u2019instant un terme aux tournois, \u00e0 21\u00a0ans.<\/p>\n<p>Arriv\u00e9 la saison derni\u00e8re pour aider le club \u00e0 monter, le natif d\u2019Apt (pr\u00e8s d\u2019Avignon) a pris le virus du volant dans sa famille pour revenir \u00e0 Bordeaux entre divers titres europ\u00e9ens et nationaux jeunes\u00a0ainsi que deux quarts de finale du championnat senior 2023 et 2024 (battu par Christo Popov). Il se pla\u00eet \u00e0 Saint Bruno\u00a0: \u00ab\u00a0Je connaissais ce P\u00f4le France de Talence pour y avoir \u00e9t\u00e9 jusqu\u2019en junior (il fut champion de France) et c\u2019est ici que je peaufine un projet professionnel en parall\u00e8le\u00a0\u00bb, conclut-il. Actuellement en licence de l\u2019IFSI (soins infirmiers \u00e0 Pellegrin), il\u00a0double ses journ\u00e9es avec l\u2019h\u00f4pital mais glisse avec le sourire\u00a0: \u00ab\u00a0J\u2019ai converti quelques amies \u00e9tudiantes qui viendront m\u2019encourager demain\u00a0!\u00a0\u00bb<\/p>\n<p>Le match<\/p>\n","protected":false},"excerpt":{"rendered":"Apr\u00e8s les cinq rencontres aller, les Bordelais accueillent donc ces Alsaciens prestigieux mais avant-derniers de la poule avec&hellip;\n","protected":false},"author":2,"featured_media":666614,"comment_status":"","ping_status":"","sticky":false,"template":"","format":"standard","meta":{"footnotes":""},"categories":[2817],"tags":[1111,11,1997,1777,674,1011,27,12,2219,25],"class_list":{"0":"post-666613","1":"post","2":"type-post","3":"status-publish","4":"format-standard","5":"has-post-thumbnail","7":"category-bordeaux","8":"tag-actu","9":"tag-actualites","10":"tag-bordeaux","11":"tag-eu","12":"tag-europe","13":"tag-fr","14":"tag-france","15":"tag-news","16":"tag-nouvelle-aquitaine","17":"tag-republique-francaise"},"share_on_mastodon":{"url":"https:\/\/pubeurope.com\/@fr\/115902181747303831","error":""},"_links":{"self":[{"href":"https:\/\/www.europesays.com\/fr\/wp-json\/wp\/v2\/posts\/666613","targetHints":{"allow":["GET"]}}],"collection":[{"href":"https:\/\/www.europesays.com\/fr\/wp-json\/wp\/v2\/posts"}],"about":[{"href":"https:\/\/www.europesays.com\/fr\/wp-json\/wp\/v2\/types\/post"}],"author":[{"embeddable":true,"href":"https:\/\/www.europesays.com\/fr\/wp-json\/wp\/v2\/users\/2"}],"replies":[{"embeddable":true,"href":"https:\/\/www.europesays.com\/fr\/wp-json\/wp\/v2\/comments?post=666613"}],"version-history":[{"count":0,"href":"https:\/\/www.europesays.com\/fr\/wp-json\/wp\/v2\/posts\/666613\/revisions"}],"wp:featuredmedia":[{"embeddable":true,"href":"https:\/\/www.europesays.com\/fr\/wp-json\/wp\/v2\/media\/666614"}],"wp:attachment":[{"href":"https:\/\/www.europesays.com\/fr\/wp-json\/wp\/v2\/media?parent=666613"}],"wp:term":[{"taxonomy":"category","embeddable":true,"href":"https:\/\/www.europesays.com\/fr\/wp-json\/wp\/v2\/categories?post=666613"},{"taxonomy":"post_tag","embeddable":true,"href":"https:\/\/www.europesays.com\/fr\/wp-json\/wp\/v2\/tags?post=666613"}],"curies":[{"name":"wp","href":"https:\/\/api.w.org\/{rel}","templated":true}]}}