{"id":666615,"date":"2026-01-16T01:28:23","date_gmt":"2026-01-16T01:28:23","guid":{"rendered":"https:\/\/www.europesays.com\/fr\/666615\/"},"modified":"2026-01-16T01:28:23","modified_gmt":"2026-01-16T01:28:23","slug":"a-bordeaux-une-nouvelle-reglementation-pour-les-terrasses","status":"publish","type":"post","link":"https:\/\/www.europesays.com\/fr\/666615\/","title":{"rendered":"\u00c0 Bordeaux, une nouvelle r\u00e9glementation pour les terrasses"},"content":{"rendered":"<p>Charlotte Fonnier, g\u00e9rante de \u00ab\u00a0Charlotte \u00e0 Croquer\u00a0\u00bb peut accueillir jusqu\u2019\u00e0 30 clients par jour sur sa terrasse de quatre m\u00e8tres carr\u00e9s. Avec la nouvelle r\u00e9glementation, elle doit prendre ses dispositions. \u00ab\u00a0On a une obligation de d\u00e9limitation au m\u00e8tre carr\u00e9 qu\u2019on doit respecter, d\u00e9j\u00e0 pour les riverains, pour les personnes qui habitent \u00e0 c\u00f4t\u00e9, pour qu\u2019ils puissent sortir facilement, pour les v\u00e9hicules \u00e9galement, qui passent r\u00e9guli\u00e8rement, et pour le respect du voisinage et des autres commer\u00e7ants\u00a0\u00bb explique-t-elle.<\/p>\n<p>En cinq ans, le nombre de terrasses \u00e0 Bordeaux a augment\u00e9 de 22\u00a0% pour atteindre aujourd\u2019hui, plus de 1\u00a0000 installations. Cons\u00e9quence de cette attractivit\u00e9, la ville doit adapter la r\u00e9glementation. En cas de non-respect du r\u00e8glement, un commer\u00e7ant s\u2019expose \u00e0 un rappel \u00e0 l\u2019ordre ou \u00e0 la suspension de son autorisation pouvant entra\u00eener une fermeture temporaire.<\/p>\n","protected":false},"excerpt":{"rendered":"Charlotte Fonnier, g\u00e9rante de \u00ab\u00a0Charlotte \u00e0 Croquer\u00a0\u00bb peut accueillir jusqu\u2019\u00e0 30 clients par jour sur sa terrasse de&hellip;\n","protected":false},"author":2,"featured_media":666616,"comment_status":"","ping_status":"","sticky":false,"template":"","format":"standard","meta":{"footnotes":""},"categories":[2817],"tags":[1111,11,1997,1777,674,1011,27,12,2219,25],"class_list":{"0":"post-666615","1":"post","2":"type-post","3":"status-publish","4":"format-standard","5":"has-post-thumbnail","7":"category-bordeaux","8":"tag-actu","9":"tag-actualites","10":"tag-bordeaux","11":"tag-eu","12":"tag-europe","13":"tag-fr","14":"tag-france","15":"tag-news","16":"tag-nouvelle-aquitaine","17":"tag-republique-francaise"},"share_on_mastodon":{"url":"https:\/\/pubeurope.com\/@fr\/115902185649854671","error":""},"_links":{"self":[{"href":"https:\/\/www.europesays.com\/fr\/wp-json\/wp\/v2\/posts\/666615","targetHints":{"allow":["GET"]}}],"collection":[{"href":"https:\/\/www.europesays.com\/fr\/wp-json\/wp\/v2\/posts"}],"about":[{"href":"https:\/\/www.europesays.com\/fr\/wp-json\/wp\/v2\/types\/post"}],"author":[{"embeddable":true,"href":"https:\/\/www.europesays.com\/fr\/wp-json\/wp\/v2\/users\/2"}],"replies":[{"embeddable":true,"href":"https:\/\/www.europesays.com\/fr\/wp-json\/wp\/v2\/comments?post=666615"}],"version-history":[{"count":0,"href":"https:\/\/www.europesays.com\/fr\/wp-json\/wp\/v2\/posts\/666615\/revisions"}],"wp:featuredmedia":[{"embeddable":true,"href":"https:\/\/www.europesays.com\/fr\/wp-json\/wp\/v2\/media\/666616"}],"wp:attachment":[{"href":"https:\/\/www.europesays.com\/fr\/wp-json\/wp\/v2\/media?parent=666615"}],"wp:term":[{"taxonomy":"category","embeddable":true,"href":"https:\/\/www.europesays.com\/fr\/wp-json\/wp\/v2\/categories?post=666615"},{"taxonomy":"post_tag","embeddable":true,"href":"https:\/\/www.europesays.com\/fr\/wp-json\/wp\/v2\/tags?post=666615"}],"curies":[{"name":"wp","href":"https:\/\/api.w.org\/{rel}","templated":true}]}}