{"id":666617,"date":"2026-01-16T01:29:12","date_gmt":"2026-01-16T01:29:12","guid":{"rendered":"https:\/\/www.europesays.com\/fr\/666617\/"},"modified":"2026-01-16T01:29:12","modified_gmt":"2026-01-16T01:29:12","slug":"encore-une-annee-noire-au-tribunal-de-commerce-de-toulouse","status":"publish","type":"post","link":"https:\/\/www.europesays.com\/fr\/666617\/","title":{"rendered":"encore une ann\u00e9e noire au tribunal de commerce de Toulouse"},"content":{"rendered":"<p>Au tribunal de commerce de Toulouse, le bilan de l\u2019ann\u00e9e \u00e9coul\u00e9e confirme les craintes\u00a0: avec 1351 proc\u00e9dures collectives ouvertes, dont 904 liquidations et 398 redressements judiciaires, les d\u00e9faillances d\u2019entreprises atteignent pour la troisi\u00e8me ann\u00e9e cons\u00e9cutive un niveau record. La construction (22,21\u00a0%), le commerce (19,47\u00a0%) et l\u2019h\u00f4tellerie-restauration (14,06\u00a0%) restent les secteurs les plus touch\u00e9s, dans des proportions comparables \u00e0 2024. \u00ab\u00a0L\u2019industrie, et en particulier l\u2019a\u00e9ronautique, demeure sur une ligne de cr\u00eate\u00a0\u00bb, alerte Philippe Dedieu, pr\u00e9sident de la juridiction consulaire.<\/p>\n<p>De l\u2019autre c\u00f4t\u00e9 du miroir, la dynamique entrepreneuriale se poursuit puisque 16.862 cr\u00e9ations, dont 7256 soci\u00e9t\u00e9s commerciales, ont \u00e9t\u00e9 enregistr\u00e9es en 2025, en hausse de 11\u00a0%. Mais les radiations (7606) ont grimp\u00e9 de 15\u00a0% et le pr\u00e9sident ne cache pas sa r\u00e9serve. \u00ab\u00a0Les immatriculations n\u2019entra\u00eenent pas forc\u00e9ment de cr\u00e9ations d\u2019emplois. L\u2019activit\u00e9 manufacturi\u00e8re reste en queue de peloton\u00a0\u00bb, d\u00e9plore-t-il. La \u00ab\u00a0faiblesse structurelle\u00a0\u00bb des entreprises inqui\u00e8te dans un contexte de \u00ab\u00a0perspectives \u00e9conomiques incertaines\u00a0\u00bb, accentu\u00e9 par les \u00e9ch\u00e9ances \u00e9lectorales.<\/p>\n<p>Utiliser les proc\u00e9dures amiables \u00e0 leur pleine puissance, un \u00ab\u00a0voeu pieux\u00a0\u00bb<\/p>\n<p>L\u2019an dernier, Philippe Dedieu avait souhait\u00e9 le d\u00e9veloppement des proc\u00e9dures amiables\u00a0; en 2026, le pr\u00e9sident r\u00e9it\u00e8re car le compte n\u2019y est pas\u00a0: certes, les mandat ad hoc et les conciliations progressent avec au total 162 dossiers ouverts contre 119 en 2024, affichant un taux de succ\u00e8s de 80\u00a0%. <br class=\"autobr\"\/><br \/>\nToutefois, leur nombre reste bien trop faible au regard du volume des proc\u00e9dures collectives. <br class=\"autobr\"\/><br \/>\nEn cause, une sollicitation trop tardive. La procureure V\u00e9ronique Benlafquih rappelle que \u00ab\u00a0la conciliation est vou\u00e9e \u00e0 l\u2019\u00e9chec lorsque la situation de l\u2019entreprise est tr\u00e8s d\u00e9grad\u00e9e\u00a0\u00bb. Le pr\u00e9sident pr\u00f4ne aussi une am\u00e9lioration des dispositifs\u00a0: prise en charge de leur dimension sociale et allongement du d\u00e9lai de conciliation, \u00ab\u00a0manifestement trop court\u00a0\u00bb.<\/p>\n<p>2026\u00a0: lutte contre le blanchiment et recrutement<\/p>\n<p>Pour l\u2019ann\u00e9e en cours, la lutte contre le blanchiment se place au premier rang des priorit\u00e9s. Le tribunal compte \u00e9galement acc\u00e9l\u00e9rer le d\u00e9ploiement des Classes de parties affect\u00e9es, ce dispositif qui permet, pour certaines soci\u00e9t\u00e9s de taille notable, d\u2019\u00e9largir le champ des acteurs consult\u00e9s lors d\u2019une proc\u00e9dure collective. Une \u00ab\u00a0innovation majeure\u00a0\u00bb, salu\u00e9e par les magistrats, qui a permis la mise en place de plans de redressements inconcevables dans un cadre classique.<\/p>\n<p>En interne, on se souhaite de \u00ab\u00a0bien fonctionner malgr\u00e9 les travaux\u00a0\u00bb qui d\u00e9marreront prochainement, et d\u2019int\u00e9grer de nouvelles recrues. Un parcours de recrutement innovant a \u00e9t\u00e9 mis en place l\u2019an dernier, comprenant des immersions d\u2019un ou deux jours. \u00ab\u00a0La m\u00e9thode a fonctionn\u00e9\u00a0\u00bb, se f\u00e9licite le pr\u00e9sident. \u00c0 l\u2019occasion de la rentr\u00e9e solennelle, huit nouveaux juges ont \u00e9t\u00e9 install\u00e9s (dont une seule femme), portant l\u2019effectif \u00e0 56 magistrats sur 58 postes statutaires.<\/p>\n<p>Enfin, 2026 sera aussi une ann\u00e9e de rassemblement, avec la tenue le 11\u00a0juin du congr\u00e8s r\u00e9gional des treize tribunaux de commerce d\u2019Occitanie. Il sera accueilli par l\u2019universit\u00e9 Toulouse Capitole.<br class=\"autobr\"\/><br \/>\nMarie-Dominique Lacour<\/p>\n<p>Sur la photo\u00a0: Mercredi 14\u00a0janvier 2026, Philippe Dedieu (au centre), pr\u00e9sident du tribunal de commerce de Toulouse, dresse le bilan d\u2019une difficile ann\u00e9e 2025. Cr\u00e9dit photo\u00a0: M.-D. L.-Toul\u00c9co.<\/p>\n","protected":false},"excerpt":{"rendered":"Au tribunal de commerce de Toulouse, le bilan de l\u2019ann\u00e9e \u00e9coul\u00e9e confirme les craintes\u00a0: avec 1351 proc\u00e9dures collectives&hellip;\n","protected":false},"author":2,"featured_media":666618,"comment_status":"","ping_status":"","sticky":false,"template":"","format":"standard","meta":{"footnotes":""},"categories":[2816],"tags":[1111,11,215,6084,257,1777,674,1011,27,12,2680,25,2312,76681],"class_list":{"0":"post-666617","1":"post","2":"type-post","3":"status-publish","4":"format-standard","5":"has-post-thumbnail","7":"category-toulouse","8":"tag-actu","9":"tag-actualites","10":"tag-commerce","11":"tag-droit","12":"tag-entreprise","13":"tag-eu","14":"tag-europe","15":"tag-fr","16":"tag-france","17":"tag-news","18":"tag-occitanie","19":"tag-republique-francaise","20":"tag-toulouse","21":"tag-tribunal-de-commerce-de-toulouse"},"share_on_mastodon":{"url":"https:\/\/pubeurope.com\/@fr\/115902189619250623","error":""},"_links":{"self":[{"href":"https:\/\/www.europesays.com\/fr\/wp-json\/wp\/v2\/posts\/666617","targetHints":{"allow":["GET"]}}],"collection":[{"href":"https:\/\/www.europesays.com\/fr\/wp-json\/wp\/v2\/posts"}],"about":[{"href":"https:\/\/www.europesays.com\/fr\/wp-json\/wp\/v2\/types\/post"}],"author":[{"embeddable":true,"href":"https:\/\/www.europesays.com\/fr\/wp-json\/wp\/v2\/users\/2"}],"replies":[{"embeddable":true,"href":"https:\/\/www.europesays.com\/fr\/wp-json\/wp\/v2\/comments?post=666617"}],"version-history":[{"count":0,"href":"https:\/\/www.europesays.com\/fr\/wp-json\/wp\/v2\/posts\/666617\/revisions"}],"wp:featuredmedia":[{"embeddable":true,"href":"https:\/\/www.europesays.com\/fr\/wp-json\/wp\/v2\/media\/666618"}],"wp:attachment":[{"href":"https:\/\/www.europesays.com\/fr\/wp-json\/wp\/v2\/media?parent=666617"}],"wp:term":[{"taxonomy":"category","embeddable":true,"href":"https:\/\/www.europesays.com\/fr\/wp-json\/wp\/v2\/categories?post=666617"},{"taxonomy":"post_tag","embeddable":true,"href":"https:\/\/www.europesays.com\/fr\/wp-json\/wp\/v2\/tags?post=666617"}],"curies":[{"name":"wp","href":"https:\/\/api.w.org\/{rel}","templated":true}]}}