{"id":666619,"date":"2026-01-16T01:30:15","date_gmt":"2026-01-16T01:30:15","guid":{"rendered":"https:\/\/www.europesays.com\/fr\/666619\/"},"modified":"2026-01-16T01:30:15","modified_gmt":"2026-01-16T01:30:15","slug":"ces-8-candidats-du-npa-qui-sengagent-avec-francois-piquemal","status":"publish","type":"post","link":"https:\/\/www.europesays.com\/fr\/666619\/","title":{"rendered":"ces 8 candidats du NPA qui s\u2019engagent avec Fran\u00e7ois Piquemal"},"content":{"rendered":"<p><strong>Le NPA a pr\u00e9sent\u00e9 les candidats du parti qui seront aux c\u00f4t\u00e9s de Fran\u00e7ois Piquemal sur la liste Demain Toulouse pour les Municipales 2026. Huit candidats issus de parcours divers porteront les id\u00e9es anticapitalistes en appelant \u00e0 la solidarit\u00e9 et \u00e0 l\u2019unit\u00e9 de la gauche face au maire sortant.<\/strong><\/p>\n<p><img fetchpriority=\"high\" decoding=\"async\" width=\"1200\" height=\"529\" src=\"https:\/\/www.europesays.com\/fr\/wp-content\/uploads\/2026\/01\/candidats-NPA.jpg\" alt=\"Madeleine Parpet, Thomas Sommer, Nathalie Gaspard, Franck Gaudichaud, Ioanna Kouranti, Quentin Walder, Gabriela Forzy et Estelle Joannin du NPA sont sur la liste Demain Toulouse.\"  \/><\/p>\n<p>Madeleine Parpet, Thomas Sommer, Nathalie Gaspard, Franck Gaudichaud, Ioanna Kouranti, Quentin Walder, Gabriela Forzy et Estelle Joannin du NPA sont sur la liste Demain Toulouse. \u00a9NPA<\/p>\n<p>Le Nouveau Parti Anticapitaliste (NPA) a officialis\u00e9 sa participation aux \u00e9lections municipales de Toulouse en pr\u00e9sentant les huit candidats pr\u00e9sents sur <a href=\"https:\/\/www.lejournaltoulousain.fr\/occitanie\/haute-garonne\/toulouse\/demain-toulouse-liste-raliement-351713\/\" target=\"_blank\" rel=\"noopener\">la liste <strong>Demain Toulouse<\/strong><\/a>, men\u00e9e par Fran\u00e7ois Piquemal. <\/p>\n<p>Les candidats repr\u00e9sentent une diversit\u00e9 de parcours et de professions : <strong>Madeleine Parpet, Thomas Sommer, Nathalie Gaspard, Franck Gaudichaud, Ioanna Kouranti, Quentin Walder, Gabriela Forzy et Estelle Joannin<\/strong>. On retrouve parmi eux des cheminotes, enseignants, ing\u00e9nieurs, ouvriers, infirmiers, \u00e9tudiants et personnes en situation pr\u00e9caire. Le NPA souligne que ces profils incarnent <a href=\"https:\/\/npa31.org\/En-campagne\/municipales-2026\/article\/a-toulouse-aussi-faisons-front-populaire\" target=\"_blank\" rel=\"noopener\">ses <strong>valeurs anticapitalistes, communalistes et \u00e9co-socialistes<\/strong><\/a>, qu\u2019ils souhaitent porter au c\u0153ur de la campagne municipale.<\/p>\n<p>Une campagne centr\u00e9e sur la solidarit\u00e9 et la r\u00e9sistance<\/p>\n<p>Selon le parti, la campagne a deux objectifs principaux. D\u2019une part, \u00ab continuer \u00e0 montrer la n\u00e9cessit\u00e9 de <strong>rompre avec un syst\u00e8me capitaliste<\/strong> pr\u00e9dateur, de plus en plus autoritaire et violent \u00bb. D\u2019autre part, il s\u2019agit de transformer Toulouse en \u00ab ville de<strong> r\u00e9sistance \u00e0 l\u2019aust\u00e9rit\u00e9, \u00e0 la mont\u00e9e du fascisme et \u00e0 la guerre<\/strong> \u00bb, en favorisant une cit\u00e9 solidaire et inclusive, tourn\u00e9e vers les habitants, les jeunes et les travailleurs.<\/p>\n<p>Le NPA insiste \u00e9galement sur la n\u00e9cessit\u00e9 de l\u2019unit\u00e9 de la gauche. La liste <strong>Demain Toulouse<\/strong> a \u00e9t\u00e9 constitu\u00e9e en alliance avec La France Insoumise, l\u2019Assembl\u00e9e des Quartiers Populaires, Tous pour Toulouse, D\u00e9mocratie en Commun et le Collectif pour une \u00e9cologie populaire. Le parti estime cependant qu\u2019il s\u2019agit \u00ab d\u2019un premier pas \u00bb et que la campagne devra s\u2019\u00e9largir pour esp\u00e9rer concurrencer le maire sortant, Jean-Luc Moudenc.<\/p>\n<p>Pour le NPA, ces Municipales sont l\u2019occasion de donner une visibilit\u00e9 \u00e0 <strong>des candidats issus de la diversit\u00e9 sociale et professionnelle de la ville<\/strong>, tout en mettant en avant des propositions ax\u00e9es sur la justice sociale et la transition \u00e9cologique. <\/p>\n","protected":false},"excerpt":{"rendered":"Le NPA a pr\u00e9sent\u00e9 les candidats du parti qui seront aux c\u00f4t\u00e9s de Fran\u00e7ois Piquemal sur la liste&hellip;\n","protected":false},"author":2,"featured_media":666620,"comment_status":"","ping_status":"","sticky":false,"template":"","format":"standard","meta":{"footnotes":""},"categories":[2816],"tags":[1111,11,1777,674,1011,27,76682,12,2680,25,2312],"class_list":{"0":"post-666619","1":"post","2":"type-post","3":"status-publish","4":"format-standard","5":"has-post-thumbnail","7":"category-toulouse","8":"tag-actu","9":"tag-actualites","10":"tag-eu","11":"tag-europe","12":"tag-fr","13":"tag-france","14":"tag-municipales-u00e0-toulouse-ces-8-candidats-du-npa-qui-su2019engagent-avec-franu00e7ois-piquemal","15":"tag-news","16":"tag-occitanie","17":"tag-republique-francaise","18":"tag-toulouse"},"share_on_mastodon":{"url":"https:\/\/pubeurope.com\/@fr\/115902193697856810","error":""},"_links":{"self":[{"href":"https:\/\/www.europesays.com\/fr\/wp-json\/wp\/v2\/posts\/666619","targetHints":{"allow":["GET"]}}],"collection":[{"href":"https:\/\/www.europesays.com\/fr\/wp-json\/wp\/v2\/posts"}],"about":[{"href":"https:\/\/www.europesays.com\/fr\/wp-json\/wp\/v2\/types\/post"}],"author":[{"embeddable":true,"href":"https:\/\/www.europesays.com\/fr\/wp-json\/wp\/v2\/users\/2"}],"replies":[{"embeddable":true,"href":"https:\/\/www.europesays.com\/fr\/wp-json\/wp\/v2\/comments?post=666619"}],"version-history":[{"count":0,"href":"https:\/\/www.europesays.com\/fr\/wp-json\/wp\/v2\/posts\/666619\/revisions"}],"wp:featuredmedia":[{"embeddable":true,"href":"https:\/\/www.europesays.com\/fr\/wp-json\/wp\/v2\/media\/666620"}],"wp:attachment":[{"href":"https:\/\/www.europesays.com\/fr\/wp-json\/wp\/v2\/media?parent=666619"}],"wp:term":[{"taxonomy":"category","embeddable":true,"href":"https:\/\/www.europesays.com\/fr\/wp-json\/wp\/v2\/categories?post=666619"},{"taxonomy":"post_tag","embeddable":true,"href":"https:\/\/www.europesays.com\/fr\/wp-json\/wp\/v2\/tags?post=666619"}],"curies":[{"name":"wp","href":"https:\/\/api.w.org\/{rel}","templated":true}]}}