{"id":666621,"date":"2026-01-16T01:31:17","date_gmt":"2026-01-16T01:31:17","guid":{"rendered":"https:\/\/www.europesays.com\/fr\/666621\/"},"modified":"2026-01-16T01:31:17","modified_gmt":"2026-01-16T01:31:17","slug":"decouvrez-nos-10-idees-de-sorties-a-lille-et-aux-alentours-pour-passer-un-week-end-sympa","status":"publish","type":"post","link":"https:\/\/www.europesays.com\/fr\/666621\/","title":{"rendered":"D\u00e9couvrez nos 10 id\u00e9es de sorties \u00e0 Lille et aux alentours pour passer un week-end sympa\u00a0!"},"content":{"rendered":"<p>                    Par<br \/>\n        <strong><br \/>\n            <a href=\"https:\/\/actu.fr\/auteur\/nicolas-demollien\" title=\"Consulter tous les articles de Nicolas Demollien\" target=\"_blank\" rel=\"noopener\">Nicolas Demollien<\/a><br \/>\n                    <\/strong><\/p>\n<p>        Publi\u00e9 le<\/p>\n<p>            15 janv. 2026 \u00e0 17h27        <\/p>\n<p>En manque d\u2019inspiration pour le <b>week-end<\/b> qui se profile ces <b>samedi 17 et dimanche 18 janvier 2026<\/b> ? Nous pouvons vous aider \u00e0 passer de super moments gr\u00e2ce \u00e0 nos <b>10 id\u00e9es de sorties<\/b> \u00e0 <a href=\"https:\/\/actu.fr\/hauts-de-france\/lille_59350\" target=\"_blank\" rel=\"noopener\">Lille<\/a> (Nord) mais aussi aux alentours. Il ne vous reste plus qu\u2019\u00e0 choisir !<\/p>\n<p>10 id\u00e9es de sorties \u00e0 Lille pour le week-end<\/p>\n<ul class=\" wall-content\">\n<li><a href=\"https:\/\/actu.fr\/loisirs-culture\/ou-chiner-le-week-end-des-17-et-18-janvier-voici-les-brocantes-organisees-dans-le-nord-pas-de-calais_63686418.html\" target=\"_blank\" rel=\"noopener\">O\u00f9 chiner le week-end des 17 et 18 janvier ? Voici les brocantes organis\u00e9es dans le Nord \u2013 Pas-de-Calais<\/a><\/li>\n<\/ul>\n<p class=\" wall-content\">Le week-end des 17 et 18\u00a0janvier 2026, plusieurs brocantes, vide-greniers et braderies sont organis\u00e9s dans le Nord et le Pas-de-Calais. Voici la liste des \u00e9v\u00e9nements pr\u00e9vus.<\/p>\n<ul class=\" wall-content\">\n<li><a href=\"https:\/\/actu.fr\/hauts-de-france\/tourcoing_59599\/en-plein-souk-de-bagdad-comment-cette-expo-pres-de-lille-a-ete-concue-avec-lediteur-dassassins-creed_63670905.html\" target=\"_blank\" rel=\"noopener\">En plein souk de Bagdad : comment cette expo pr\u00e8s de Lille a \u00e9t\u00e9 con\u00e7ue avec l\u2019\u00e9diteur d\u2019Assassin\u2019s Creed<\/a><\/li>\n<\/ul>\n<p class=\" wall-content\">Une expo remarquable est visible dans la m\u00e9tropole de Lille, \u00e0 l\u2019IMA de Tourcoing. Elle a \u00e9t\u00e9 con\u00e7ue par un commissariat d\u2019exposition in\u00e9dit liant mus\u00e9e et \u00e9diteur de jeu vid\u00e9o.<\/p>\n<ul class=\" wall-content\">\n<li><a href=\"https:\/\/actu.fr\/hauts-de-france\/lille_59350\/couture-crochet-broderie-lille-grand-palais-se-transforme-en-temple-des-loisirs-creatifs-pendant-4-jours_63651278.html\" target=\"_blank\" rel=\"noopener\">Couture, crochet, broderie\u2026 Lille Grand Palais se transforme en temple des loisirs cr\u00e9atifs pendant 4 jours<\/a><\/li>\n<\/ul>\n<p class=\" wall-content\">Avis aux addicts du \u00ab\u00a0\u2009DIY\u2009\u00a0\u00bb\u2009: un salon d\u00e9di\u00e9 aux loisirs cr\u00e9atifs arrive \u00e0 Lille (Nord) d\u00e9but 2026. Au programme\u2009: des cr\u00e9ations pr\u00e9sent\u00e9es par leurs cr\u00e9ateurs et des ateliers\u2009!<\/p>\n<p>Votre r\u00e9gion, votre actu !<\/p>\n<p>Recevez chaque jour les infos qui comptent pour vous.<\/p>\n<p>\t<a href=\"https:\/\/actu.fr\/newsletter\" class=\"ac-btn ac-btn--corner ac-btn--medium ac-btn--blue800\" target=\"_blank\" rel=\"noopener\">S&rsquo;incrire<\/a><\/p>\n<ul class=\" wall-content\">\n<li><a href=\"https:\/\/actu.fr\/loisirs-culture\/a-moins-de-2-heures-de-lille-cette-ville-belge-elue-4e-meilleure-destination-culturelle-en-europe-en-2026_63680717.html\" target=\"_blank\" rel=\"noopener\">\u00c0 moins de 2 heures de Lille, cette ville belge \u00e9lue 4e meilleure destination culturelle en Europe en 2026<\/a><\/li>\n<\/ul>\n<p class=\" wall-content\">Le d\u00e9paysement est \u00e0 moins de 2 h de Lille (Nord) : une ville de Belgique est class\u00e9e 4e dans le prestigieux top 10 des villes culturelles europ\u00e9ennes \u00e0 voir absolument en 2026.<\/p>\n<ul class=\" wall-content\">\n<li><a href=\"https:\/\/actu.fr\/hauts-de-france\/lille_59350\/decors-nombreux-et-colores-degustation-de-bonbons-on-a-teste-lescape-game-la-chocolaterie-a-lille_63671933.html\" target=\"_blank\" rel=\"noopener\">D\u00e9cors nombreux et color\u00e9s, d\u00e9gustation de bonbons : on a test\u00e9 l\u2019escape game La Chocolaterie \u00e0 Lille<\/a><\/li>\n<\/ul>\n<p class=\" wall-content\">Nouveaut\u00e9 de 2025, l\u2019escape game La Chocolaterie a rejoint l\u2019univers Team Break \u00e0 Lille (Nord). Avec ses d\u00e9cors multiples et color\u00e9s, voici ce qui attend les joueurs (gourmands).<\/p>\n<ul class=\" wall-content\">\n<li><a href=\"https:\/\/actu.fr\/hauts-de-france\/dunkerque_59183\/carnaval-de-dunkerque-2026-voici-toutes-les-dates-a-connaitre_63652459.html\" target=\"_blank\" rel=\"noopener\">Carnaval de Dunkerque 2026 : voici toutes les dates \u00e0 conna\u00eetre<\/a><\/li>\n<\/ul>\n<p class=\" wall-content\">Le Carnaval de Dunkerque (Nord) est de retour cette ann\u00e9e\u2009! Voici les dates cl\u00e9s \u00e0 conna\u00eetre pour cette \u00e9dition 2026 qui s\u2019annonce comme toujours haute en couleurs !<\/p>\n<ul class=\" wall-content\">\n<li><a href=\"https:\/\/actu.fr\/hauts-de-france\/lille_59350\/geants-mode-expo-lego-creations-audiovisuelles-ces-expos-encore-visibles-debut-2026-a-lille_63629864.html\" target=\"_blank\" rel=\"noopener\">G\u00e9ants, mode, expo LEGO\u00ae, cr\u00e9ations audiovisuelles\u2026 Ces expos encore visibles d\u00e9but 2026 \u00e0 Lille<\/a><\/li>\n<\/ul>\n<p class=\" wall-content\">Envie de profiter des prochains jours pour visiter une exposition\u2009? Dans la m\u00e9tropole de Lille (Nord), plusieurs installations temporaires sont \u00e0 voir jusqu\u2019en d\u00e9but d\u2019ann\u00e9e 2026.<\/p>\n<ul class=\" wall-content\">\n<li><a href=\"https:\/\/actu.fr\/hauts-de-france\/croix_59163\/idee-de-balade-a-moins-de-10-km-de-lille-les-jardins-mallet-stevens-de-croix_40562087.html\" target=\"_blank\" rel=\"noopener\">Id\u00e9e de balade \u00e0 moins de 10 km de Lille : les jardins Mallet-Stevens de Croix<\/a><\/li>\n<\/ul>\n<p class=\" wall-content\">Vous avez envie d\u2019une balade autour de Lille (Nord) mais avez l\u2019impression d\u2019avoir un peu tout explor\u00e9 ? Connaissez-vous les jardins Mallet-Stevens \u00e0 Croix ? On vous emm\u00e8ne.<\/p>\n<ul class=\" wall-content\">\n<li><a href=\"https:\/\/actu.fr\/hauts-de-france\/lille_59350\/moulin-estaminet-mine-decouvrez-une-incroyable-creche-regionale-chti-a-leglise-saint-etienne-de-lille_63511949.html\" target=\"_blank\" rel=\"noopener\">Moulin, estaminet, mine\u2026 D\u00e9couvrez une incroyable cr\u00e8che r\u00e9gionale ch\u2019ti \u00e0 l\u2019\u00e9glise Saint-Etienne de Lille<\/a><\/li>\n<\/ul>\n<p class=\" wall-content\">Nous connaissons tous les cr\u00e8ches proven\u00e7ales avec les fameux santons li\u00e9s \u00e0 cette r\u00e9gion. L\u2019\u00e9glise Saint-Etienne de Lille veut la concurrencer avec sa cr\u00e8che ch\u2019ti jusque f\u00e9vrier.<\/p>\n<ul class=\" wall-content\">\n<li><a href=\"https:\/\/actu.fr\/hauts-de-france\/armentieres_59017\/patrimoine-armentieres-cite-de-la-toile-et-de-la-biere-mais-surtout-de-la-brique-dargile_63607626.html\" target=\"_blank\" rel=\"noopener\">Patrimoine. Armenti\u00e8res, cit\u00e9 de la toile et de la bi\u00e8re, mais surtout de la brique d\u2019argile !<\/a><\/li>\n<\/ul>\n<p class=\" wall-content\">Armenti\u00e8res, son beffroi, son pass\u00e9 brassicole et textile, ses \u00e9glises\u2026 Voil\u00e0 une belle balade dans celle que l\u2019on surnomme \u00ab\u00a0\u2009Cit\u00e9 de la toile\u2009\u00a0\u00bb.<\/p>\n<p class=\" wall-content\">Personnalisez votre actualit\u00e9 en ajoutant vos villes et m\u00e9dias en favori avec <a href=\"https:\/\/moncompte.actu.fr\" title=\"D\u00e9couvez Mon Actu\" rel=\"nofollow noopener\" data-trk=\"{&quot;cta&quot;:{&quot;action&quot;:&quot;https:\\\/\\\/moncompte.actu.fr&quot;,&quot;category&quot;:&quot;mon compte&quot;,&quot;from&quot;:&quot;article footer&quot;,&quot;name&quot;:&quot;Mon actu&quot;,&quot;type&quot;:&quot;cta&quot;}}\" target=\"_blank\">Mon Actu<\/a>.<\/p>\n","protected":false},"excerpt":{"rendered":"Par Nicolas Demollien Publi\u00e9 le 15 janv. 2026 \u00e0 17h27 En manque d\u2019inspiration pour le week-end qui se&hellip;\n","protected":false},"author":2,"featured_media":666622,"comment_status":"","ping_status":"","sticky":false,"template":"","format":"standard","meta":{"footnotes":""},"categories":[2815],"tags":[1111,11,1777,674,1011,27,811,1307,1652,12,25],"class_list":{"0":"post-666621","1":"post","2":"type-post","3":"status-publish","4":"format-standard","5":"has-post-thumbnail","7":"category-lille","8":"tag-actu","9":"tag-actualites","10":"tag-eu","11":"tag-europe","12":"tag-fr","13":"tag-france","14":"tag-hauts-de-france","15":"tag-lille","16":"tag-loisirs-culture","17":"tag-news","18":"tag-republique-francaise"},"share_on_mastodon":{"url":"https:\/\/pubeurope.com\/@fr\/115902197466943764","error":""},"_links":{"self":[{"href":"https:\/\/www.europesays.com\/fr\/wp-json\/wp\/v2\/posts\/666621","targetHints":{"allow":["GET"]}}],"collection":[{"href":"https:\/\/www.europesays.com\/fr\/wp-json\/wp\/v2\/posts"}],"about":[{"href":"https:\/\/www.europesays.com\/fr\/wp-json\/wp\/v2\/types\/post"}],"author":[{"embeddable":true,"href":"https:\/\/www.europesays.com\/fr\/wp-json\/wp\/v2\/users\/2"}],"replies":[{"embeddable":true,"href":"https:\/\/www.europesays.com\/fr\/wp-json\/wp\/v2\/comments?post=666621"}],"version-history":[{"count":0,"href":"https:\/\/www.europesays.com\/fr\/wp-json\/wp\/v2\/posts\/666621\/revisions"}],"wp:featuredmedia":[{"embeddable":true,"href":"https:\/\/www.europesays.com\/fr\/wp-json\/wp\/v2\/media\/666622"}],"wp:attachment":[{"href":"https:\/\/www.europesays.com\/fr\/wp-json\/wp\/v2\/media?parent=666621"}],"wp:term":[{"taxonomy":"category","embeddable":true,"href":"https:\/\/www.europesays.com\/fr\/wp-json\/wp\/v2\/categories?post=666621"},{"taxonomy":"post_tag","embeddable":true,"href":"https:\/\/www.europesays.com\/fr\/wp-json\/wp\/v2\/tags?post=666621"}],"curies":[{"name":"wp","href":"https:\/\/api.w.org\/{rel}","templated":true}]}}